{"id":2212,"date":"2015-05-31T20:07:43","date_gmt":"2015-05-31T18:07:43","guid":{"rendered":"http:\/\/www.ilmondodeitreni.it\/blog\/?p=2212"},"modified":"2020-02-17T23:15:23","modified_gmt":"2020-02-17T22:15:23","slug":"treno-dei-bambini-francesco-solo-gesu-vi-fa-volare-liberi","status":"publish","type":"post","link":"https:\/\/www.ilmondodeitreni.it\/blog\/?p=2212","title":{"rendered":"Treno dei bambini. Francesco: solo Ges\u00f9 vi fa volare liberi"},"content":{"rendered":"<p style=\"text-align: justify;\"><a href=\"http:\/\/www.ilmondodeitreni.it\/blog\/wp-content\/uploads\/2015\/05\/pf_0011.jpg\"><img loading=\"lazy\" decoding=\"async\" class=\"alignleft size-thumbnail wp-image-2213\" src=\"http:\/\/www.ilmondodeitreni.it\/blog\/wp-content\/uploads\/2015\/05\/pf_0011-160x107.jpg\" alt=\"pf_001\" width=\"160\" height=\"107\" srcset=\"https:\/\/www.ilmondodeitreni.it\/blog\/wp-content\/uploads\/2015\/05\/pf_0011-160x107.jpg 160w, https:\/\/www.ilmondodeitreni.it\/blog\/wp-content\/uploads\/2015\/05\/pf_0011.jpg 640w, https:\/\/www.ilmondodeitreni.it\/blog\/wp-content\/uploads\/2015\/05\/pf_0011-225x150.jpg 225w, https:\/\/www.ilmondodeitreni.it\/blog\/wp-content\/uploads\/2015\/05\/pf_0011-150x100.jpg 150w\" sizes=\"auto, (max-width: 160px) 100vw, 160px\" \/><\/a> <a href=\"http:\/\/www.ilmondodeitreni.it\/blog\/wp-content\/uploads\/2015\/05\/cq5dam_web_1280_1280.jpg\"><img loading=\"lazy\" decoding=\"async\" class=\"alignleft size-thumbnail wp-image-2214\" src=\"http:\/\/www.ilmondodeitreni.it\/blog\/wp-content\/uploads\/2015\/05\/cq5dam_web_1280_1280-160x107.jpg\" alt=\"cq5dam_web_1280_1280\" width=\"160\" height=\"107\" srcset=\"https:\/\/www.ilmondodeitreni.it\/blog\/wp-content\/uploads\/2015\/05\/cq5dam_web_1280_1280-160x107.jpg 160w, https:\/\/www.ilmondodeitreni.it\/blog\/wp-content\/uploads\/2015\/05\/cq5dam_web_1280_1280-640x427.jpg 640w, https:\/\/www.ilmondodeitreni.it\/blog\/wp-content\/uploads\/2015\/05\/cq5dam_web_1280_1280-1024x682.jpg 1024w, https:\/\/www.ilmondodeitreni.it\/blog\/wp-content\/uploads\/2015\/05\/cq5dam_web_1280_1280-225x150.jpg 225w, https:\/\/www.ilmondodeitreni.it\/blog\/wp-content\/uploads\/2015\/05\/cq5dam_web_1280_1280-150x100.jpg 150w, https:\/\/www.ilmondodeitreni.it\/blog\/wp-content\/uploads\/2015\/05\/cq5dam_web_1280_1280.jpg 1280w\" sizes=\"auto, (max-width: 160px) 100vw, 160px\" \/><\/a> <a href=\"http:\/\/www.ilmondodeitreni.it\/blog\/wp-content\/uploads\/2015\/05\/pf_002.jpg\"><img loading=\"lazy\" decoding=\"async\" class=\"alignleft size-thumbnail wp-image-2215\" src=\"http:\/\/www.ilmondodeitreni.it\/blog\/wp-content\/uploads\/2015\/05\/pf_002-160x120.jpg\" alt=\"pf_002\" width=\"160\" height=\"120\" srcset=\"https:\/\/www.ilmondodeitreni.it\/blog\/wp-content\/uploads\/2015\/05\/pf_002-160x120.jpg 160w, https:\/\/www.ilmondodeitreni.it\/blog\/wp-content\/uploads\/2015\/05\/pf_002-200x150.jpg 200w, https:\/\/www.ilmondodeitreni.it\/blog\/wp-content\/uploads\/2015\/05\/pf_002-150x113.jpg 150w, https:\/\/www.ilmondodeitreni.it\/blog\/wp-content\/uploads\/2015\/05\/pf_002.jpg 640w\" sizes=\"auto, (max-width: 160px) 100vw, 160px\" \/><\/a> <a href=\"http:\/\/www.ilmondodeitreni.it\/blog\/wp-content\/uploads\/2015\/05\/tdb_001.jpg\"><img loading=\"lazy\" decoding=\"async\" class=\"alignleft size-thumbnail wp-image-2216\" src=\"http:\/\/www.ilmondodeitreni.it\/blog\/wp-content\/uploads\/2015\/05\/tdb_001-160x107.jpg\" alt=\"tdb_001\" width=\"160\" height=\"107\" srcset=\"https:\/\/www.ilmondodeitreni.it\/blog\/wp-content\/uploads\/2015\/05\/tdb_001-160x107.jpg 160w, https:\/\/www.ilmondodeitreni.it\/blog\/wp-content\/uploads\/2015\/05\/tdb_001.jpg 640w, https:\/\/www.ilmondodeitreni.it\/blog\/wp-content\/uploads\/2015\/05\/tdb_001-225x150.jpg 225w, https:\/\/www.ilmondodeitreni.it\/blog\/wp-content\/uploads\/2015\/05\/tdb_001-150x100.jpg 150w\" sizes=\"auto, (max-width: 160px) 100vw, 160px\" \/><\/a><span style=\"font-size: 12pt;\">&#8220;Siate ragazzi capaci di volare liberi con l\u2019aiuto di Ges\u00f9, perch\u00e9 lontani da lui rischiate di avere il cuore di ghiaccio e pietra&#8221;. \u00c8 stato questo l\u2019augurio che Papa Francesco ha rivolto ai circa 200 ragazzi giunti ieri,per la terza volta in Vaticano, con il \u201cTreno dei bambini\u201d. L\u2019iniziativa, organizzata dal \u201cCortile dei Gentili\u201d, \u00e8&nbsp;stata rivolta, quest&#8217;anno,&nbsp;ai minori in situazioni disagiate, figli e figlie di detenuti e detenute provenienti da Roma, Civitavecchia, Latina, Bari e Trani. Quest\u2019anno, il tema dell\u2019appuntamento \u00e8 stato il \u201cVolo\u201d, un modo per alleggerire la quotidianit\u00e0 di questi&nbsp;bambini che vivono separati dai genitori.&nbsp; Sono usciti dal treno volando in braccio a Papa Francesco. Perch\u00e9 questo hanno proposto gli organizzatori del viaggio di quest\u2019anno ai loro piccoli passeggeri: \u201cvolare via\u201d, pi\u00f9 in alto della gabbia della sofferenza che ogni giorno rinchiude e soffoca con la sua tristezza vite che dovrebbero altrimenti poter librarsi leggere proprio come il chiasso allegro e gli aquiloni con i quali i bambini hanno colorato la Citt\u00e0 del Vaticano e &nbsp;l\u2019Aula Paolo VI, sventolandoli davanti a un Papa molto partecipe e paterno. Circa 300 bambini pugliesi, giunti a Roma con un treno speciale messo a disposizione da Ferrovie dello Stato, coi loro familiari, si sono uniti ai loro coetanei figli dei detenuti del carcere romano di Rebibbia e ai loro accompagnatori \u2013 per un totale di circa 500 persone \u2013 per essere ricevuti in modo informale dal Papa nell\u2019atrio dell\u2019Aula Paolo VI. Il dialogo tra Francesco e i bambini del treno che per un giorno li ha fatti volare \u00e8 tutto cos\u00ec, semplice, immediato,un botta e risposta spontaneo e velocissimo. E leggero come le verit\u00e0 pi\u00f9 profonde della vita spiegate a ragazzi che si godono una giornata di allegria e spensieratezza, scavata fra giorni dove non invece si vola mai, perch\u00e9 mamma o pap\u00e0 non sono vicini, sono chiusi in carcere, e allora non c\u2019\u00e8 tempo per guardare troppo il cielo, quella casa dove volano anche i sogni. Ma&nbsp; per loro il Santo Padre ha un messaggio di speranza: &#8220;Non smettete mai di sognare! Anche di ascoltare la Parola di Ges\u00f9, perch\u00e9 ascoltando la Parola di Dio uno si fa grande,&nbsp; allarga il cuore e ama tutti\u201d.<\/span><\/p>\n","protected":false},"excerpt":{"rendered":"<p>&#8220;Siate ragazzi capaci di volare liberi con l\u2019aiuto di Ges\u00f9, perch\u00e9 lontani da lui rischiate di avere il cuore di ghiaccio e pietra&#8221;. \u00c8 stato questo l\u2019augurio che Papa Francesco ha rivolto ai circa 200 ragazzi giunti ieri,per la terza volta in Vaticano, con il \u201cTreno dei bambini\u201d. L\u2019iniziativa, organizzata dal \u201cCortile dei Gentili\u201d, \u00e8&nbsp;stata rivolta, quest&#8217;anno,&nbsp;ai minori in situazioni disagiate, figli e figlie di detenuti e detenute provenienti da\u2026<\/p>\n<p class=\"continue-reading-button\"> <a class=\"continue-reading-link\" href=\"https:\/\/www.ilmondodeitreni.it\/blog\/?p=2212\">Continua la lettura<i class=\"crycon-right-dir\"><\/i><\/a><\/p>\n","protected":false},"author":2,"featured_media":0,"comment_status":"open","ping_status":"open","sticky":false,"template":"","format":"standard","meta":{"footnotes":""},"categories":[1769],"tags":[1778,1770,1777,398,1518,1771],"class_list":["post-2212","post","type-post","status-publish","format-standard","hentry","category-treno-dei-bambini-2015","tag-aula-paolo-vi","tag-citta-del-vaticano","tag-cortile-dei-gentili","tag-ferrovie-dello-stato","tag-papa-francesco","tag-treno-dei-bambini"],"_links":{"self":[{"href":"https:\/\/www.ilmondodeitreni.it\/blog\/index.php?rest_route=\/wp\/v2\/posts\/2212","targetHints":{"allow":["GET"]}}],"collection":[{"href":"https:\/\/www.ilmondodeitreni.it\/blog\/index.php?rest_route=\/wp\/v2\/posts"}],"about":[{"href":"https:\/\/www.ilmondodeitreni.it\/blog\/index.php?rest_route=\/wp\/v2\/types\/post"}],"author":[{"embeddable":true,"href":"https:\/\/www.ilmondodeitreni.it\/blog\/index.php?rest_route=\/wp\/v2\/users\/2"}],"replies":[{"embeddable":true,"href":"https:\/\/www.ilmondodeitreni.it\/blog\/index.php?rest_route=%2Fwp%2Fv2%2Fcomments&post=2212"}],"version-history":[{"count":2,"href":"https:\/\/www.ilmondodeitreni.it\/blog\/index.php?rest_route=\/wp\/v2\/posts\/2212\/revisions"}],"predecessor-version":[{"id":10956,"href":"https:\/\/www.ilmondodeitreni.it\/blog\/index.php?rest_route=\/wp\/v2\/posts\/2212\/revisions\/10956"}],"wp:attachment":[{"href":"https:\/\/www.ilmondodeitreni.it\/blog\/index.php?rest_route=%2Fwp%2Fv2%2Fmedia&parent=2212"}],"wp:term":[{"taxonomy":"category","embeddable":true,"href":"https:\/\/www.ilmondodeitreni.it\/blog\/index.php?rest_route=%2Fwp%2Fv2%2Fcategories&post=2212"},{"taxonomy":"post_tag","embeddable":true,"href":"https:\/\/www.ilmondodeitreni.it\/blog\/index.php?rest_route=%2Fwp%2Fv2%2Ftags&post=2212"}],"curies":[{"name":"wp","href":"https:\/\/api.w.org\/{rel}","templated":true}]}}