{"id":2209,"date":"2015-09-13T23:38:30","date_gmt":"2015-09-13T21:38:30","guid":{"rendered":"http:\/\/www.ilmondodeitreni.it\/blog\/?p=2209"},"modified":"2019-12-07T23:26:04","modified_gmt":"2019-12-07T22:26:04","slug":"treno-dei-bambini-2015-la-cronaca-della-giornata-parte-3","status":"publish","type":"post","link":"https:\/\/www.ilmondodeitreni.it\/blog\/?p=2209","title":{"rendered":"Treno dei bambini 2015: la cronaca della giornata parte 3"},"content":{"rendered":"<p style=\"text-align: justify;\">Dopo lunga assenza ripartiamo da dove ci eravamo lasciati nel racconto della storica giornata. Dopo aver lasciato la Stazione Vaticana la prossima tappa sar\u00e0 la Sala Paolo VI , dove Papa Francesco incontrer\u00e0 in udienza i bambini, giunti in Vaticano . Il clima \u00e8 gioioso e possiamo immaginare l&#8217;emozione dei bambini che a breve si troveranno al cospetto del Pontefice.&nbsp;<\/p>\n<p style=\"text-align: justify;\"><img loading=\"lazy\" decoding=\"async\" class=\"wp-image-2812 size-medium\" src=\"http:\/\/www.ilmondodeitreni.it\/blog\/wp-content\/uploads\/2015\/09\/tdb_scv_019_dr-640x427.jpg\" alt=\"tdb_scv_019_dr\" width=\"640\" height=\"427\" srcset=\"https:\/\/www.ilmondodeitreni.it\/blog\/wp-content\/uploads\/2015\/09\/tdb_scv_019_dr.jpg 640w, https:\/\/www.ilmondodeitreni.it\/blog\/wp-content\/uploads\/2015\/09\/tdb_scv_019_dr-160x107.jpg 160w, https:\/\/www.ilmondodeitreni.it\/blog\/wp-content\/uploads\/2015\/09\/tdb_scv_019_dr-225x150.jpg 225w, https:\/\/www.ilmondodeitreni.it\/blog\/wp-content\/uploads\/2015\/09\/tdb_scv_019_dr-150x100.jpg 150w\" sizes=\"auto, (max-width: 640px) 100vw, 640px\" \/><\/p>\n<p><img loading=\"lazy\" decoding=\"async\" class=\"alignleft wp-image-2813 size-full\" src=\"http:\/\/www.ilmondodeitreni.it\/blog\/wp-content\/uploads\/2015\/09\/tdb_scv_020_oc.jpg\" alt=\"tdb_scv_020_oc\" width=\"640\" height=\"480\" srcset=\"https:\/\/www.ilmondodeitreni.it\/blog\/wp-content\/uploads\/2015\/09\/tdb_scv_020_oc.jpg 640w, https:\/\/www.ilmondodeitreni.it\/blog\/wp-content\/uploads\/2015\/09\/tdb_scv_020_oc-160x120.jpg 160w, https:\/\/www.ilmondodeitreni.it\/blog\/wp-content\/uploads\/2015\/09\/tdb_scv_020_oc-200x150.jpg 200w, https:\/\/www.ilmondodeitreni.it\/blog\/wp-content\/uploads\/2015\/09\/tdb_scv_020_oc-150x113.jpg 150w\" sizes=\"auto, (max-width: 640px) 100vw, 640px\" \/><\/p>\n<p style=\"text-align: justify;\"><img loading=\"lazy\" decoding=\"async\" class=\"alignleft wp-image-2814 size-medium\" src=\"http:\/\/www.ilmondodeitreni.it\/blog\/wp-content\/uploads\/2015\/09\/tdb_scv_021_dr-640x427.jpg\" alt=\"tdb_scv_021_dr\" width=\"640\" height=\"427\" srcset=\"https:\/\/www.ilmondodeitreni.it\/blog\/wp-content\/uploads\/2015\/09\/tdb_scv_021_dr.jpg 640w, https:\/\/www.ilmondodeitreni.it\/blog\/wp-content\/uploads\/2015\/09\/tdb_scv_021_dr-160x107.jpg 160w, https:\/\/www.ilmondodeitreni.it\/blog\/wp-content\/uploads\/2015\/09\/tdb_scv_021_dr-225x150.jpg 225w, https:\/\/www.ilmondodeitreni.it\/blog\/wp-content\/uploads\/2015\/09\/tdb_scv_021_dr-150x100.jpg 150w\" sizes=\"auto, (max-width: 640px) 100vw, 640px\" \/> <img loading=\"lazy\" decoding=\"async\" class=\"alignleft wp-image-2817 size-full\" src=\"http:\/\/www.ilmondodeitreni.it\/blog\/wp-content\/uploads\/2015\/09\/tdb_scv_023_dr.jpg\" alt=\"tdb_scv_023_dr\" width=\"640\" height=\"427\" srcset=\"https:\/\/www.ilmondodeitreni.it\/blog\/wp-content\/uploads\/2015\/09\/tdb_scv_023_dr.jpg 640w, https:\/\/www.ilmondodeitreni.it\/blog\/wp-content\/uploads\/2015\/09\/tdb_scv_023_dr-160x107.jpg 160w, https:\/\/www.ilmondodeitreni.it\/blog\/wp-content\/uploads\/2015\/09\/tdb_scv_023_dr-225x150.jpg 225w, https:\/\/www.ilmondodeitreni.it\/blog\/wp-content\/uploads\/2015\/09\/tdb_scv_023_dr-150x100.jpg 150w\" sizes=\"auto, (max-width: 640px) 100vw, 640px\" \/><img loading=\"lazy\" decoding=\"async\" class=\"alignleft wp-image-2815 size-medium\" src=\"http:\/\/www.ilmondodeitreni.it\/blog\/wp-content\/uploads\/2015\/09\/tdb_scv_022_fs-640x427.jpg\" alt=\"tdb_scv_022_fs\" width=\"640\" height=\"427\" srcset=\"https:\/\/www.ilmondodeitreni.it\/blog\/wp-content\/uploads\/2015\/09\/tdb_scv_022_fs.jpg 640w, https:\/\/www.ilmondodeitreni.it\/blog\/wp-content\/uploads\/2015\/09\/tdb_scv_022_fs-160x107.jpg 160w, https:\/\/www.ilmondodeitreni.it\/blog\/wp-content\/uploads\/2015\/09\/tdb_scv_022_fs-225x150.jpg 225w, https:\/\/www.ilmondodeitreni.it\/blog\/wp-content\/uploads\/2015\/09\/tdb_scv_022_fs-150x100.jpg 150w\" sizes=\"auto, (max-width: 640px) 100vw, 640px\" \/><img loading=\"lazy\" decoding=\"async\" class=\"alignleft wp-image-2816 size-full\" src=\"http:\/\/www.ilmondodeitreni.it\/blog\/wp-content\/uploads\/2015\/09\/pf_002.jpg\" alt=\"pf_002\" width=\"640\" height=\"480\" srcset=\"https:\/\/www.ilmondodeitreni.it\/blog\/wp-content\/uploads\/2015\/09\/pf_002.jpg 640w, https:\/\/www.ilmondodeitreni.it\/blog\/wp-content\/uploads\/2015\/09\/pf_002-160x120.jpg 160w, https:\/\/www.ilmondodeitreni.it\/blog\/wp-content\/uploads\/2015\/09\/pf_002-200x150.jpg 200w, https:\/\/www.ilmondodeitreni.it\/blog\/wp-content\/uploads\/2015\/09\/pf_002-150x113.jpg 150w\" sizes=\"auto, (max-width: 640px) 100vw, 640px\" \/><\/p>\n<p>&nbsp;<\/p>\n<p>(<a href=\"http:\/\/www.ilmondodeitreni.it\/blog\/2015\/10\/28\/treno-dei-bambini-2015-la-cronaca-della-giornata-parte-4\/\">Clicca qui per la Parte 4<\/a> )<br \/>\n&nbsp;<\/p>\n","protected":false},"excerpt":{"rendered":"<p>Dopo lunga assenza ripartiamo da dove ci eravamo lasciati nel racconto della storica giornata. Dopo aver lasciato la Stazione Vaticana la prossima tappa sar\u00e0 la Sala Paolo VI , dove Papa Francesco incontrer\u00e0 in udienza i bambini, giunti in Vaticano . Il clima \u00e8 gioioso e possiamo immaginare l&#8217;emozione dei bambini che a breve si troveranno al cospetto del Pontefice.&nbsp; &nbsp; (Clicca qui per la Parte 4 ) &nbsp;<\/p>\n<p class=\"continue-reading-button\"> <a class=\"continue-reading-link\" href=\"https:\/\/www.ilmondodeitreni.it\/blog\/?p=2209\">Continua la lettura<i class=\"crycon-right-dir\"><\/i><\/a><\/p>\n","protected":false},"author":2,"featured_media":0,"comment_status":"open","ping_status":"open","sticky":false,"template":"","format":"standard","meta":{"footnotes":""},"categories":[1769],"tags":[1770,5,1518,2252,9,1771],"class_list":["post-2209","post","type-post","status-publish","format-standard","hentry","category-treno-dei-bambini-2015","tag-citta-del-vaticano","tag-ferrovie","tag-papa-francesco","tag-primavera","tag-roma","tag-treno-dei-bambini"],"_links":{"self":[{"href":"https:\/\/www.ilmondodeitreni.it\/blog\/index.php?rest_route=\/wp\/v2\/posts\/2209","targetHints":{"allow":["GET"]}}],"collection":[{"href":"https:\/\/www.ilmondodeitreni.it\/blog\/index.php?rest_route=\/wp\/v2\/posts"}],"about":[{"href":"https:\/\/www.ilmondodeitreni.it\/blog\/index.php?rest_route=\/wp\/v2\/types\/post"}],"author":[{"embeddable":true,"href":"https:\/\/www.ilmondodeitreni.it\/blog\/index.php?rest_route=\/wp\/v2\/users\/2"}],"replies":[{"embeddable":true,"href":"https:\/\/www.ilmondodeitreni.it\/blog\/index.php?rest_route=%2Fwp%2Fv2%2Fcomments&post=2209"}],"version-history":[{"count":14,"href":"https:\/\/www.ilmondodeitreni.it\/blog\/index.php?rest_route=\/wp\/v2\/posts\/2209\/revisions"}],"predecessor-version":[{"id":10342,"href":"https:\/\/www.ilmondodeitreni.it\/blog\/index.php?rest_route=\/wp\/v2\/posts\/2209\/revisions\/10342"}],"wp:attachment":[{"href":"https:\/\/www.ilmondodeitreni.it\/blog\/index.php?rest_route=%2Fwp%2Fv2%2Fmedia&parent=2209"}],"wp:term":[{"taxonomy":"category","embeddable":true,"href":"https:\/\/www.ilmondodeitreni.it\/blog\/index.php?rest_route=%2Fwp%2Fv2%2Fcategories&post=2209"},{"taxonomy":"post_tag","embeddable":true,"href":"https:\/\/www.ilmondodeitreni.it\/blog\/index.php?rest_route=%2Fwp%2Fv2%2Ftags&post=2209"}],"curies":[{"name":"wp","href":"https:\/\/api.w.org\/{rel}","templated":true}]}}