{"id":1999,"date":"2015-05-06T22:28:45","date_gmt":"2015-05-06T20:28:45","guid":{"rendered":"http:\/\/www.ilmondodeitreni.it\/blog\/?p=1999"},"modified":"2015-05-06T22:28:45","modified_gmt":"2015-05-06T20:28:45","slug":"toscanaun-turismo-nuovo-e-sostenibile-in-casentino-firmato-laccordo","status":"publish","type":"post","link":"https:\/\/www.ilmondodeitreni.it\/blog\/?p=1999","title":{"rendered":"Toscana,un turismo nuovo e sostenibile in Casentino: firmato l&#8217;accordo"},"content":{"rendered":"<p style=\"text-align: justify;\"><a href=\"http:\/\/www.ilmondodeitreni.it\/blog\/wp-content\/uploads\/2015\/05\/685089_arpescaiola.jpg\"><img loading=\"lazy\" decoding=\"async\" class=\"alignleft size-thumbnail wp-image-2000\" src=\"http:\/\/www.ilmondodeitreni.it\/blog\/wp-content\/uploads\/2015\/05\/685089_arpescaiola-160x120.jpg\" alt=\"685089_arpescaiola\" width=\"160\" height=\"120\" srcset=\"https:\/\/www.ilmondodeitreni.it\/blog\/wp-content\/uploads\/2015\/05\/685089_arpescaiola-160x120.jpg 160w, https:\/\/www.ilmondodeitreni.it\/blog\/wp-content\/uploads\/2015\/05\/685089_arpescaiola.jpg 640w, https:\/\/www.ilmondodeitreni.it\/blog\/wp-content\/uploads\/2015\/05\/685089_arpescaiola-200x150.jpg 200w, https:\/\/www.ilmondodeitreni.it\/blog\/wp-content\/uploads\/2015\/05\/685089_arpescaiola-150x113.jpg 150w\" sizes=\"auto, (max-width: 160px) 100vw, 160px\" \/><\/a>Si lavorer\u00e0 per un turismo nuovo, sostenibile e capace di creare un benessere diffuso in Casentino. Lo stabilisce il protocollo d&#8217;intesa che hanno firmato oggi la Regione Toscana, con i Comuni di Bibbiena, Pratovecchio-Stia, Poppi, Ortignano Raggiolo, Chitignano, Chiusi della Verna, Montemignaio, Talla, Castel Focognano, Castel San Niccol\u00f2, inoltre l&#8217;Unione dei Comuni Montani del Casentino e il Parco Nazionale delle Foreste Casentinesi.<\/p>\n<p>Gli enti sottoscrittori condividono un percorso che, entro la fine del 2015, porter\u00e0 alla definizione di un progetto di sviluppo turistico del territorio che potr\u00e0 ricevere impulso anche dall&#8217;attuazione di politiche di mobilit\u00e0 sostenibile, con riferimento alla declinazione in senso turistico della ferrovia locale Stia-Arezzo e alla ormai gi\u00e0 programmata realizzazione della ciclopista dell&#8217;Arno, che partir\u00e0 proprio da Stia, in Casentino, per giungere fino alla foce pisana del fiume.<\/p>\n<p>l protocollo prevede varie azioni: un accordo con il Gruppo Lfi per attrezzare al trasporto bici alcuni dei treni che fanno servizio lungo la linea ferroviaria Arezzo-Pratovecchio-Stia; la riorganizzazione di alcune stazioni in punti di accesso e informativi al territorio del Casentino, anche prevedendo l&#8217;attivazione di servizi aggiuntivi come bike sharing o bike rental; la promozione dell&#8217;uso del treno quale mezzo per la partecipazione ad eventi o per la fruizione delle emergenze culturali del territorio; accordi con organizzazioni pubbliche e private per lo sviluppo, la pianificazione e la promozione di percorsi per la mobilit\u00e0 alternativa, l&#8217;escursionismo e il turismo legato all&#8217;uso della bicicletta; la realizzazione del catasto RET; la costituzione di un Osservatorio turistico di destinazione (OTD) al fine di promuovere l&#8217;adozione, da parte dei Comuni firmatari, di un modello di gestione sostenibile delle destinazioni turistiche; la condivisione e armonizzazione degli strumenti promozionali sviluppati dal territorio con l&#8217;Agenzia A.P.ET. \u2013 Toscana Promozione e il portale di promozione; l&#8217;attivazione di un percorso di formazione per gli operatori turistici.<\/p>\n<p>Il protocollo, che ha gi\u00e0 l&#8217;adesione anche da parte del Gruppo Lfi e dell&#8217;associazione di imprenditori locali Prospettiva Casentino, avr\u00e0 una durata di tre anni a partire dalla data di oggi.<\/p>\n","protected":false},"excerpt":{"rendered":"<p>Si lavorer\u00e0 per un turismo nuovo, sostenibile e capace di creare un benessere diffuso in Casentino. Lo stabilisce il protocollo d&#8217;intesa che hanno firmato oggi la Regione Toscana, con i Comuni di Bibbiena, Pratovecchio-Stia, Poppi, Ortignano Raggiolo, Chitignano, Chiusi della Verna, Montemignaio, Talla, Castel Focognano, Castel San Niccol\u00f2, inoltre l&#8217;Unione dei Comuni Montani del Casentino e il Parco Nazionale delle Foreste Casentinesi. Gli enti sottoscrittori condividono un percorso che, entro\u2026<\/p>\n<p class=\"continue-reading-button\"> <a class=\"continue-reading-link\" href=\"https:\/\/www.ilmondodeitreni.it\/blog\/?p=1999\">Continua la lettura<i class=\"crycon-right-dir\"><\/i><\/a><\/p>\n","protected":false},"author":1,"featured_media":0,"comment_status":"open","ping_status":"open","sticky":false,"template":"","format":"standard","meta":{"footnotes":""},"categories":[2],"tags":[1592,1602,1600,1601,1596,1597,1603,5,610,1598,1595,1605,1594,1593,1599,39,1604],"class_list":["post-1999","post","type-post","status-publish","format-standard","hentry","category-news","tag-bibbiena","tag-casentino","tag-castel-focognano","tag-castel-san-niccolo","tag-chitignano","tag-chiusi-della-verna","tag-ferrovia-arezzo-pratovecchio-stia","tag-ferrovie","tag-lfi","tag-montemignaio","tag-ortignano-raggiolo","tag-parco-nazionale-delle-foreste-casentinesi","tag-poppi","tag-pratovecchio-stia","tag-talla","tag-toscana","tag-tuirsmo"],"_links":{"self":[{"href":"https:\/\/www.ilmondodeitreni.it\/blog\/index.php?rest_route=\/wp\/v2\/posts\/1999","targetHints":{"allow":["GET"]}}],"collection":[{"href":"https:\/\/www.ilmondodeitreni.it\/blog\/index.php?rest_route=\/wp\/v2\/posts"}],"about":[{"href":"https:\/\/www.ilmondodeitreni.it\/blog\/index.php?rest_route=\/wp\/v2\/types\/post"}],"author":[{"embeddable":true,"href":"https:\/\/www.ilmondodeitreni.it\/blog\/index.php?rest_route=\/wp\/v2\/users\/1"}],"replies":[{"embeddable":true,"href":"https:\/\/www.ilmondodeitreni.it\/blog\/index.php?rest_route=%2Fwp%2Fv2%2Fcomments&post=1999"}],"version-history":[{"count":1,"href":"https:\/\/www.ilmondodeitreni.it\/blog\/index.php?rest_route=\/wp\/v2\/posts\/1999\/revisions"}],"predecessor-version":[{"id":2001,"href":"https:\/\/www.ilmondodeitreni.it\/blog\/index.php?rest_route=\/wp\/v2\/posts\/1999\/revisions\/2001"}],"wp:attachment":[{"href":"https:\/\/www.ilmondodeitreni.it\/blog\/index.php?rest_route=%2Fwp%2Fv2%2Fmedia&parent=1999"}],"wp:term":[{"taxonomy":"category","embeddable":true,"href":"https:\/\/www.ilmondodeitreni.it\/blog\/index.php?rest_route=%2Fwp%2Fv2%2Fcategories&post=1999"},{"taxonomy":"post_tag","embeddable":true,"href":"https:\/\/www.ilmondodeitreni.it\/blog\/index.php?rest_route=%2Fwp%2Fv2%2Ftags&post=1999"}],"curies":[{"name":"wp","href":"https:\/\/api.w.org\/{rel}","templated":true}]}}