{"id":1956,"date":"2015-05-04T18:00:31","date_gmt":"2015-05-04T16:00:31","guid":{"rendered":"http:\/\/www.ilmondodeitreni.it\/blog\/?p=1956"},"modified":"2015-05-04T21:18:41","modified_gmt":"2015-05-04T19:18:41","slug":"brescia-domenica-10-maggio-1-open-day-del-trasporto-pubblico","status":"publish","type":"post","link":"https:\/\/www.ilmondodeitreni.it\/blog\/?p=1956","title":{"rendered":"Brescia: domenica 10 maggio 1\u00b0 Open Day del trasporto pubblico"},"content":{"rendered":"<p style=\"text-align: justify;\"><a href=\"http:\/\/www.ilmondodeitreni.it\/blog\/wp-content\/uploads\/2015\/04\/metro_bs.jpg\"><img loading=\"lazy\" decoding=\"async\" class=\"alignleft size-thumbnail wp-image-1756\" src=\"http:\/\/www.ilmondodeitreni.it\/blog\/wp-content\/uploads\/2015\/04\/metro_bs-160x107.jpg\" alt=\"metro_bs\" width=\"160\" height=\"107\" srcset=\"https:\/\/www.ilmondodeitreni.it\/blog\/wp-content\/uploads\/2015\/04\/metro_bs-160x107.jpg 160w, https:\/\/www.ilmondodeitreni.it\/blog\/wp-content\/uploads\/2015\/04\/metro_bs-225x150.jpg 225w, https:\/\/www.ilmondodeitreni.it\/blog\/wp-content\/uploads\/2015\/04\/metro_bs-150x100.jpg 150w, https:\/\/www.ilmondodeitreni.it\/blog\/wp-content\/uploads\/2015\/04\/metro_bs.jpg 524w\" sizes=\"auto, (max-width: 160px) 100vw, 160px\" \/><\/a>Brescia Trasporti, in collaborazione con tutto il Gruppo Brescia Mobilit\u00e0 e con il Comune di Brescia, domenica 10 maggio apre per la prima volta le porte al pubblico in occasione del 1\u00b0 Open Day. Utenti abituali e occasionali, scuole, insegnanti, bambini, associazioni, rappresentanti delle realt\u00e0 produttive e culturali del territorio, istituzioni e tutti coloro che, semplicemente, sono curiosi di scoprire cosa c\u2019\u00e8 all\u2019interno del deposito di Via San Donino: tutti sono invitati a partecipare alla giornata dedicata al mondo dei bus. Porte aperte per la sede di Via San Donino 30 dalle ore 10 alle 18 e visita del \u201cbackstage\u201d del trasporto pubblico: il deposito, la centrale operativa e l\u2019officina saranno eccezionalmente aperti e appositamente allestiti per accogliere chiunque desideri scoprire che cosa fa funzionare i bus che ogni giorno percorrono tutta la citt\u00e0 di Brescia e i 14 comuni limitrofi.<\/p>\n<p style=\"text-align: justify;\">Performance, laboratori, installazioni e musica: per un giorno Brescia Trasporti si trasformer\u00e0 per permettere a chiunque di sperimentare in modo insolito il mondo del trasporto pubblico e svelare i lati pi\u00f9 insoliti e curiosi di una realt\u00e0 sconosciuta ai pi\u00f9. Filo conduttore della giornata sar\u00e0 la curiosit\u00e0: allestimenti speciali e realizzati ad hoc all\u2019interno del deposito metteranno in evidenza tutte le particolarit\u00e0 del mondo del trasporto pubblico, svelando notizie insolite ma anche spiegando dettagli tecnici non immaginabili per chi ogni giorno sale sul bus per spostarsi in citt\u00e0. Domande e risposte accompagneranno lo svolgimento di tutta la giornata e saranno al centro della visita speciale in 6 tappe, condotta da personale di Brescia Trasporti, che rappresenter\u00e0 l\u2019evento clou della giornata: un percorso guidato, della durata di circa mezz\u2019ora, in cui verranno raccontati tutti i retroscena del trasporto pubblico. Si comincia con l\u2019obliterazione di un virtuale biglietto (per ricordare l\u2019importanza e il valore di questo semplice gesto), e si entra poi nel cuore del trasporto pubblico: l\u2019officina e tutti i suoi \u201cnumeri\u201d che sicuramente stupiranno la maggior parte degli ospiti.<\/p>\n<p style=\"text-align: justify;\">La visita prosegue all\u2019interno della centrale operativa, il \u201ccervello\u201d di Brescia Trasporti eccezionalmente aperta al pubblico per l\u2019occasione, e continua con la scoperta delle iniziative \u201cgreen\u201d del Gruppo.<\/p>\n<p style=\"text-align: justify;\">Ultima parte dedicata alle tematiche del rispetto e dell\u2019educazione.<\/p>\n<p style=\"text-align: justify;\">In questa sezione verr\u00e0 allestita la mostra dei lavori realizzati durante l\u2019anno dagli oltre 500 ragazzi che hanno preso parte al percorso educativo \u201cIo viaggio positivo\u201d realizzato da Brescia Trasporti all\u2019interno delle scuole medie: si tratta di bozzetti per una potenziale campagna che evidenzi i benefici del trasporto pubblico, una galleria creativa e colorata che verr\u00e0 esposta all\u2019interno del deposito per raccontare, con gli occhi e con le parole dei pi\u00f9 giovani, tutti gli aspetti positivi di bus e metro. Durante il pomeriggio avverr\u00e0 la premiazione del lavoro pi\u00f9 \u201crappresentativo\u201d, che, nell\u2019occasione, verr\u00e0 riprodotto a grandi dimensioni su un bus, e nelle settimane successive girer\u00e0 sulle linee di Brescia Trasporti a testimonianza dell\u2019impegno e della fantasia profuse dalle scuole.<\/p>\n<p style=\"text-align: justify;\">Sempre all\u2019interno dell\u2019area \u201ceducation\u201d si collocheranno i laboratori creativi dedicati ai piccoli viaggiatori o ai futuri viaggiatori, con attivit\u00e0 dedicate alle diverse fasce d\u2019et\u00e0. Ci saranno letture animate per i pi\u00f9 piccini e laboratori scientifici per i pi\u00f9 grandi, per spiegare che cosa \u00e8 l\u2019energia, come si misura e come si trasforma in movimento, ma soprattutto come e perch\u00e9 \u00e8 importante risparmiarla ed usare quella che inquina meno.<br \/>\nUn tavolo sar\u00e0 dedicato ai bambini dagli 8 ai 10 anni: facili ma entusiasmanti esperimenti consentiranno di visualizzare la magia dell&#8217;energia e delle sue trasformazioni e capire pregi e difetti di ogni forma di approvvigionamento energetico. I laboratori saranno curati da Galleria della Natura. Ad accompagnare le attivit\u00e0 sar\u00e0 la musica, che, come nella fiaba del pifferaio magico, incanter\u00e0 il pubblico e lo condurr\u00e0 fino all\u2019interno del deposito: musica ritmata, giovane e divertente espressa da diversi artisti nuovi ed originali: Mc Fuego, l\u2019incredibile beatbox del celebre Lil\u2019 Klips, la straordinaria voce dell\u2019 Artista bresciano di X-Factor Osso, performance che inizier\u00e0 in centro citt\u00e0 (in Largo Formentone, da dove ogni mezz\u2019ora partir\u00e0 il trenino che porter\u00e0 i visitatori in Via San Donino) per concludersi poi nel pomeriggio negli spazi del deposito di Brescia Trasporti, dove prender\u00e0 vita un vero e proprio spettacolo, con alcune sorprese ed una esibizione di street dance ad opera di Start to Move: suono e danze movimentate e \u201citineranti\u201d, per rappresentare, anche simbolicamente, il sorprendente mondo della mobilit\u00e0 pubblica. A tutti coloro che raggiungeranno Via San Donino con i mezzi pubblici (o che mostreranno al momento dell\u2019ingresso un biglietto obliterato in giornata) verr\u00e0 dato un biglietto in omaggio utilizzabile sui bus e sulla metro.<\/p>\n<p style=\"text-align: justify;\">Per tutta la giornata il trenino appositamente allestito per l\u2019occasione collegher\u00e0 gratuitamente il centro di Brescia con la sede di Brescia Trasporti.<\/p>\n<p style=\"text-align: justify;\">L\u2019ingresso all\u2019open day di Brescia Trasporti \u00e8 libero e gratuito per tutti.<\/p>\n","protected":false},"excerpt":{"rendered":"<p>Brescia Trasporti, in collaborazione con tutto il Gruppo Brescia Mobilit\u00e0 e con il Comune di Brescia, domenica 10 maggio apre per la prima volta le porte al pubblico in occasione del 1\u00b0 Open Day. Utenti abituali e occasionali, scuole, insegnanti, bambini, associazioni, rappresentanti delle realt\u00e0 produttive e culturali del territorio, istituzioni e tutti coloro che, semplicemente, sono curiosi di scoprire cosa c\u2019\u00e8 all\u2019interno del deposito di Via San Donino: tutti\u2026<\/p>\n<p class=\"continue-reading-button\"> <a class=\"continue-reading-link\" href=\"https:\/\/www.ilmondodeitreni.it\/blog\/?p=1956\">Continua la lettura<i class=\"crycon-right-dir\"><\/i><\/a><\/p>\n","protected":false},"author":1,"featured_media":0,"comment_status":"open","ping_status":"open","sticky":false,"template":"","format":"standard","meta":{"footnotes":""},"categories":[2],"tags":[1552,1553,1554,1555,29],"class_list":["post-1956","post","type-post","status-publish","format-standard","hentry","category-news","tag-brescia-trasporti","tag-comune-di-brescia","tag-gruppo-brescia-mobilita","tag-open-day","tag-trasporti"],"_links":{"self":[{"href":"https:\/\/www.ilmondodeitreni.it\/blog\/index.php?rest_route=\/wp\/v2\/posts\/1956","targetHints":{"allow":["GET"]}}],"collection":[{"href":"https:\/\/www.ilmondodeitreni.it\/blog\/index.php?rest_route=\/wp\/v2\/posts"}],"about":[{"href":"https:\/\/www.ilmondodeitreni.it\/blog\/index.php?rest_route=\/wp\/v2\/types\/post"}],"author":[{"embeddable":true,"href":"https:\/\/www.ilmondodeitreni.it\/blog\/index.php?rest_route=\/wp\/v2\/users\/1"}],"replies":[{"embeddable":true,"href":"https:\/\/www.ilmondodeitreni.it\/blog\/index.php?rest_route=%2Fwp%2Fv2%2Fcomments&post=1956"}],"version-history":[{"count":2,"href":"https:\/\/www.ilmondodeitreni.it\/blog\/index.php?rest_route=\/wp\/v2\/posts\/1956\/revisions"}],"predecessor-version":[{"id":1958,"href":"https:\/\/www.ilmondodeitreni.it\/blog\/index.php?rest_route=\/wp\/v2\/posts\/1956\/revisions\/1958"}],"wp:attachment":[{"href":"https:\/\/www.ilmondodeitreni.it\/blog\/index.php?rest_route=%2Fwp%2Fv2%2Fmedia&parent=1956"}],"wp:term":[{"taxonomy":"category","embeddable":true,"href":"https:\/\/www.ilmondodeitreni.it\/blog\/index.php?rest_route=%2Fwp%2Fv2%2Fcategories&post=1956"},{"taxonomy":"post_tag","embeddable":true,"href":"https:\/\/www.ilmondodeitreni.it\/blog\/index.php?rest_route=%2Fwp%2Fv2%2Ftags&post=1956"}],"curies":[{"name":"wp","href":"https:\/\/api.w.org\/{rel}","templated":true}]}}