{"id":1951,"date":"2015-05-03T22:29:09","date_gmt":"2015-05-03T20:29:09","guid":{"rendered":"http:\/\/www.ilmondodeitreni.it\/blog\/?p=1951"},"modified":"2015-05-03T22:29:09","modified_gmt":"2015-05-03T20:29:09","slug":"roma-linea-32-da-lunedi-4-maggio-modificata-in-zona-saxa-rubra-e-ministero-degli-esteri","status":"publish","type":"post","link":"https:\/\/www.ilmondodeitreni.it\/blog\/?p=1951","title":{"rendered":"Roma, linea 32 da luned\u00ec 4 maggio modificata in zona Saxa Rubra e ministero degli Esteri"},"content":{"rendered":"<p style=\"text-align: justify;\"><a href=\"http:\/\/www.ilmondodeitreni.it\/blog\/wp-content\/uploads\/2015\/05\/5276_32ottaviano.jpg\"><img loading=\"lazy\" decoding=\"async\" class=\"alignleft size-thumbnail wp-image-1952\" src=\"http:\/\/www.ilmondodeitreni.it\/blog\/wp-content\/uploads\/2015\/05\/5276_32ottaviano-160x120.jpg\" alt=\"5276_32ottaviano\" width=\"160\" height=\"120\" srcset=\"https:\/\/www.ilmondodeitreni.it\/blog\/wp-content\/uploads\/2015\/05\/5276_32ottaviano-160x120.jpg 160w, https:\/\/www.ilmondodeitreni.it\/blog\/wp-content\/uploads\/2015\/05\/5276_32ottaviano.jpg 640w, https:\/\/www.ilmondodeitreni.it\/blog\/wp-content\/uploads\/2015\/05\/5276_32ottaviano-200x150.jpg 200w, https:\/\/www.ilmondodeitreni.it\/blog\/wp-content\/uploads\/2015\/05\/5276_32ottaviano-150x113.jpg 150w\" sizes=\"auto, (max-width: 160px) 100vw, 160px\" \/><\/a>Da luned\u00ec 4 maggio modifiche di percorso per la linea 32 (Piazza Risorgimento &#8211; Stazione Saxa Rubra) che nella parte nord del percorso non transiter\u00e0 pi\u00f9 in viale Carlo Emery, zona servita dalla linea 039 che raggiunge le stazioni Settebagni della FL1 e Saxa Rubra e Centro Rai della ferrovia Roma-Viterbo. Nella parte centrale della linea, la 32 non transiter\u00e0 pi\u00f9 in piazza Mancini e in lungotevere Grande Ammiraglio Thaon di Revel ma transiter\u00e0 in piazzale della Farnesina e al ministero degli Esteri. La modifica della linea 32 permette di raggiungere gli stessi obiettivi della linea186 &#8211; collegamento speciale dedicato per il ministero degli Affari Esteri Esteri &#8211; che viene disattivata<\/p>\n<p style=\"text-align: justify;\">La linea 32 non effettuer\u00e0 pi\u00f9 le fermate lgt Thaon di Revel\/Foro Italico; Mancini; lgt Thaon di Revel\/Romano; lgt Thaon di Revel\/Ponte Milvio: lgt Acqua Acetosa; Corso Francia\/Uruguay; Corso Francia\/Ponte Flaminio; Emery; Emery\/Carosio; Emery\/Centro Rai; Emery\/Lo Bianco; Emery\/Ponte di Castel Giubileo; Emery\/Centro Rai; Silvio Gigli<\/p>\n<p>\u00a0La linea 32 effettuer\u00e0, invece le fermate<\/p>\n<p>-70057 lungotevere Maresciallo Diaz \u201clungotevere Maresciallo Diaz\/De Bosis\u201d<\/p>\n<p>-80849 viale Paolo Boselli \u201cBoselli\u201d<\/p>\n<p>-72017 piazzale della Farnesina<\/p>\n<p>-79352 viale Antonino di San Giuliano<\/p>\n<p>-72844 viale di Tor di Quinto \u201cTor di Quinto\/Riano\u201d<\/p>\n<p><a href=\"http:\/\/www.atac.roma.it\/files\/doc.asp?r=3808\">Clicca qui per scaricare la mappa della linea 32<\/a><\/p>\n<p><a href=\"http:\/\/www.atac.roma.it\/files\/doc.asp?r=3807\">Clicca qui per scaricare l\u00b4elenco delle fermate della linea 32<\/a><\/p>\n<p><a href=\"http:\/\/www.atac.roma.it\/files\/doc.asp?r=3807\">\u00a0<\/a><\/p>\n","protected":false},"excerpt":{"rendered":"<p>Da luned\u00ec 4 maggio modifiche di percorso per la linea 32 (Piazza Risorgimento &#8211; Stazione Saxa Rubra) che nella parte nord del percorso non transiter\u00e0 pi\u00f9 in viale Carlo Emery, zona servita dalla linea 039 che raggiunge le stazioni Settebagni della FL1 e Saxa Rubra e Centro Rai della ferrovia Roma-Viterbo. Nella parte centrale della linea, la 32 non transiter\u00e0 pi\u00f9 in piazza Mancini e in lungotevere Grande Ammiraglio Thaon\u2026<\/p>\n<p class=\"continue-reading-button\"> <a class=\"continue-reading-link\" href=\"https:\/\/www.ilmondodeitreni.it\/blog\/?p=1951\">Continua la lettura<i class=\"crycon-right-dir\"><\/i><\/a><\/p>\n","protected":false},"author":2,"featured_media":0,"comment_status":"open","ping_status":"open","sticky":false,"template":"","format":"standard","meta":{"footnotes":""},"categories":[6],"tags":[7,8,9,385],"class_list":["post-1951","post","type-post","status-publish","format-standard","hentry","category-autobus-di-roma","tag-atac","tag-autobus","tag-roma","tag-saxa-rubra"],"_links":{"self":[{"href":"https:\/\/www.ilmondodeitreni.it\/blog\/index.php?rest_route=\/wp\/v2\/posts\/1951","targetHints":{"allow":["GET"]}}],"collection":[{"href":"https:\/\/www.ilmondodeitreni.it\/blog\/index.php?rest_route=\/wp\/v2\/posts"}],"about":[{"href":"https:\/\/www.ilmondodeitreni.it\/blog\/index.php?rest_route=\/wp\/v2\/types\/post"}],"author":[{"embeddable":true,"href":"https:\/\/www.ilmondodeitreni.it\/blog\/index.php?rest_route=\/wp\/v2\/users\/2"}],"replies":[{"embeddable":true,"href":"https:\/\/www.ilmondodeitreni.it\/blog\/index.php?rest_route=%2Fwp%2Fv2%2Fcomments&post=1951"}],"version-history":[{"count":1,"href":"https:\/\/www.ilmondodeitreni.it\/blog\/index.php?rest_route=\/wp\/v2\/posts\/1951\/revisions"}],"predecessor-version":[{"id":1953,"href":"https:\/\/www.ilmondodeitreni.it\/blog\/index.php?rest_route=\/wp\/v2\/posts\/1951\/revisions\/1953"}],"wp:attachment":[{"href":"https:\/\/www.ilmondodeitreni.it\/blog\/index.php?rest_route=%2Fwp%2Fv2%2Fmedia&parent=1951"}],"wp:term":[{"taxonomy":"category","embeddable":true,"href":"https:\/\/www.ilmondodeitreni.it\/blog\/index.php?rest_route=%2Fwp%2Fv2%2Fcategories&post=1951"},{"taxonomy":"post_tag","embeddable":true,"href":"https:\/\/www.ilmondodeitreni.it\/blog\/index.php?rest_route=%2Fwp%2Fv2%2Ftags&post=1951"}],"curies":[{"name":"wp","href":"https:\/\/api.w.org\/{rel}","templated":true}]}}