{"id":1855,"date":"2015-04-26T11:11:29","date_gmt":"2015-04-26T09:11:29","guid":{"rendered":"http:\/\/www.ilmondodeitreni.it\/blog\/?p=1855"},"modified":"2015-04-26T11:11:29","modified_gmt":"2015-04-26T09:11:29","slug":"da-lunedi-27-aprile-attivata-una-navetta-tra-modena-e-la-stazione-mediopadana-di-reggio-emilia","status":"publish","type":"post","link":"https:\/\/www.ilmondodeitreni.it\/blog\/?p=1855","title":{"rendered":"Da luned\u00ec 27 aprile attivata una navetta tra Modena e la stazione Mediopadana di Reggio Emilia"},"content":{"rendered":"<p style=\"text-align: justify;\"><a href=\"http:\/\/www.ilmondodeitreni.it\/blog\/wp-content\/uploads\/2015\/04\/g_1429870383IMG_5085.jpg\"><img loading=\"lazy\" decoding=\"async\" class=\"alignleft size-thumbnail wp-image-1856\" src=\"http:\/\/www.ilmondodeitreni.it\/blog\/wp-content\/uploads\/2015\/04\/g_1429870383IMG_5085-160x106.jpg\" alt=\"g_1429870383IMG_5085\" width=\"160\" height=\"106\" srcset=\"https:\/\/www.ilmondodeitreni.it\/blog\/wp-content\/uploads\/2015\/04\/g_1429870383IMG_5085-160x106.jpg 160w, https:\/\/www.ilmondodeitreni.it\/blog\/wp-content\/uploads\/2015\/04\/g_1429870383IMG_5085-640x426.jpg 640w, https:\/\/www.ilmondodeitreni.it\/blog\/wp-content\/uploads\/2015\/04\/g_1429870383IMG_5085-226x150.jpg 226w, https:\/\/www.ilmondodeitreni.it\/blog\/wp-content\/uploads\/2015\/04\/g_1429870383IMG_5085-150x100.jpg 150w, https:\/\/www.ilmondodeitreni.it\/blog\/wp-content\/uploads\/2015\/04\/g_1429870383IMG_5085.jpg 800w\" sizes=\"auto, (max-width: 160px) 100vw, 160px\" \/><\/a>In occasione dell\u2019avvio di Expo Milano 2015, Seta attiver\u00e0 un servizio sperimentale di collegamento tra Modena e la stazione ferroviara AV Mediopadana di Reggio Emilia. Il servizio di navetta \u2013 attivato in accoglimento di una richiesta del Comune di Modena &#8211; sar\u00e0 operativo a partire da luned\u00ec 27 aprile e rester\u00e0 attivo per tutto il mese di maggio. Il collegamento con la stazione Mediopadana sar\u00e0 quotidiano, con partenza dall\u2019Autostazione di Modena: sono previste quattro corse di andata e quattro di ritorno nei giorni feriali e sette corse andata\/ritorno nei giorni festivi (vedi tabella). Gli orari di partenza e di rientro sono stati predisposti per consentire la coincidenza con i treni Frecciarossa ed Italo in partenza ed arrivo dallo scalo reggiano.<\/p>\n<p style=\"text-align: justify;\">Il costo per i passeggeri della navetta sar\u00e0 di 4 euro per ogni corsa. Il biglietto viene venduto direttamente a bordo da parte dell\u2019autista, mediante un terminale informatico che stampa sul momento i titoli di viaggio.<\/p>\n<p style=\"text-align: center;\"><a class=\"link_sm\" href=\"http:\/\/www.setaweb.it\/file\/1429802955Locandina_orari_Mediopadana.pdf\" target=\"_blank\">Locandina orari Mediopadana.pdf<\/a><\/p>\n<p>&nbsp;<\/p>\n","protected":false},"excerpt":{"rendered":"<p>In occasione dell\u2019avvio di Expo Milano 2015, Seta attiver\u00e0 un servizio sperimentale di collegamento tra Modena e la stazione ferroviara AV Mediopadana di Reggio Emilia. Il servizio di navetta \u2013 attivato in accoglimento di una richiesta del Comune di Modena &#8211; sar\u00e0 operativo a partire da luned\u00ec 27 aprile e rester\u00e0 attivo per tutto il mese di maggio. Il collegamento con la stazione Mediopadana sar\u00e0 quotidiano, con partenza dall\u2019Autostazione di\u2026<\/p>\n<p class=\"continue-reading-button\"> <a class=\"continue-reading-link\" href=\"https:\/\/www.ilmondodeitreni.it\/blog\/?p=1855\">Continua la lettura<i class=\"crycon-right-dir\"><\/i><\/a><\/p>\n","protected":false},"author":3,"featured_media":0,"comment_status":"open","ping_status":"open","sticky":false,"template":"","format":"standard","meta":{"footnotes":""},"categories":[2],"tags":[253,21,274,74],"class_list":["post-1855","post","type-post","status-publish","format-standard","hentry","category-news","tag-expo2015","tag-modena","tag-reggio-emilia","tag-seta"],"_links":{"self":[{"href":"https:\/\/www.ilmondodeitreni.it\/blog\/index.php?rest_route=\/wp\/v2\/posts\/1855","targetHints":{"allow":["GET"]}}],"collection":[{"href":"https:\/\/www.ilmondodeitreni.it\/blog\/index.php?rest_route=\/wp\/v2\/posts"}],"about":[{"href":"https:\/\/www.ilmondodeitreni.it\/blog\/index.php?rest_route=\/wp\/v2\/types\/post"}],"author":[{"embeddable":true,"href":"https:\/\/www.ilmondodeitreni.it\/blog\/index.php?rest_route=\/wp\/v2\/users\/3"}],"replies":[{"embeddable":true,"href":"https:\/\/www.ilmondodeitreni.it\/blog\/index.php?rest_route=%2Fwp%2Fv2%2Fcomments&post=1855"}],"version-history":[{"count":1,"href":"https:\/\/www.ilmondodeitreni.it\/blog\/index.php?rest_route=\/wp\/v2\/posts\/1855\/revisions"}],"predecessor-version":[{"id":1857,"href":"https:\/\/www.ilmondodeitreni.it\/blog\/index.php?rest_route=\/wp\/v2\/posts\/1855\/revisions\/1857"}],"wp:attachment":[{"href":"https:\/\/www.ilmondodeitreni.it\/blog\/index.php?rest_route=%2Fwp%2Fv2%2Fmedia&parent=1855"}],"wp:term":[{"taxonomy":"category","embeddable":true,"href":"https:\/\/www.ilmondodeitreni.it\/blog\/index.php?rest_route=%2Fwp%2Fv2%2Fcategories&post=1855"},{"taxonomy":"post_tag","embeddable":true,"href":"https:\/\/www.ilmondodeitreni.it\/blog\/index.php?rest_route=%2Fwp%2Fv2%2Ftags&post=1855"}],"curies":[{"name":"wp","href":"https:\/\/api.w.org\/{rel}","templated":true}]}}