{"id":1842,"date":"2015-04-25T10:29:13","date_gmt":"2015-04-25T08:29:13","guid":{"rendered":"http:\/\/www.ilmondodeitreni.it\/blog\/?p=1842"},"modified":"2015-04-25T10:29:13","modified_gmt":"2015-04-25T08:29:13","slug":"verona-da-giugno-il-biglietto-del-bus-atv-si-compra-anche-dallautista","status":"publish","type":"post","link":"https:\/\/www.ilmondodeitreni.it\/blog\/?p=1842","title":{"rendered":"Verona da giugno il biglietto del bus ATV si compra anche dall\u2019autista."},"content":{"rendered":"<p style=\"text-align: justify;\"><a href=\"http:\/\/www.ilmondodeitreni.it\/blog\/wp-content\/uploads\/2015\/04\/DSCN6279.jpg\"><img loading=\"lazy\" decoding=\"async\" class=\"alignleft size-thumbnail wp-image-1843\" src=\"http:\/\/www.ilmondodeitreni.it\/blog\/wp-content\/uploads\/2015\/04\/DSCN6279-160x120.jpg\" alt=\"DSCN6279\" width=\"160\" height=\"120\" srcset=\"https:\/\/www.ilmondodeitreni.it\/blog\/wp-content\/uploads\/2015\/04\/DSCN6279-160x120.jpg 160w, https:\/\/www.ilmondodeitreni.it\/blog\/wp-content\/uploads\/2015\/04\/DSCN6279-640x480.jpg 640w, https:\/\/www.ilmondodeitreni.it\/blog\/wp-content\/uploads\/2015\/04\/DSCN6279-1024x768.jpg 1024w, https:\/\/www.ilmondodeitreni.it\/blog\/wp-content\/uploads\/2015\/04\/DSCN6279-200x150.jpg 200w, https:\/\/www.ilmondodeitreni.it\/blog\/wp-content\/uploads\/2015\/04\/DSCN6279-150x113.jpg 150w\" sizes=\"auto, (max-width: 160px) 100vw, 160px\" \/><\/a>Rendere pi\u00f9 agevole l\u2019acquisto dei biglietti per i passeggeri degli autobus urbani e nello stesso tempo contrastare efficacemente gli \u201cirriducibili\u201d dell\u2019evasione, quella fetta di utenza che ancora si ostina a viaggiare in bus a spese della collettivit\u00e0.\u00a0Questo \u00e8\u00a0il duplice obiettivo che si propone ATV di Verona, offrendo ai suoi passeggeri la possibilit\u00e0, dal prossimo mese di giugno, di acquistare il biglietto dell\u2019autobus direttamente dall\u2019autista anche sulla rete urbana, come gi\u00e0 avviene per il servizio extraurbano.\u00a0 \u201cE\u2019 un\u2019iniziativa di grande importanza \u2013 commenta il direttore generale di ATV Stefano Zaninelli \u2013 frutto di un lungo confronto interno con le organizzazioni sindacali con le quali \u00e8 stata condivisa la necessit\u00e0 di mettere in campo misure efficaci di contrasto all\u2019evasione tariffaria, in segno di rispetto per tutte le persone oneste che l\u2019abbonamento lo acquistano anche a prezzo di sacrifici economici, oltre che per garantire il necessario rientro economico aziendale\u201d. Con l\u2019avvio del nuovo orario estivo dal prossimo mese di giugno, l\u2019utenza salir\u00e0 esclusivamente dalla porta anteriore (deroghe per\u00f2 sono previste nelle ore di punta dalle 6.30 alle 8.00 e dalle 12.00 alle 14.30) ed il conducente controller\u00e0 visivamente la validazione del titolo di viaggio. A chi non timbra, l\u2019autista proporr\u00e0 di acquistare il biglietto (con sovrapprezzo di 70 centesimi) e se l\u2019utente non intende pagare la corsa, saranno avvisati i controllori per l\u2019eventuale sanzione. Nella fase di avvio, sugli autobus sar\u00e0 presente personale ATV in veste di \u201cfacilitatore\u201d per informare l\u2019utenza e agevolare le operazioni di acquisto, mentre una seconda fase prevede l\u2019intensificazione della presenza di verificatori lungo la linea. Per il momento la vendita a bordo partir\u00e0 in via sperimentale su alcune linee e sar\u00e0 progressivamente estesa in base alla disponibilit\u00e0 degli autisti che volontariamente sceglieranno di effettuare il nuovo servizio. Questo perch\u00e9, nonostante l\u2019accordo sia stato siglato unitariamente da tutte le sigle sindacali lo scorso 27 febbraio, il successivo referendum interno tra il personale di guida non ha raggiunto la maggioranza, impedendo per il momento all\u2019Azienda di applicare la vendita a bordo su tutta la rete urbana\u201d.<\/p>\n<p style=\"text-align: justify;\">\u201cEvidentemente \u2013 puntualizza ancora il direttore Zaninelli \u2013 da parte del personale non \u00e8 stato compreso fino in fondo il significato dell\u2019iniziativa, anche per l\u2019opera di disinformazione e di ingiustificato allarmismo di alcune frange sindacali. A differenza di quanto fatto in altre realt\u00e0 dove la vendita a bordo \u00e8 stata imposta, il nostro accordo contiene elementi di notevole apertura nei confronti del personale di guida, con significativi riconoscimenti economici per l\u2019aggravio di lavoro, e con l\u2019esclusione di responsabilit\u00e0 dell\u2019autista nel caso in cui vengano trovati viaggiatori non in regola. E\u2019 prevista anche la stipula di una specifica polizza assicurativa che copre i possibili rischi di furto o rapina ai danni dei conducenti\u201d. \u201cIn ogni caso \u2013 conclude il direttore ATV \u2013 abbiamo ritenuto che l\u2019avvio della vendita a bordo fosse un segnale ormai improrogabile, come elemento qualificante per il servizio di trasporto e come risposta concreta all\u2019esigenza sempre pi\u00f9 sentita da parte della gente, di contare su un controllo pi\u00f9 efficace sulla regolarit\u00e0 di quanti viaggiano sugli autobus\u201d.<\/p>\n","protected":false},"excerpt":{"rendered":"<p>Rendere pi\u00f9 agevole l\u2019acquisto dei biglietti per i passeggeri degli autobus urbani e nello stesso tempo contrastare efficacemente gli \u201cirriducibili\u201d dell\u2019evasione, quella fetta di utenza che ancora si ostina a viaggiare in bus a spese della collettivit\u00e0.\u00a0Questo \u00e8\u00a0il duplice obiettivo che si propone ATV di Verona, offrendo ai suoi passeggeri la possibilit\u00e0, dal prossimo mese di giugno, di acquistare il biglietto dell\u2019autobus direttamente dall\u2019autista anche sulla rete urbana, come gi\u00e0\u2026<\/p>\n<p class=\"continue-reading-button\"> <a class=\"continue-reading-link\" href=\"https:\/\/www.ilmondodeitreni.it\/blog\/?p=1842\">Continua la lettura<i class=\"crycon-right-dir\"><\/i><\/a><\/p>\n","protected":false},"author":3,"featured_media":0,"comment_status":"open","ping_status":"open","sticky":false,"template":"","format":"standard","meta":{"footnotes":""},"categories":[2],"tags":[874,8,1467,871],"class_list":["post-1842","post","type-post","status-publish","format-standard","hentry","category-news","tag-atv","tag-autobus","tag-stefano-zaninelli","tag-verona"],"_links":{"self":[{"href":"https:\/\/www.ilmondodeitreni.it\/blog\/index.php?rest_route=\/wp\/v2\/posts\/1842","targetHints":{"allow":["GET"]}}],"collection":[{"href":"https:\/\/www.ilmondodeitreni.it\/blog\/index.php?rest_route=\/wp\/v2\/posts"}],"about":[{"href":"https:\/\/www.ilmondodeitreni.it\/blog\/index.php?rest_route=\/wp\/v2\/types\/post"}],"author":[{"embeddable":true,"href":"https:\/\/www.ilmondodeitreni.it\/blog\/index.php?rest_route=\/wp\/v2\/users\/3"}],"replies":[{"embeddable":true,"href":"https:\/\/www.ilmondodeitreni.it\/blog\/index.php?rest_route=%2Fwp%2Fv2%2Fcomments&post=1842"}],"version-history":[{"count":1,"href":"https:\/\/www.ilmondodeitreni.it\/blog\/index.php?rest_route=\/wp\/v2\/posts\/1842\/revisions"}],"predecessor-version":[{"id":1844,"href":"https:\/\/www.ilmondodeitreni.it\/blog\/index.php?rest_route=\/wp\/v2\/posts\/1842\/revisions\/1844"}],"wp:attachment":[{"href":"https:\/\/www.ilmondodeitreni.it\/blog\/index.php?rest_route=%2Fwp%2Fv2%2Fmedia&parent=1842"}],"wp:term":[{"taxonomy":"category","embeddable":true,"href":"https:\/\/www.ilmondodeitreni.it\/blog\/index.php?rest_route=%2Fwp%2Fv2%2Fcategories&post=1842"},{"taxonomy":"post_tag","embeddable":true,"href":"https:\/\/www.ilmondodeitreni.it\/blog\/index.php?rest_route=%2Fwp%2Fv2%2Ftags&post=1842"}],"curies":[{"name":"wp","href":"https:\/\/api.w.org\/{rel}","templated":true}]}}