{"id":1827,"date":"2015-04-23T22:00:58","date_gmt":"2015-04-23T20:00:58","guid":{"rendered":"http:\/\/www.ilmondodeitreni.it\/blog\/?p=1827"},"modified":"2015-04-23T22:25:45","modified_gmt":"2015-04-23T20:25:45","slug":"metro-c-stop-di-3-giorni-e-da-lunedi-orario-lungo","status":"publish","type":"post","link":"https:\/\/www.ilmondodeitreni.it\/blog\/?p=1827","title":{"rendered":"Metro C, stop di 3 giorni e da luned\u00ec orario lungo"},"content":{"rendered":"<p style=\"text-align: justify;\"><a href=\"http:\/\/www.ilmondodeitreni.it\/blog\/wp-content\/uploads\/2014\/11\/1292011112515CIMG1380.jpg\"><img loading=\"lazy\" decoding=\"async\" class=\"alignleft size-thumbnail wp-image-136\" src=\"http:\/\/www.ilmondodeitreni.it\/blog\/wp-content\/uploads\/2014\/11\/1292011112515CIMG1380-150x150.jpg\" alt=\"1292011112515CIMG1380\" width=\"150\" height=\"150\" \/><\/a>Proseguono i lavori sulla linea C della metropolitana per arrivare a una progressiva estensione del percorso e degli orari. Proprio per attivit\u00e0 preparatorie all&#8217;attivazione del tratto Centocelle-Lodi\u00a0e per aumentare l\u2019orario di servizio giornaliero, venerd\u00ec 24, sabato 25 e domenica 26 aprile, l&#8217;intera linea C rester\u00e0 chiusa. Durante l\u2019interruzione saranno potenziate le linee 105 e 106, che seguono il percorso della linea C della metropolitana rispettivamente tra Centocelle e Grotte Celoni e tra Giardinetti e Pantano. Al posto della metro C nella tratta Centocelle-Giardinetti potranno essere utilizzatri anche i treni della ferrovia regionale Termini-Giardinetti. Durante i lavori la linea di collegamento 50 Centocelle-Termini sar\u00e0 sospesa.\u00a0 Il primo effetto positivo dei lavori che si svolgeranno nel corso dei tre giorni di interruzione sar\u00e0 l\u2019estensione dell\u2019orario della linea. Dal 27 aprile, infatti, la linea C della metropolitana sar\u00e0 attiva tutti i giorni feriali e festivi con lo stesso orario, dalle ore 5.30 alle ore 23.30 (ultime partenze dai capolinea di Centocelle e Pantano).\u00a0 Con l\u2019estensione dell\u2019orario aumenta anche il servizio della linea 50 in strada sino all&#8217;1 circa. L\u2019ultima partenza da Centocelle in direzione Termini, infatti sar\u00e0 attorno alla mezzanotte (il bus, prima di partire, attender\u00e0 comunque l&#8217;arrivo di tutti i passeggeri dell&#8217;ultimo treno arrivato a Centocelle), con transito da Termini in direzione Centocelle alle ore 0.40 circa consentendo di incrementare l\u2019offerta di posti lungo una direttrice molto frequentata anche nelle ore notturne.<\/p>\n<p>Tra la fine di giugno e la met\u00e0 di luglio, poi, \u00e8 previsto l\u2019avvio del servizio viaggiatori tra Centocelle e piazza Lodi. Due mesi e mezzo circa e Roma potr\u00e0 contare su 6 nuove stazioni: \u201cMirti\u201d, \u201cGardenie\u201d, \u201cTeano\u201d, \u201cMalatesta\u201d, \u201cPigneto\u201d e \u201cLodi\u201d.<br \/>\nLe nuove fermate verranno presentate ai romani gioved\u00ec prossimo, 30 aprile, con un \u201copen day\u201d dalle 12,30 alle 19,30. Dopo piazza Lodi, la metro C punter\u00e0 verso San Giovanni, dove incontrer\u00e0 la linea A. L\u2019apertura al pubblico della fermata San Giovanni della linea C \u00e8 prevista a met\u00e0 2016. Ad affermarlo Paolo Omodeo Sal\u00e8, presidente di Roma Metropolitane. \u201cLa linea proseguir\u00e0 poi verso i Fori Imperiali \u2013 ha spiegato Sal\u00e8 \u2013 le talpe potrebbero arrivarci tra due anni circa\u201d. Il progetto definitivo per il tratto dai Fori Imperiali a piazza Venezia \u00e8 stato presentato lo scorso dicembre. E c\u2019\u00e8 anche un progetto di massima che riguarda il tratto da piazza Venezia a Ottaviano. \u201cLa linea \u2013 ha concluso Sal\u00e8 &#8211; deve comunque arrivare a Grottarossa, \u00e8 fondamentale<\/p>\n","protected":false},"excerpt":{"rendered":"<p>Proseguono i lavori sulla linea C della metropolitana per arrivare a una progressiva estensione del percorso e degli orari. Proprio per attivit\u00e0 preparatorie all&#8217;attivazione del tratto Centocelle-Lodi\u00a0e per aumentare l\u2019orario di servizio giornaliero, venerd\u00ec 24, sabato 25 e domenica 26 aprile, l&#8217;intera linea C rester\u00e0 chiusa. Durante l\u2019interruzione saranno potenziate le linee 105 e 106, che seguono il percorso della linea C della metropolitana rispettivamente tra Centocelle e Grotte Celoni\u2026<\/p>\n<p class=\"continue-reading-button\"> <a class=\"continue-reading-link\" href=\"https:\/\/www.ilmondodeitreni.it\/blog\/?p=1827\">Continua la lettura<i class=\"crycon-right-dir\"><\/i><\/a><\/p>\n","protected":false},"author":2,"featured_media":0,"comment_status":"open","ping_status":"open","sticky":false,"template":"","format":"standard","meta":{"footnotes":""},"categories":[2,48],"tags":[7,49,1053,9,1461],"class_list":["post-1827","post","type-post","status-publish","format-standard","hentry","category-news","category-speciale-metro-c","tag-atac","tag-metro-c","tag-paolo-omodeo-sale","tag-roma","tag-roma-metropolitane"],"_links":{"self":[{"href":"https:\/\/www.ilmondodeitreni.it\/blog\/index.php?rest_route=\/wp\/v2\/posts\/1827","targetHints":{"allow":["GET"]}}],"collection":[{"href":"https:\/\/www.ilmondodeitreni.it\/blog\/index.php?rest_route=\/wp\/v2\/posts"}],"about":[{"href":"https:\/\/www.ilmondodeitreni.it\/blog\/index.php?rest_route=\/wp\/v2\/types\/post"}],"author":[{"embeddable":true,"href":"https:\/\/www.ilmondodeitreni.it\/blog\/index.php?rest_route=\/wp\/v2\/users\/2"}],"replies":[{"embeddable":true,"href":"https:\/\/www.ilmondodeitreni.it\/blog\/index.php?rest_route=%2Fwp%2Fv2%2Fcomments&post=1827"}],"version-history":[{"count":1,"href":"https:\/\/www.ilmondodeitreni.it\/blog\/index.php?rest_route=\/wp\/v2\/posts\/1827\/revisions"}],"predecessor-version":[{"id":1828,"href":"https:\/\/www.ilmondodeitreni.it\/blog\/index.php?rest_route=\/wp\/v2\/posts\/1827\/revisions\/1828"}],"wp:attachment":[{"href":"https:\/\/www.ilmondodeitreni.it\/blog\/index.php?rest_route=%2Fwp%2Fv2%2Fmedia&parent=1827"}],"wp:term":[{"taxonomy":"category","embeddable":true,"href":"https:\/\/www.ilmondodeitreni.it\/blog\/index.php?rest_route=%2Fwp%2Fv2%2Fcategories&post=1827"},{"taxonomy":"post_tag","embeddable":true,"href":"https:\/\/www.ilmondodeitreni.it\/blog\/index.php?rest_route=%2Fwp%2Fv2%2Ftags&post=1827"}],"curies":[{"name":"wp","href":"https:\/\/api.w.org\/{rel}","templated":true}]}}