{"id":1800,"date":"2015-04-18T00:45:50","date_gmt":"2015-04-17T22:45:50","guid":{"rendered":"http:\/\/www.ilmondodeitreni.it\/blog\/?p=1800"},"modified":"2015-04-18T00:50:10","modified_gmt":"2015-04-17T22:50:10","slug":"torino-nasce-la-nuova-linea-tranviaria-numero-6","status":"publish","type":"post","link":"https:\/\/www.ilmondodeitreni.it\/blog\/?p=1800","title":{"rendered":"Torino: nasce la nuova linea tranviaria numero 6"},"content":{"rendered":"<p style=\"text-align: justify;\"><img loading=\"lazy\" decoding=\"async\" class=\"alignleft size-thumbnail wp-image-1391\" src=\"http:\/\/www.ilmondodeitreni.it\/blog\/wp-content\/uploads\/2015\/02\/CA03_1repubblica-160x120.jpg\" alt=\"CA03_1repubblica\" width=\"160\" height=\"120\" srcset=\"https:\/\/www.ilmondodeitreni.it\/blog\/wp-content\/uploads\/2015\/02\/CA03_1repubblica-160x120.jpg 160w, https:\/\/www.ilmondodeitreni.it\/blog\/wp-content\/uploads\/2015\/02\/CA03_1repubblica.jpg 640w, https:\/\/www.ilmondodeitreni.it\/blog\/wp-content\/uploads\/2015\/02\/CA03_1repubblica-200x150.jpg 200w, https:\/\/www.ilmondodeitreni.it\/blog\/wp-content\/uploads\/2015\/02\/CA03_1repubblica-150x113.jpg 150w\" sizes=\"auto, (max-width: 160px) 100vw, 160px\" \/>Da domenica 19 aprile 2015 sar\u00e0 in servizio una nuova linea di tram a Torino denominata &#8220;6&#8221; che collegher\u00e0 piazza Hermada a piazza Statuto. La nuova linea 6 nasce con l&#8217;intento di dare una soluzione a diverse esigenze di trasporto (scarica la <a href=\"http:\/\/www.gtt.to.it\/cms\/risorse\/avvisi\/pdf\/mappa_linea_6.pdf\" target=\"_blank\"><strong><span style=\"color: #0066cc;\">mappa in formato pdf<\/span><\/strong><\/a>).<br \/>\nAnzitutto\u00a0nei giorni dell&#8217; Ostensione della Sindone la nuova linea permetter\u00e0 a pellegrini e turisti di raggiungere agevolmente il Duomo. Inoltre\u00a0anche gli studenti del Campus universitario Luigi Einaudi avranno a disposizione un mezzo tranviario ad alta capienza per raggiungere il centro e la stazione di Porta Susa. Infine\u00a0viene ripristinato, accogliendo le richieste dei residenti, un collegamento tranviario con il quartiere Oltre Po. I tram utilizzati saranno i pi\u00f9 moderni della flotta, le motrici Cityway serie 6.000, bidirezionali.<br \/>\nLa linea 6 sar\u00e0 anche interessata da prossimi lavori di adeguamento per l&#8217;accessibilit\u00e0 delle persone disabili\u00a0in fermata.\u00a0\u00a0 Il percorso \u00e8 inedito per una linea tranviaria: dal capolinea di piazza Hermada il 6 percorre corso Gabetti, attraversa il ponte sul Po e prosegue in corso Regina Margherita, piazza Repubblica, via Milano, via San Francesco d&#8217;Assisi (ritorno in via Bertola e via XX Settembre con passaggio davanti al Duomo), via Pietro Micca, via Cernaia, piazza XVIII Dicembre (stazione Porta Susa) fino a piazza Statuto.<\/p>\n<p style=\"text-align: justify;\"><strong>La linea sar\u00e0 in funzione tutti i giorni dalle 6.30 alle 23.00, con passaggi ogni 15 minuti fra le 7.00 e le 21.00.<\/strong><\/p>\n<p style=\"text-align: justify;\">L&#8217;istituzione della linea 6 comporter\u00e0, sempre a partire dal 19 aprile, le seguenti <strong>altre modifiche<\/strong>\u00a0(scarica anche la <a href=\"http:\/\/www.gtt.to.it\/cms\/risorse\/avvisi\/pdf\/6_riorganizzazione.pdf\" target=\"_blank\">mappa in formato pdf<\/a>).<\/p>\n<ul>\n<li style=\"text-align: justify;\"><strong>Linea 10.<\/strong> Prolungher\u00e0 il suo percorso da piazza Statuto fino a corso Principe Eugenio angolo corso Regina Margherita (Rond\u00f2 della Forca), ove effettuer\u00e0 il nuovo capolinea.<\/li>\n<li style=\"text-align: justify;\"><strong>Linea 13b.<\/strong> Non sar\u00e0 pi\u00f9 attiva. Il suo percorso\u00a0sar\u00e0 coperto in parte dalla linea 6; inoltre sul percorso\u00a0continuer\u00e0 comunque ad essere gestita, appositamente potenziata, la linea 13 con autobus.<\/li>\n<li style=\"text-align: justify;\"><strong>Linea 75.<\/strong>\u00a0Transiter\u00e0 per corso Tortona invece che per corso Belgio e corso Regina Margherita.<\/li>\n<li style=\"text-align: justify;\"><strong>Linea Star 1.\u00a0<\/strong>Non raggiunger\u00e0 pi\u00f9 piazza Hermada (capolinea linea 6).<\/li>\n<\/ul>\n","protected":false},"excerpt":{"rendered":"<p>Da domenica 19 aprile 2015 sar\u00e0 in servizio una nuova linea di tram a Torino denominata &#8220;6&#8221; che collegher\u00e0 piazza Hermada a piazza Statuto. La nuova linea 6 nasce con l&#8217;intento di dare una soluzione a diverse esigenze di trasporto (scarica la mappa in formato pdf). Anzitutto\u00a0nei giorni dell&#8217; Ostensione della Sindone la nuova linea permetter\u00e0 a pellegrini e turisti di raggiungere agevolmente il Duomo. Inoltre\u00a0anche gli studenti del Campus\u2026<\/p>\n<p class=\"continue-reading-button\"> <a class=\"continue-reading-link\" href=\"https:\/\/www.ilmondodeitreni.it\/blog\/?p=1800\">Continua la lettura<i class=\"crycon-right-dir\"><\/i><\/a><\/p>\n","protected":false},"author":9,"featured_media":0,"comment_status":"open","ping_status":"open","sticky":false,"template":"","format":"standard","meta":{"footnotes":""},"categories":[2],"tags":[1420,288,1421,1419,82],"class_list":["post-1800","post","type-post","status-publish","format-standard","hentry","category-news","tag-cityway","tag-gtt","tag-ostensione-della-sindone","tag-torini","tag-tram"],"_links":{"self":[{"href":"https:\/\/www.ilmondodeitreni.it\/blog\/index.php?rest_route=\/wp\/v2\/posts\/1800","targetHints":{"allow":["GET"]}}],"collection":[{"href":"https:\/\/www.ilmondodeitreni.it\/blog\/index.php?rest_route=\/wp\/v2\/posts"}],"about":[{"href":"https:\/\/www.ilmondodeitreni.it\/blog\/index.php?rest_route=\/wp\/v2\/types\/post"}],"author":[{"embeddable":true,"href":"https:\/\/www.ilmondodeitreni.it\/blog\/index.php?rest_route=\/wp\/v2\/users\/9"}],"replies":[{"embeddable":true,"href":"https:\/\/www.ilmondodeitreni.it\/blog\/index.php?rest_route=%2Fwp%2Fv2%2Fcomments&post=1800"}],"version-history":[{"count":2,"href":"https:\/\/www.ilmondodeitreni.it\/blog\/index.php?rest_route=\/wp\/v2\/posts\/1800\/revisions"}],"predecessor-version":[{"id":1802,"href":"https:\/\/www.ilmondodeitreni.it\/blog\/index.php?rest_route=\/wp\/v2\/posts\/1800\/revisions\/1802"}],"wp:attachment":[{"href":"https:\/\/www.ilmondodeitreni.it\/blog\/index.php?rest_route=%2Fwp%2Fv2%2Fmedia&parent=1800"}],"wp:term":[{"taxonomy":"category","embeddable":true,"href":"https:\/\/www.ilmondodeitreni.it\/blog\/index.php?rest_route=%2Fwp%2Fv2%2Fcategories&post=1800"},{"taxonomy":"post_tag","embeddable":true,"href":"https:\/\/www.ilmondodeitreni.it\/blog\/index.php?rest_route=%2Fwp%2Fv2%2Ftags&post=1800"}],"curies":[{"name":"wp","href":"https:\/\/api.w.org\/{rel}","templated":true}]}}