{"id":1780,"date":"2015-04-15T15:37:01","date_gmt":"2015-04-15T13:37:01","guid":{"rendered":"http:\/\/www.ilmondodeitreni.it\/blog\/?p=1780"},"modified":"2015-04-15T15:39:06","modified_gmt":"2015-04-15T13:39:06","slug":"atac-il-cda-approva-gara-per-accordo-quadro-per-lacquisto-in-leasing-di-700-nuovi-bus","status":"publish","type":"post","link":"https:\/\/www.ilmondodeitreni.it\/blog\/?p=1780","title":{"rendered":"Atac, il Cda approva gara per accordo quadro per l\u00b4acquisto in leasing di 700 nuovi bus"},"content":{"rendered":"<p><a href=\"http:\/\/www.ilmondodeitreni.it\/blog\/wp-content\/uploads\/2015\/02\/9660_077vialeamerica.jpg\"><img loading=\"lazy\" decoding=\"async\" class=\"alignleft wp-image-1371 size-thumbnail\" src=\"http:\/\/www.ilmondodeitreni.it\/blog\/wp-content\/uploads\/2015\/02\/9660_077vialeamerica-160x120.jpg\" alt=\"\" width=\"160\" height=\"120\" srcset=\"https:\/\/www.ilmondodeitreni.it\/blog\/wp-content\/uploads\/2015\/02\/9660_077vialeamerica-160x120.jpg 160w, https:\/\/www.ilmondodeitreni.it\/blog\/wp-content\/uploads\/2015\/02\/9660_077vialeamerica.jpg 640w, https:\/\/www.ilmondodeitreni.it\/blog\/wp-content\/uploads\/2015\/02\/9660_077vialeamerica-200x150.jpg 200w, https:\/\/www.ilmondodeitreni.it\/blog\/wp-content\/uploads\/2015\/02\/9660_077vialeamerica-150x113.jpg 150w\" sizes=\"auto, (max-width: 160px) 100vw, 160px\" \/><\/a><\/p>\n<p style=\"text-align: justify;\">Il Consiglio di Amministrazione di Atac ha approvato oggi dei provvedimenti che vanno nella direzione di un importante miglioramento del servizio in attuazione del Piano Industriale aziendale, redatto sulla scorta degli indirizzi emanati dall\u00b4Assessorato alla Mobilit\u00e0 e ai Trasporti di Roma Capitale, approvato allo scadere dello scorso anno ed in vista della ormai prossima stipula del nuovo contratto di servizio. In particolare, il CdA ha deliberato l&#8217;autorizzazione ad indire una gara per l&#8217;affidamento di un Accordo Quadro per la fornitura in Leasing di autobus a trazione diesel da 12 e 18 metri, fino ad un massimo di 700 mezzi. L\u00b4accordo quadro avr\u00e0 durata 4 anni con un leasing di 10 anni e sar\u00e0 articolato in pi\u00f9 contratti applicativi. Gi\u00e0 con il primo contratto applicativo si prevede la fornitura di circa 300 bus, i primi 100 dei quali potranno andare in servizio gi\u00e0 dal prossimo gennaio 2016, quindi utili al miglioramento del servizio in occasione del Giubileo. Il canone di leasing ammonta a circa 10 milioni di euro sia per il 2016 che per il 2017. La gara, per assicurare la massima trasparenza, verr\u00e0 svolta con il sistema dell&#8217; e-procurement e partir\u00e0 a breve. I mezzi saranno dotati di tutti i pi\u00f9 moderni sistemi in termini di sicurezza, tecnologia, confort di viaggio e accessibilit\u00e0: sono infatti previsti tra l\u00b4altro sistemi di video sorveglianza, cabine di guida protette con porta di accesso riservata, sistemi multimediali per la comunicazione a bordo, sistema satellitare per la tracciabilit\u00e0 del mezzo, pedane di accesso ribaltabili manualmente, aria condizionata integrale, annuncio di prossima fermata.<\/p>\n<p>Sempre sul versante degli investimenti, si segnala l\u00b4approvazione delle gare per la fornitura e messa in opera di quanto necessario (ruote, assili, freni, ecc) alla manutenzione straordinaria dei carrelli dei 53 treni CAF serie 300 ora in circolazione sulle linee metro A\/B\/B1 e sulla Roma Lido. Si tratta anche in questo caso di un accordo quadro della durata di 4 anni con un primo contratto applicativo che prevede la consegna delle forniture da gennaio 2016. Il costo per il primo anno \u00e8 di circa 10 milioni di euro. Anche questa gara partir\u00e0 a breve e sar\u00e0 ancora svolta con il sistema dell&#8217;e-procurement.<\/p>\n<p>Infine, il CdA ha approvato la dismissione dei titoli Intesa Bank Ireland plc &#8211; scadenza giugno 2021 e giugno 2026: l\u00b4operazione porter\u00e0 nelle casse di Atac circa 50 milioni di euro, che saranno destinati al miglioramento della qualit\u00e0 del servizio e all\u00b4abbattimento del debito bancario.<\/p>\n","protected":false},"excerpt":{"rendered":"<p>Il Consiglio di Amministrazione di Atac ha approvato oggi dei provvedimenti che vanno nella direzione di un importante miglioramento del servizio in attuazione del Piano Industriale aziendale, redatto sulla scorta degli indirizzi emanati dall\u00b4Assessorato alla Mobilit\u00e0 e ai Trasporti di Roma Capitale, approvato allo scadere dello scorso anno ed in vista della ormai prossima stipula del nuovo contratto di servizio. In particolare, il CdA ha deliberato l&#8217;autorizzazione ad indire una\u2026<\/p>\n<p class=\"continue-reading-button\"> <a class=\"continue-reading-link\" href=\"https:\/\/www.ilmondodeitreni.it\/blog\/?p=1780\">Continua la lettura<i class=\"crycon-right-dir\"><\/i><\/a><\/p>\n","protected":false},"author":1,"featured_media":0,"comment_status":"open","ping_status":"open","sticky":false,"template":"","format":"standard","meta":{"footnotes":""},"categories":[6,2],"tags":[7,8,149,1405,1403,1404,42,9,908],"class_list":["post-1780","post","type-post","status-publish","format-standard","hentry","category-autobus-di-roma","category-news","tag-atac","tag-autobus","tag-caf","tag-e-procurement","tag-giubileo","tag-intesa-bank-ireland-plc","tag-metropolitana","tag-roma","tag-roma-capitale"],"_links":{"self":[{"href":"https:\/\/www.ilmondodeitreni.it\/blog\/index.php?rest_route=\/wp\/v2\/posts\/1780","targetHints":{"allow":["GET"]}}],"collection":[{"href":"https:\/\/www.ilmondodeitreni.it\/blog\/index.php?rest_route=\/wp\/v2\/posts"}],"about":[{"href":"https:\/\/www.ilmondodeitreni.it\/blog\/index.php?rest_route=\/wp\/v2\/types\/post"}],"author":[{"embeddable":true,"href":"https:\/\/www.ilmondodeitreni.it\/blog\/index.php?rest_route=\/wp\/v2\/users\/1"}],"replies":[{"embeddable":true,"href":"https:\/\/www.ilmondodeitreni.it\/blog\/index.php?rest_route=%2Fwp%2Fv2%2Fcomments&post=1780"}],"version-history":[{"count":2,"href":"https:\/\/www.ilmondodeitreni.it\/blog\/index.php?rest_route=\/wp\/v2\/posts\/1780\/revisions"}],"predecessor-version":[{"id":1783,"href":"https:\/\/www.ilmondodeitreni.it\/blog\/index.php?rest_route=\/wp\/v2\/posts\/1780\/revisions\/1783"}],"wp:attachment":[{"href":"https:\/\/www.ilmondodeitreni.it\/blog\/index.php?rest_route=%2Fwp%2Fv2%2Fmedia&parent=1780"}],"wp:term":[{"taxonomy":"category","embeddable":true,"href":"https:\/\/www.ilmondodeitreni.it\/blog\/index.php?rest_route=%2Fwp%2Fv2%2Fcategories&post=1780"},{"taxonomy":"post_tag","embeddable":true,"href":"https:\/\/www.ilmondodeitreni.it\/blog\/index.php?rest_route=%2Fwp%2Fv2%2Ftags&post=1780"}],"curies":[{"name":"wp","href":"https:\/\/api.w.org\/{rel}","templated":true}]}}