{"id":1616,"date":"2015-03-17T22:43:28","date_gmt":"2015-03-17T21:43:28","guid":{"rendered":"http:\/\/www.ilmondodeitreni.it\/blog\/?p=1616"},"modified":"2015-03-17T22:43:28","modified_gmt":"2015-03-17T21:43:28","slug":"ungheria-arrivato-a-budapest-il-primo-tram-costruito-da-caf","status":"publish","type":"post","link":"https:\/\/www.ilmondodeitreni.it\/blog\/?p=1616","title":{"rendered":"Ungheria: Arrivato a Budapest il primo tram costruito da CAF"},"content":{"rendered":"<p style=\"text-align: justify;\"><img loading=\"lazy\" decoding=\"async\" class=\"alignleft size-thumbnail wp-image-1617\" src=\"http:\/\/www.ilmondodeitreni.it\/blog\/wp-content\/uploads\/2015\/03\/tn_hu-budapest_tram_front_710280b44d-160x119.jpg\" alt=\"tn_hu-budapest_tram_front_710280b44d\" width=\"160\" height=\"119\" srcset=\"https:\/\/www.ilmondodeitreni.it\/blog\/wp-content\/uploads\/2015\/03\/tn_hu-budapest_tram_front_710280b44d-160x119.jpg 160w, https:\/\/www.ilmondodeitreni.it\/blog\/wp-content\/uploads\/2015\/03\/tn_hu-budapest_tram_front_710280b44d-202x150.jpg 202w, https:\/\/www.ilmondodeitreni.it\/blog\/wp-content\/uploads\/2015\/03\/tn_hu-budapest_tram_front_710280b44d-150x111.jpg 150w, https:\/\/www.ilmondodeitreni.it\/blog\/wp-content\/uploads\/2015\/03\/tn_hu-budapest_tram_front_710280b44d.jpg 362w\" sizes=\"auto, (max-width: 160px) 100vw, 160px\" \/>Il primo dei 47 tram a pianale ribassato CAF &#8220;Urbos&#8221; \u00e8 arrivato a Budapest lo scorso 11 Marzo dalla fabbrica spagnola. BKK, l&#8217;autorit\u00e0 dei trasporti di Budapest, ha firmato, nel Marzo del 2014, un accordo con CAF del valore di 90 milioni di Euro per la fornitura di 37 tram bidirezionali a pianale ribassato ed ha firmato un&#8217;opzione per la fornitura di ulteriori 87 vetture. Dell&#8217; ordine iniziale, 25 tram saranno a cinque\u00a0casse con lunghezza di 34 metri mentre\u00a0i restanti 12 veicoli,a nove\u00a0casse, avranno una lunghezza di\u00a056 m . I tram\u00a0corti, da 34 metri, \u00a0sono\u00a0in corso di consegna\u00a0e inizieranno ad entrare in servizio sulla\u00a0Linea 3\u00a0entro il prossimo\u00a0autunno. L&#8217;assemblaggio dei 37 del tram sar\u00e0 effettuato presso la Fabbrica Dunakeszi J\u00e1rm\u0171javit\u00f3\u00a0situata \u00a0a nord di Budapest.<\/p>\n","protected":false},"excerpt":{"rendered":"<p>Il primo dei 47 tram a pianale ribassato CAF &#8220;Urbos&#8221; \u00e8 arrivato a Budapest lo scorso 11 Marzo dalla fabbrica spagnola. BKK, l&#8217;autorit\u00e0 dei trasporti di Budapest, ha firmato, nel Marzo del 2014, un accordo con CAF del valore di 90 milioni di Euro per la fornitura di 37 tram bidirezionali a pianale ribassato ed ha firmato un&#8217;opzione per la fornitura di ulteriori 87 vetture. Dell&#8217; ordine iniziale, 25 tram\u2026<\/p>\n<p class=\"continue-reading-button\"> <a class=\"continue-reading-link\" href=\"https:\/\/www.ilmondodeitreni.it\/blog\/?p=1616\">Continua la lettura<i class=\"crycon-right-dir\"><\/i><\/a><\/p>\n","protected":false},"author":6,"featured_media":0,"comment_status":"open","ping_status":"open","sticky":false,"template":"","format":"standard","meta":{"footnotes":""},"categories":[11],"tags":[1253,650,1252,82,29,115],"class_list":["post-1616","post","type-post","status-publish","format-standard","hentry","category-news-estero","tag-bkk","tag-budapest","tag-caf-urbos","tag-tram","tag-trasporti","tag-ungheria"],"_links":{"self":[{"href":"https:\/\/www.ilmondodeitreni.it\/blog\/index.php?rest_route=\/wp\/v2\/posts\/1616","targetHints":{"allow":["GET"]}}],"collection":[{"href":"https:\/\/www.ilmondodeitreni.it\/blog\/index.php?rest_route=\/wp\/v2\/posts"}],"about":[{"href":"https:\/\/www.ilmondodeitreni.it\/blog\/index.php?rest_route=\/wp\/v2\/types\/post"}],"author":[{"embeddable":true,"href":"https:\/\/www.ilmondodeitreni.it\/blog\/index.php?rest_route=\/wp\/v2\/users\/6"}],"replies":[{"embeddable":true,"href":"https:\/\/www.ilmondodeitreni.it\/blog\/index.php?rest_route=%2Fwp%2Fv2%2Fcomments&post=1616"}],"version-history":[{"count":1,"href":"https:\/\/www.ilmondodeitreni.it\/blog\/index.php?rest_route=\/wp\/v2\/posts\/1616\/revisions"}],"predecessor-version":[{"id":1618,"href":"https:\/\/www.ilmondodeitreni.it\/blog\/index.php?rest_route=\/wp\/v2\/posts\/1616\/revisions\/1618"}],"wp:attachment":[{"href":"https:\/\/www.ilmondodeitreni.it\/blog\/index.php?rest_route=%2Fwp%2Fv2%2Fmedia&parent=1616"}],"wp:term":[{"taxonomy":"category","embeddable":true,"href":"https:\/\/www.ilmondodeitreni.it\/blog\/index.php?rest_route=%2Fwp%2Fv2%2Fcategories&post=1616"},{"taxonomy":"post_tag","embeddable":true,"href":"https:\/\/www.ilmondodeitreni.it\/blog\/index.php?rest_route=%2Fwp%2Fv2%2Ftags&post=1616"}],"curies":[{"name":"wp","href":"https:\/\/api.w.org\/{rel}","templated":true}]}}