{"id":1595,"date":"2015-03-14T13:02:17","date_gmt":"2015-03-14T12:02:17","guid":{"rendered":"http:\/\/www.ilmondodeitreni.it\/blog\/?p=1595"},"modified":"2015-03-14T13:02:17","modified_gmt":"2015-03-14T12:02:17","slug":"roma-tiburtina-nuova-viabilita-lato-pietralata-per-accedere-alla-stazione","status":"publish","type":"post","link":"https:\/\/www.ilmondodeitreni.it\/blog\/?p=1595","title":{"rendered":"Roma Tiburtina: nuova viabilit\u00e0 lato Pietralata per accedere alla stazione"},"content":{"rendered":"<div id=\"attachment_1596\" style=\"width: 170px\" class=\"wp-caption alignleft\"><img loading=\"lazy\" decoding=\"async\" aria-describedby=\"caption-attachment-1596\" class=\"size-thumbnail wp-image-1596\" src=\"http:\/\/www.ilmondodeitreni.it\/blog\/wp-content\/uploads\/2015\/03\/13315Gentile-160x93.jpg\" alt=\"Maurizio Gentile, AD di RFI\" width=\"160\" height=\"93\" srcset=\"https:\/\/www.ilmondodeitreni.it\/blog\/wp-content\/uploads\/2015\/03\/13315Gentile-160x93.jpg 160w, https:\/\/www.ilmondodeitreni.it\/blog\/wp-content\/uploads\/2015\/03\/13315Gentile.jpg 640w, https:\/\/www.ilmondodeitreni.it\/blog\/wp-content\/uploads\/2015\/03\/13315Gentile-250x146.jpg 250w, https:\/\/www.ilmondodeitreni.it\/blog\/wp-content\/uploads\/2015\/03\/13315Gentile-150x87.jpg 150w\" sizes=\"auto, (max-width: 160px) 100vw, 160px\" \/><p id=\"caption-attachment-1596\" class=\"wp-caption-text\">Maurizio Gentile, AD di RFI<\/p><\/div>\n<p style=\"text-align: justify;\"><span style=\"font-family: 'Garamond','serif';\"><span style=\"color: #000000;\">Raggiungere il lato Est della stazione di Roma Tiburtina\u00a0 da oggi sar\u00e0 pi\u00f9 facile. <\/span><\/span><span style=\"font-family: 'Garamond','serif';\"><span style=\"color: #000000;\">E\u2019 stata aperta al traffico veicolare una nuova viabilit\u00e0, lato Pietralata. L\u2019infrastruttura realizzata da Rete Ferroviaria Italiana, nell\u2019ambito degli interventi di riqualificazione dell\u2019area della stazione Roma Tiburtina, \u00e8 stata consegnata a Roma Capitale e ai cittadini romani. <\/span><\/span><span style=\"font-family: 'Garamond','serif';\"><span style=\"color: #000000;\">Presenti all\u2019evento Ignazio Marino, Sindaco di Roma, e Maurizio Gentile, AD di Rete Ferroviaria Italiana (Gruppo FS Italiane). <\/span><\/span><span style=\"font-family: 'Garamond','serif';\"><span style=\"color: #000000;\">La nuova viabilit\u00e0 consentir\u00e0 ai veicoli provenienti da via dei Monti di Pietralata di attraversare via dei Monti Tiburtini e raggiungere agevolmente l\u2019atrio Pietralata della stazione. I<\/span><\/span><span style=\"font-family: 'Garamond','serif';\"><span style=\"color: #000000;\">ngresso pi\u00f9 comodo anche per le auto che arrivano dall\u2019A24 (autostrada Roma \u2013 l\u2019Aquila), da San Giovanni e da via di Portonaccio grazie all\u2019apertura della rampa di collegamento fra la Nuova Circonvallazione Interna e il piazzale Est della stazione. <\/span><\/span><span style=\"font-family: 'Garamond','serif';\"><span style=\"color: #000000;\">L\u2019area aperta al traffico, complessivamente 30.500 metri quadrati, comprende: oltre 2 chilometri di strada, un\u2019area di sosta dedicata agli autobus (circa 3 mila metri quadrati), marciapiedi, verde di arredo stradale\u00a0 e 11 posti auto per la sosta veloce. <\/span><\/span><span style=\"font-family: 'Garamond','serif';\"><span style=\"color: #000000;\">Con la nuova viabilit\u00e0 appena aperta le auto e i mezzi privati avranno una migliore accessibilit\u00e0 ai parcheggi, 450 posti, gi\u00e0 attivi da aprile 2014\u00a0 e per chi usa i mezzi pubblici, una nuova linea bus (548), collegher\u00e0 la stazione all\u2019ospedale Pertini, alla Metro B (Tiburtina e Monti Tiburtini) e al quartiere di Centocelle in prossimit\u00e0 della fermata della nuova Linea C.<\/span><\/span><\/p>\n<p><span style=\"color: #000000; font-family: Calibri;\">\u00a0<\/span><\/p>\n<p>&nbsp;<\/p>\n","protected":false},"excerpt":{"rendered":"<p>Raggiungere il lato Est della stazione di Roma Tiburtina\u00a0 da oggi sar\u00e0 pi\u00f9 facile. E\u2019 stata aperta al traffico veicolare una nuova viabilit\u00e0, lato Pietralata. L\u2019infrastruttura realizzata da Rete Ferroviaria Italiana, nell\u2019ambito degli interventi di riqualificazione dell\u2019area della stazione Roma Tiburtina, \u00e8 stata consegnata a Roma Capitale e ai cittadini romani. Presenti all\u2019evento Ignazio Marino, Sindaco di Roma, e Maurizio Gentile, AD di Rete Ferroviaria Italiana (Gruppo FS Italiane). La\u2026<\/p>\n<p class=\"continue-reading-button\"> <a class=\"continue-reading-link\" href=\"https:\/\/www.ilmondodeitreni.it\/blog\/?p=1595\">Continua la lettura<i class=\"crycon-right-dir\"><\/i><\/a><\/p>\n","protected":false},"author":1,"featured_media":0,"comment_status":"open","ping_status":"open","sticky":false,"template":"","format":"standard","meta":{"footnotes":""},"categories":[2],"tags":[5,51,333,821,34,9,1236],"class_list":["post-1595","post","type-post","status-publish","format-standard","hentry","category-news","tag-ferrovie","tag-ignazio-marino","tag-maurizio-gentile","tag-pietralata","tag-rfi","tag-roma","tag-stazione-di-roma-tiburtina"],"_links":{"self":[{"href":"https:\/\/www.ilmondodeitreni.it\/blog\/index.php?rest_route=\/wp\/v2\/posts\/1595","targetHints":{"allow":["GET"]}}],"collection":[{"href":"https:\/\/www.ilmondodeitreni.it\/blog\/index.php?rest_route=\/wp\/v2\/posts"}],"about":[{"href":"https:\/\/www.ilmondodeitreni.it\/blog\/index.php?rest_route=\/wp\/v2\/types\/post"}],"author":[{"embeddable":true,"href":"https:\/\/www.ilmondodeitreni.it\/blog\/index.php?rest_route=\/wp\/v2\/users\/1"}],"replies":[{"embeddable":true,"href":"https:\/\/www.ilmondodeitreni.it\/blog\/index.php?rest_route=%2Fwp%2Fv2%2Fcomments&post=1595"}],"version-history":[{"count":1,"href":"https:\/\/www.ilmondodeitreni.it\/blog\/index.php?rest_route=\/wp\/v2\/posts\/1595\/revisions"}],"predecessor-version":[{"id":1597,"href":"https:\/\/www.ilmondodeitreni.it\/blog\/index.php?rest_route=\/wp\/v2\/posts\/1595\/revisions\/1597"}],"wp:attachment":[{"href":"https:\/\/www.ilmondodeitreni.it\/blog\/index.php?rest_route=%2Fwp%2Fv2%2Fmedia&parent=1595"}],"wp:term":[{"taxonomy":"category","embeddable":true,"href":"https:\/\/www.ilmondodeitreni.it\/blog\/index.php?rest_route=%2Fwp%2Fv2%2Fcategories&post=1595"},{"taxonomy":"post_tag","embeddable":true,"href":"https:\/\/www.ilmondodeitreni.it\/blog\/index.php?rest_route=%2Fwp%2Fv2%2Ftags&post=1595"}],"curies":[{"name":"wp","href":"https:\/\/api.w.org\/{rel}","templated":true}]}}