{"id":1592,"date":"2015-03-13T23:45:48","date_gmt":"2015-03-13T22:45:48","guid":{"rendered":"http:\/\/www.ilmondodeitreni.it\/blog\/?p=1592"},"modified":"2015-03-13T22:36:44","modified_gmt":"2015-03-13T21:36:44","slug":"metro-c-aumentato-numero-passeggeri-dal-2-marzo","status":"publish","type":"post","link":"https:\/\/www.ilmondodeitreni.it\/blog\/?p=1592","title":{"rendered":"Metro C, aumentato numero passeggeri dal 2 marzo"},"content":{"rendered":"<p style=\"text-align: justify;\"><img loading=\"lazy\" decoding=\"async\" class=\"alignleft size-thumbnail wp-image-136\" src=\"http:\/\/www.ilmondodeitreni.it\/blog\/wp-content\/uploads\/2014\/11\/1292011112515CIMG1380-150x150.jpg\" alt=\"1292011112515CIMG1380\" width=\"150\" height=\"150\" \/>L&#8217;orario di apertura 5,30-21 incide sul numero di passeggeri della Metro C. Dal 2 marzo, giorno di esordio del nuovo orario, si \u00e8 registrato un incremento di viaggiatori. E&#8217; l&#8217;assessorato alla Mobilit\u00e0 di Roma Capitale a spiegare in una nota che &#8220;dal 2 marzo scorso, giorno in cui \u00e8 stato prolungato fino alle ore 21 l&#8217;orario di esercizio della tratta Pantano-Centocelle della Metro C, si \u00e8 registrato un incremento di passeggeri del 20%. Si \u00e8 passati infatti da 10.300 a 12.500 validazioni medie al giorno. Dato che, inoltre, \u00e8 in costante incremento<\/p>\n","protected":false},"excerpt":{"rendered":"<p>L&#8217;orario di apertura 5,30-21 incide sul numero di passeggeri della Metro C. Dal 2 marzo, giorno di esordio del nuovo orario, si \u00e8 registrato un incremento di viaggiatori. E&#8217; l&#8217;assessorato alla Mobilit\u00e0 di Roma Capitale a spiegare in una nota che &#8220;dal 2 marzo scorso, giorno in cui \u00e8 stato prolungato fino alle ore 21 l&#8217;orario di esercizio della tratta Pantano-Centocelle della Metro C, si \u00e8 registrato un incremento di\u2026<\/p>\n<p class=\"continue-reading-button\"> <a class=\"continue-reading-link\" href=\"https:\/\/www.ilmondodeitreni.it\/blog\/?p=1592\">Continua la lettura<i class=\"crycon-right-dir\"><\/i><\/a><\/p>\n","protected":false},"author":1,"featured_media":0,"comment_status":"open","ping_status":"open","sticky":false,"template":"","format":"standard","meta":{"footnotes":""},"categories":[48],"tags":[7,49,42,9,29],"class_list":["post-1592","post","type-post","status-publish","format-standard","hentry","category-speciale-metro-c","tag-atac","tag-metro-c","tag-metropolitana","tag-roma","tag-trasporti"],"_links":{"self":[{"href":"https:\/\/www.ilmondodeitreni.it\/blog\/index.php?rest_route=\/wp\/v2\/posts\/1592","targetHints":{"allow":["GET"]}}],"collection":[{"href":"https:\/\/www.ilmondodeitreni.it\/blog\/index.php?rest_route=\/wp\/v2\/posts"}],"about":[{"href":"https:\/\/www.ilmondodeitreni.it\/blog\/index.php?rest_route=\/wp\/v2\/types\/post"}],"author":[{"embeddable":true,"href":"https:\/\/www.ilmondodeitreni.it\/blog\/index.php?rest_route=\/wp\/v2\/users\/1"}],"replies":[{"embeddable":true,"href":"https:\/\/www.ilmondodeitreni.it\/blog\/index.php?rest_route=%2Fwp%2Fv2%2Fcomments&post=1592"}],"version-history":[{"count":1,"href":"https:\/\/www.ilmondodeitreni.it\/blog\/index.php?rest_route=\/wp\/v2\/posts\/1592\/revisions"}],"predecessor-version":[{"id":1593,"href":"https:\/\/www.ilmondodeitreni.it\/blog\/index.php?rest_route=\/wp\/v2\/posts\/1592\/revisions\/1593"}],"wp:attachment":[{"href":"https:\/\/www.ilmondodeitreni.it\/blog\/index.php?rest_route=%2Fwp%2Fv2%2Fmedia&parent=1592"}],"wp:term":[{"taxonomy":"category","embeddable":true,"href":"https:\/\/www.ilmondodeitreni.it\/blog\/index.php?rest_route=%2Fwp%2Fv2%2Fcategories&post=1592"},{"taxonomy":"post_tag","embeddable":true,"href":"https:\/\/www.ilmondodeitreni.it\/blog\/index.php?rest_route=%2Fwp%2Fv2%2Ftags&post=1592"}],"curies":[{"name":"wp","href":"https:\/\/api.w.org\/{rel}","templated":true}]}}