{"id":15784,"date":"2026-09-01T22:19:53","date_gmt":"2026-09-01T20:19:53","guid":{"rendered":"https:\/\/www.ilmondodeitreni.it\/blog\/?p=15784"},"modified":"2026-09-02T22:23:37","modified_gmt":"2026-09-02T20:23:37","slug":"chieti-tavolo-con-regione-abruzzo-tua-e-panoramica-per-riorganizzazione-del-tpl","status":"publish","type":"post","link":"https:\/\/www.ilmondodeitreni.it\/blog\/?p=15784","title":{"rendered":"Chieti: tavolo con Regione Abruzzo, TUA e Panoramica per riorganizzazione del TPL"},"content":{"rendered":"<p style=\"text-align: justify;\" data-wp-editing=\"1\"><a href=\"http:\/\/www.ilmondodeitreni.it\/blog\/wp-content\/uploads\/2026\/09\/LP303_1piazzalesantanna.jpg\"><img loading=\"lazy\" decoding=\"async\" class=\"alignleft wp-image-15785 \" src=\"http:\/\/www.ilmondodeitreni.it\/blog\/wp-content\/uploads\/2026\/09\/LP303_1piazzalesantanna-160x107.jpg\" alt=\"\" width=\"225\" height=\"151\" srcset=\"https:\/\/www.ilmondodeitreni.it\/blog\/wp-content\/uploads\/2026\/09\/LP303_1piazzalesantanna-160x107.jpg 160w, https:\/\/www.ilmondodeitreni.it\/blog\/wp-content\/uploads\/2026\/09\/LP303_1piazzalesantanna-150x100.jpg 150w, https:\/\/www.ilmondodeitreni.it\/blog\/wp-content\/uploads\/2026\/09\/LP303_1piazzalesantanna.jpg 640w\" sizes=\"auto, (max-width: 225px) 100vw, 225px\" \/><\/a>La riorganizzazione complessiva del Trasporto Pubblico Locale (TPL) della citt\u00e0 di Chieti \u00e8 stata il tema al centro della riunione tenutasi questa mattina negli uffici del Sindaco. L\u2019incontro, presieduto dal Sindaco Giovanni Legnini insieme agli Assessori alla Mobilit\u00e0 e Trasporti, Marco Femminella e alle Politiche Giovanili, Residenzialit\u00e0 e Servizi per gli Studenti, Aurora Bruno, ha visto la partecipazione del Dirigente del Dipartimento Infrastrutture e Trasporti della Regione Abruzzo, Dott. Giovanni Marchese, unitamente ai rappresentanti dei vertici di TUA S.p.A. e La Panoramica S.r.l. Il tavolo di lavoro odierno ha individuato nel percorso avviato dalla Regione Abruzzo un\u2019occasione per il miglioramento dei servizi di trasporto cittadino, con l\u2019intento di rispondere in modo pi\u00f9 efficace e moderno alle mutate esigenze della citt\u00e0. \u00c8 infatti in fase di elaborazione la bozza del nuovo Piano Regionale dei Servizi Minimi del TPL, la cui presentazione \u00e8 prevista per il prossimo autunno. Sar\u00e0 questo strumento a ridisegnare l&#8217;assetto del Trasporto Pubblico Locale e a stabilire le nuove dotazioni chilometriche destinate ai territori. Il Comune di Chieti intende cogliere appieno questa opportunit\u00e0 per far valere le proprie priorit\u00e0, prima fra tutte la maggiore integrazione tra Campus universitario, Chieti Scalo e centro storico, per i servizi alla residenzialit\u00e0 studentesca, presentando in autunno una proposta progettuale puntuale che possa essere recepita dalla Regione Abruzzo.<\/p>\n<p style=\"text-align: justify;\">Nell&#8217;attesa del nuovo Piano e fermo restando il contratto vigente prorogato al 31 dicembre 2027, l&#8217;Amministrazione lavorer\u00e0 d&#8217;intesa con la Regione e con i gestori TUA e La Panoramica per introdurre gi\u00e0 nel breve periodo le prime razionalizzazioni delle linee con l&#8217;obiettivo di ottimizzare i servizi esistenti. Il confronto ha riguardato anche il tema dell\u2019integrazione fra i diversi vettori e l\u2019esplorazione di soluzioni innovative sulla sostenibilit\u00e0 dei mezzi e per la mobilit\u00e0 notturna e a chiamata, nell&#8217;ottica della sostenibilit\u00e0 e del miglioramento della qualit\u00e0 della vita di residenti e utenti.<\/p>\n<p style=\"text-align: justify;\">\u201cL\u2019incontro di oggi rappresenta un momento di confronto fondamentale e preparatorio rispetto alla definizione del nuovo piano per il trasporto pubblico locale della nostra citt\u00e0 \u2013 cos\u00ec il sindaco\u00a0Giovanni Legnini\u00a0&#8211; . \u00c8 nostra intenzione lavorare affinch\u00e9 il futuro assetto del TPL di Chieti dia una risposta concreta e all&#8217;avanguardia alle crescenti necessit\u00e0 del territorio. Dobbiamo costruire un sistema che metta al centro le esigenze della citt\u00e0 e, in modo particolare, quelle del nostro polo universitario, che rappresenta un motore di sviluppo imprescindibile per l&#8217;intera comunit\u00e0 teatina. Ringrazio il settore Trasporti della Regione e i gestori per la disponibilit\u00e0 al dialogo: siamo pronti a fare la nostra parte per garantire una mobilit\u00e0 moderna e all&#8217;altezza delle sfide che Chieti ha davanti, cogliendo l\u2019opportunit\u00e0 offerta dal redigendo piano regionale dei servizi minimi e che consentir\u00e0 a Chieti di formulare un\u2019ipotesi pi\u00f9 efficace del TPL cittadino\u201d.<\/p>\n<p style=\"text-align: justify;\">\u201cCome Amministrazione ci faremo promotori attivi nella redazione di un piano della mobilit\u00e0 moderno, integrato, efficiente e intermodale \u2013 commenta l\u2019assessore alla Mobilit\u00e0\u00a0Marco Femminella\u00a0&#8211; . L\u2019obiettivo \u00e8 superare le storiche criticit\u00e0 del settore attraverso una progettualit\u00e0 tecnica capace di valorizzare il ruolo strategico di Chieti come comune attrattore di flussi. Ci attiveremo da subito per elaborare una proposta mirata, che ottimizzi le frequenze e le coincidenze sul territorio, lavorando in stretta sinergia con la Regione Abruzzo e le aziende di trasporto per trasformare le istanze del territorio in soluzioni concrete per la viabilit\u00e0 cittadina che tenga conto anche di individuare un hub per integrare trasporto cittadino con le linee extraurbane, nonch\u00e9 la ferrovia\u201d.<\/p>\n<p style=\"text-align: justify;\">\u201cIl ripensamento del TPL \u00e8 un tassello necessario per consolidare la vocazione universitaria di Chieti e accompagnare la nascita dei nuovi spazi dedicati alla residenzialit\u00e0 studentesca nel centro storico e la vita studentesca \u2013 aggiunge l\u2019assessora\u00a0Aurora Bruno\u00a0&#8211; . Dobbiamo garantire ai nostri giovani e agli studenti universitari collegamenti rapidi, sicuri e adeguati agli orari delle lezioni e della vita cittadina, valutando con attenzione anche soluzioni dedicate alla mobilit\u00e0 serale e notturna. Ascoltare i bisogni di chi studia e vive la citt\u00e0 ogni giorno significa rendere Chieti sempre pi\u00f9 accogliente, inclusiva e a misura di studente\u201d.<\/p>\n<p style=\"text-align: justify;\">\n","protected":false},"excerpt":{"rendered":"<p>La riorganizzazione complessiva del Trasporto Pubblico Locale (TPL) della citt\u00e0 di Chieti \u00e8 stata il tema al centro della riunione tenutasi questa mattina negli uffici del Sindaco. L\u2019incontro, presieduto dal Sindaco Giovanni Legnini insieme agli Assessori alla Mobilit\u00e0 e Trasporti, Marco Femminella e alle Politiche Giovanili, Residenzialit\u00e0 e Servizi per gli Studenti, Aurora Bruno, ha visto la partecipazione del Dirigente del Dipartimento Infrastrutture e Trasporti della Regione Abruzzo, Dott. Giovanni\u2026<\/p>\n<p class=\"continue-reading-button\"> <a class=\"continue-reading-link\" href=\"https:\/\/www.ilmondodeitreni.it\/blog\/?p=15784\">Continua la lettura<i class=\"crycon-right-dir\"><\/i><\/a><\/p>\n","protected":false},"author":2,"featured_media":0,"comment_status":"open","ping_status":"open","sticky":false,"template":"","format":"standard","meta":{"footnotes":""},"categories":[2],"tags":[3094,10918,10917,69,95,29,3457],"class_list":["post-15784","post","type-post","status-publish","format-standard","hentry","category-news","tag-chieti","tag-giovanni-legnini","tag-la-panoramica","tag-mobilita","tag-tpl","tag-trasporti","tag-tua"],"_links":{"self":[{"href":"https:\/\/www.ilmondodeitreni.it\/blog\/index.php?rest_route=\/wp\/v2\/posts\/15784","targetHints":{"allow":["GET"]}}],"collection":[{"href":"https:\/\/www.ilmondodeitreni.it\/blog\/index.php?rest_route=\/wp\/v2\/posts"}],"about":[{"href":"https:\/\/www.ilmondodeitreni.it\/blog\/index.php?rest_route=\/wp\/v2\/types\/post"}],"author":[{"embeddable":true,"href":"https:\/\/www.ilmondodeitreni.it\/blog\/index.php?rest_route=\/wp\/v2\/users\/2"}],"replies":[{"embeddable":true,"href":"https:\/\/www.ilmondodeitreni.it\/blog\/index.php?rest_route=%2Fwp%2Fv2%2Fcomments&post=15784"}],"version-history":[{"count":1,"href":"https:\/\/www.ilmondodeitreni.it\/blog\/index.php?rest_route=\/wp\/v2\/posts\/15784\/revisions"}],"predecessor-version":[{"id":15786,"href":"https:\/\/www.ilmondodeitreni.it\/blog\/index.php?rest_route=\/wp\/v2\/posts\/15784\/revisions\/15786"}],"wp:attachment":[{"href":"https:\/\/www.ilmondodeitreni.it\/blog\/index.php?rest_route=%2Fwp%2Fv2%2Fmedia&parent=15784"}],"wp:term":[{"taxonomy":"category","embeddable":true,"href":"https:\/\/www.ilmondodeitreni.it\/blog\/index.php?rest_route=%2Fwp%2Fv2%2Fcategories&post=15784"},{"taxonomy":"post_tag","embeddable":true,"href":"https:\/\/www.ilmondodeitreni.it\/blog\/index.php?rest_route=%2Fwp%2Fv2%2Ftags&post=15784"}],"curies":[{"name":"wp","href":"https:\/\/api.w.org\/{rel}","templated":true}]}}