{"id":1563,"date":"2015-03-10T21:16:37","date_gmt":"2015-03-10T20:16:37","guid":{"rendered":"http:\/\/www.ilmondodeitreni.it\/blog\/?p=1563"},"modified":"2015-03-10T21:16:37","modified_gmt":"2015-03-10T20:16:37","slug":"bus-treno-un-nuovo-modo-di-viaggiare-fra-rieti-e-roma","status":"publish","type":"post","link":"https:\/\/www.ilmondodeitreni.it\/blog\/?p=1563","title":{"rendered":"Bus + treno: un nuovo modo di viaggiare fra Rieti e Roma"},"content":{"rendered":"<p style=\"text-align: justify;\"><img loading=\"lazy\" decoding=\"async\" class=\"alignleft size-thumbnail wp-image-1564\" src=\"http:\/\/www.ilmondodeitreni.it\/blog\/wp-content\/uploads\/2015\/03\/1436_sora-160x120.jpg\" alt=\"1436_sora\" width=\"160\" height=\"120\" srcset=\"https:\/\/www.ilmondodeitreni.it\/blog\/wp-content\/uploads\/2015\/03\/1436_sora-160x120.jpg 160w, https:\/\/www.ilmondodeitreni.it\/blog\/wp-content\/uploads\/2015\/03\/1436_sora.jpg 640w, https:\/\/www.ilmondodeitreni.it\/blog\/wp-content\/uploads\/2015\/03\/1436_sora-200x150.jpg 200w, https:\/\/www.ilmondodeitreni.it\/blog\/wp-content\/uploads\/2015\/03\/1436_sora-150x113.jpg 150w\" sizes=\"auto, (max-width: 160px) 100vw, 160px\" \/>Per cinque domeniche, a partire dal prossimo 15 marzo, Cotral e Trenitalia attiveranno in via sperimentale il nuovo servizio di trasporto intermodale ferro\/gomma al fine di facilitare e rendere pi\u00f9 agevoli gli spostamenti dei cittadini sul collegamento Rieti-Roma.<br \/>\nIn questa prima fase Cotral e Trenitalia hanno unificato le stazioni di Fara Sabina e Passo Corese e messo a punto un nuovo orario festivo di bus e treni che incrementa le corse tra il reatino e Roma, portandole dalle attuali 34 a 44 (+30%), con un aumento dell\u2019offerta di 10 corse. Inoltre, in via promozionale, nelle cinque domeniche (15\/22\/29 marzo e 5\/12 aprile) i passeggeri in partenza da Roma e diretti a Rieti, acquistando un solo biglietto Trenitalia per Fara Sabina, potranno utilizzare lo stesso ticket di viaggio anche sui collegamenti Cotral da Fara Sabina\/Passo Corese a Rieti. Con le stesse modalit\u00e0, i passeggeri in partenza da Rieti e diretti a Roma, acquistando il biglietto Cotral da Rieti a Passo Corese\/Fara Sabina potranno utilizzare lo stesso ticket di viaggio anche per i collegamenti di Trenitalia fino alla Stazione Roma\/Tiburtina. Questa agevolazione, che si rivolge a una popolazione di circa 100mila abitanti, non solo si pone l\u2019obiettivo di diffondere\u00a0 un nuovo modello di trasporto intermodale, ma potr\u00e0 anche contribuire ad incentivare il turismo culturale ed eno-gastronomico del reatino. Si tratta di una prima iniziativa voluta fortemente dalla Regione Lazio che ambisce a essere adottata in via \u00a0definitiva. L\u2019intermodalit\u00e0 \u00e8 infatti uno degli obiettivi prioritari contenuti nel pi\u00f9 ampio Piano Regionale Trasporti della Regione Lazio. Grazie alla collaborazione fra istituzioni e aziende del Tpl, verr\u00e0 erogato un servizio pi\u00f9 moderno e capillare sul territorio regionale che garantir\u00e0 un incremento delle frequenze dei collegamenti e il miglioramento delle condizioni di viaggio con effetti positivi sul decongestionamento del traffico da e verso la capitale.<\/p>\n","protected":false},"excerpt":{"rendered":"<p>Per cinque domeniche, a partire dal prossimo 15 marzo, Cotral e Trenitalia attiveranno in via sperimentale il nuovo servizio di trasporto intermodale ferro\/gomma al fine di facilitare e rendere pi\u00f9 agevoli gli spostamenti dei cittadini sul collegamento Rieti-Roma. In questa prima fase Cotral e Trenitalia hanno unificato le stazioni di Fara Sabina e Passo Corese e messo a punto un nuovo orario festivo di bus e treni che incrementa le\u2026<\/p>\n<p class=\"continue-reading-button\"> <a class=\"continue-reading-link\" href=\"https:\/\/www.ilmondodeitreni.it\/blog\/?p=1563\">Continua la lettura<i class=\"crycon-right-dir\"><\/i><\/a><\/p>\n","protected":false},"author":1,"featured_media":0,"comment_status":"open","ping_status":"open","sticky":false,"template":"","format":"standard","meta":{"footnotes":""},"categories":[2],"tags":[30,5,1220,1219,488,1218,29,23],"class_list":["post-1563","post","type-post","status-publish","format-standard","hentry","category-news","tag-cotral","tag-ferrovie","tag-intermodalita","tag-passo-corse","tag-regione-lazio","tag-rieti","tag-trasporti","tag-trenitalia"],"_links":{"self":[{"href":"https:\/\/www.ilmondodeitreni.it\/blog\/index.php?rest_route=\/wp\/v2\/posts\/1563","targetHints":{"allow":["GET"]}}],"collection":[{"href":"https:\/\/www.ilmondodeitreni.it\/blog\/index.php?rest_route=\/wp\/v2\/posts"}],"about":[{"href":"https:\/\/www.ilmondodeitreni.it\/blog\/index.php?rest_route=\/wp\/v2\/types\/post"}],"author":[{"embeddable":true,"href":"https:\/\/www.ilmondodeitreni.it\/blog\/index.php?rest_route=\/wp\/v2\/users\/1"}],"replies":[{"embeddable":true,"href":"https:\/\/www.ilmondodeitreni.it\/blog\/index.php?rest_route=%2Fwp%2Fv2%2Fcomments&post=1563"}],"version-history":[{"count":1,"href":"https:\/\/www.ilmondodeitreni.it\/blog\/index.php?rest_route=\/wp\/v2\/posts\/1563\/revisions"}],"predecessor-version":[{"id":1565,"href":"https:\/\/www.ilmondodeitreni.it\/blog\/index.php?rest_route=\/wp\/v2\/posts\/1563\/revisions\/1565"}],"wp:attachment":[{"href":"https:\/\/www.ilmondodeitreni.it\/blog\/index.php?rest_route=%2Fwp%2Fv2%2Fmedia&parent=1563"}],"wp:term":[{"taxonomy":"category","embeddable":true,"href":"https:\/\/www.ilmondodeitreni.it\/blog\/index.php?rest_route=%2Fwp%2Fv2%2Fcategories&post=1563"},{"taxonomy":"post_tag","embeddable":true,"href":"https:\/\/www.ilmondodeitreni.it\/blog\/index.php?rest_route=%2Fwp%2Fv2%2Ftags&post=1563"}],"curies":[{"name":"wp","href":"https:\/\/api.w.org\/{rel}","templated":true}]}}