{"id":15625,"date":"2026-04-30T10:28:08","date_gmt":"2026-04-30T08:28:08","guid":{"rendered":"https:\/\/www.ilmondodeitreni.it\/blog\/?p=15625"},"modified":"2026-05-02T00:35:50","modified_gmt":"2026-05-01T22:35:50","slug":"a-vienna-in-treno-veronica-fusaro-viaggia-nel-rispetto-dellambiente","status":"publish","type":"post","link":"https:\/\/www.ilmondodeitreni.it\/blog\/?p=15625","title":{"rendered":"A Vienna in treno: Veronica Fusaro viaggia nel rispetto dell\u2019ambiente"},"content":{"rendered":"<p style=\"text-align: justify;\"><a href=\"http:\/\/www.ilmondodeitreni.it\/blog\/wp-content\/uploads\/2021\/04\/interegio_ffs.jpg\"><img loading=\"lazy\" decoding=\"async\" class=\"alignleft size-thumbnail wp-image-12966\" src=\"http:\/\/www.ilmondodeitreni.it\/blog\/wp-content\/uploads\/2021\/04\/interegio_ffs-160x115.jpg\" alt=\"\" width=\"160\" height=\"115\" srcset=\"https:\/\/www.ilmondodeitreni.it\/blog\/wp-content\/uploads\/2021\/04\/interegio_ffs-160x115.jpg 160w, https:\/\/www.ilmondodeitreni.it\/blog\/wp-content\/uploads\/2021\/04\/interegio_ffs-640x461.jpg 640w, https:\/\/www.ilmondodeitreni.it\/blog\/wp-content\/uploads\/2021\/04\/interegio_ffs-1024x737.jpg 1024w, https:\/\/www.ilmondodeitreni.it\/blog\/wp-content\/uploads\/2021\/04\/interegio_ffs-768x553.jpg 768w, https:\/\/www.ilmondodeitreni.it\/blog\/wp-content\/uploads\/2021\/04\/interegio_ffs-150x108.jpg 150w, https:\/\/www.ilmondodeitreni.it\/blog\/wp-content\/uploads\/2021\/04\/interegio_ffs.jpg 1500w\" sizes=\"auto, (max-width: 160px) 100vw, 160px\" \/><\/a>Il 2 maggio la cantante Veronica Fusaro e tutta la delegazione svizzera partiranno in treno dalla stazione centrale di Zurigo alla volta di Vienna per partecipare all&#8217;<a href=\"https:\/\/youtu.be\/PfpYGAzW5dM?si=7DQ0UETQswQSlves\">Eurovision Song Contest<\/a>, il\u00a0 concorso musicale pi\u00f9 importante d\u2019Europa. Saranno in buona compagnia, poich\u00e9 i viaggi internazionali in treno sono di tendenza in quanto sinonimo di sostenibilit\u00e0, semplicit\u00e0 e comodit\u00e0. Sempre pi\u00f9 persone apprezzano infatti la possibilit\u00e0 di arrivare direttamente in centro citt\u00e0, la tranquillit\u00e0 del viaggio e l\u2019assenza di code e lunghe procedure di check-in. In collaborazione con le \u00d6BB, le FFS offrono ogni giorno oltre 12 collegamenti diretti diurni e 2 notturni tra Zurigo e Vienna in entrambe le direzioni, nonch\u00e9 verso Graz via Klagenfurt. Nel 2025, considerando unicamente i treni diurni, sono stati circa 730 000 i passeggeri che hanno viaggiato tra la Svizzera e l\u2019Austria, il 10% in pi\u00f9 rispetto all\u2019anno precedente. Tra le destinazioni pi\u00f9 popolari figurano Innsbruck, Salisburgo e Vienna. Le FFS migliorano costantemente l\u2019offerta di collegamenti tra la Svizzera e l\u2019Austria. A partire dal 15 giugno, tra Zurigo e Vienna circoler\u00e0 il Nightjet di nuova generazione. I nuovi treni offrono pi\u00f9 comfort e maggiore privacy grazie alle nuove Mini Cabin. Le FFS rispondono cos\u00ec alla crescente domanda di treni notturni e rafforzano l\u2019offerta del traffico a lunga percorrenza nel rispetto del clima in Europa.<\/p>\n<p>Grazie alla combinazione di collegamenti diurni frequenti, treni notturni confortevoli e veicoli moderni, le FFS rendono ancora pi\u00f9 semplice e comodo viaggiare tra la Svizzera e l\u2019Austria, sia per Veronica Fusaro e la delegazione svizzera che per tutti gli altri clienti.<\/p>\n","protected":false},"excerpt":{"rendered":"<p>Il 2 maggio la cantante Veronica Fusaro e tutta la delegazione svizzera partiranno in treno dalla stazione centrale di Zurigo alla volta di Vienna per partecipare all&#8217;Eurovision Song Contest, il\u00a0 concorso musicale pi\u00f9 importante d\u2019Europa. Saranno in buona compagnia, poich\u00e9 i viaggi internazionali in treno sono di tendenza in quanto sinonimo di sostenibilit\u00e0, semplicit\u00e0 e comodit\u00e0. Sempre pi\u00f9 persone apprezzano infatti la possibilit\u00e0 di arrivare direttamente in centro citt\u00e0, la\u2026<\/p>\n<p class=\"continue-reading-button\"> <a class=\"continue-reading-link\" href=\"https:\/\/www.ilmondodeitreni.it\/blog\/?p=15625\">Continua la lettura<i class=\"crycon-right-dir\"><\/i><\/a><\/p>\n","protected":false},"author":2,"featured_media":0,"comment_status":"open","ping_status":"open","sticky":false,"template":"","format":"standard","meta":{"footnotes":""},"categories":[11],"tags":[3115,5,35,6275,1453,37,10836,347],"class_list":["post-15625","post","type-post","status-publish","format-standard","hentry","category-news-estero","tag-eurovision-song-contest","tag-ferrovie","tag-ffs","tag-nightjet","tag-obb","tag-svizzera","tag-veronica-fusaro","tag-vienna"],"_links":{"self":[{"href":"https:\/\/www.ilmondodeitreni.it\/blog\/index.php?rest_route=\/wp\/v2\/posts\/15625","targetHints":{"allow":["GET"]}}],"collection":[{"href":"https:\/\/www.ilmondodeitreni.it\/blog\/index.php?rest_route=\/wp\/v2\/posts"}],"about":[{"href":"https:\/\/www.ilmondodeitreni.it\/blog\/index.php?rest_route=\/wp\/v2\/types\/post"}],"author":[{"embeddable":true,"href":"https:\/\/www.ilmondodeitreni.it\/blog\/index.php?rest_route=\/wp\/v2\/users\/2"}],"replies":[{"embeddable":true,"href":"https:\/\/www.ilmondodeitreni.it\/blog\/index.php?rest_route=%2Fwp%2Fv2%2Fcomments&post=15625"}],"version-history":[{"count":1,"href":"https:\/\/www.ilmondodeitreni.it\/blog\/index.php?rest_route=\/wp\/v2\/posts\/15625\/revisions"}],"predecessor-version":[{"id":15626,"href":"https:\/\/www.ilmondodeitreni.it\/blog\/index.php?rest_route=\/wp\/v2\/posts\/15625\/revisions\/15626"}],"wp:attachment":[{"href":"https:\/\/www.ilmondodeitreni.it\/blog\/index.php?rest_route=%2Fwp%2Fv2%2Fmedia&parent=15625"}],"wp:term":[{"taxonomy":"category","embeddable":true,"href":"https:\/\/www.ilmondodeitreni.it\/blog\/index.php?rest_route=%2Fwp%2Fv2%2Fcategories&post=15625"},{"taxonomy":"post_tag","embeddable":true,"href":"https:\/\/www.ilmondodeitreni.it\/blog\/index.php?rest_route=%2Fwp%2Fv2%2Ftags&post=15625"}],"curies":[{"name":"wp","href":"https:\/\/api.w.org\/{rel}","templated":true}]}}