{"id":15568,"date":"2026-03-11T09:30:30","date_gmt":"2026-03-11T08:30:30","guid":{"rendered":"https:\/\/www.ilmondodeitreni.it\/blog\/?p=15568"},"modified":"2026-03-11T09:30:30","modified_gmt":"2026-03-11T08:30:30","slug":"giovedi-12-marzo-e-in-consegna-il-primo-tram-della-linea-t2-di-bergamo","status":"publish","type":"post","link":"https:\/\/www.ilmondodeitreni.it\/blog\/?p=15568","title":{"rendered":"Gioved\u00ec 12 marzo \u00e8 in consegna il primo tram della linea T2 di Bergamo"},"content":{"rendered":"<p style=\"text-align: justify;\"><a href=\"http:\/\/www.ilmondodeitreni.it\/blog\/wp-content\/uploads\/2026\/03\/bergamo.jpg\"><img loading=\"lazy\" decoding=\"async\" class=\"alignleft size-thumbnail wp-image-15569\" src=\"http:\/\/www.ilmondodeitreni.it\/blog\/wp-content\/uploads\/2026\/03\/bergamo-160x120.jpg\" alt=\"\" width=\"160\" height=\"120\" srcset=\"https:\/\/www.ilmondodeitreni.it\/blog\/wp-content\/uploads\/2026\/03\/bergamo-160x120.jpg 160w, https:\/\/www.ilmondodeitreni.it\/blog\/wp-content\/uploads\/2026\/03\/bergamo-640x480.jpg 640w, https:\/\/www.ilmondodeitreni.it\/blog\/wp-content\/uploads\/2026\/03\/bergamo-768x576.jpg 768w, https:\/\/www.ilmondodeitreni.it\/blog\/wp-content\/uploads\/2026\/03\/bergamo-150x113.jpg 150w, https:\/\/www.ilmondodeitreni.it\/blog\/wp-content\/uploads\/2026\/03\/bergamo.jpg 800w\" sizes=\"auto, (max-width: 160px) 100vw, 160px\" \/><\/a>Nella serata di gioved\u00ec 12 marzo 2026, \u00e8 previsto l&#8217;arrivo al deposito TEB di Ranica del primo tram della linea tranviaria T2 Bergamo \u2013 Villa d&#8217;Alm\u00e8, salvo imprevisti durante il trasporto. Il nuovo tram \u0160koda\u00a0ForCity\u00a0Classic \u00e8 partito nella serata di ieri dagli stabilimenti \u0160koda Group di Pilsen, in Repubblica Ceca, a bordo di una bisarca di circa 43 metri.<br \/>\nI nuovi tram Skoda sono lunghi 33 metri, con una capacit\u00e0 massima di 281 passeggeri. Su ogni mezzo sono previsti 66 posti a sedere, di cui 64 fissi e 2 pieghevoli (ribaltabili) in corrispondenza degli spazi riservati alle sedie a rotelle. I 10 nuovi veicoli elettrici si integrano ai 14 gi\u00e0 in servizio sulla Linea T1, formando una flotta complessiva di 24 tram che potranno viaggiare su entrambe le linee.\u202f\u202fI nuovi mezzi sono inoltre dotati di tecnologie di ultima generazione, tra cui un avanzato sistema anticollisione in grado di monitorare costantemente lo spazio antistante il tram e contribuire alla prevenzione degli incidenti.\u00a0 Il primo nuovo tram sar\u00e0 presentato ufficialmente il 24 marzo 2026 con un evento inaugurale alla presenza dei rappresentanti di TEB, di \u0160koda Group e delle autorit\u00e0 territoriali.<\/p>\n","protected":false},"excerpt":{"rendered":"<p>Nella serata di gioved\u00ec 12 marzo 2026, \u00e8 previsto l&#8217;arrivo al deposito TEB di Ranica del primo tram della linea tranviaria T2 Bergamo \u2013 Villa d&#8217;Alm\u00e8, salvo imprevisti durante il trasporto. Il nuovo tram \u0160koda\u00a0ForCity\u00a0Classic \u00e8 partito nella serata di ieri dagli stabilimenti \u0160koda Group di Pilsen, in Repubblica Ceca, a bordo di una bisarca di circa 43 metri. I nuovi tram Skoda sono lunghi 33 metri, con una capacit\u00e0\u2026<\/p>\n<p class=\"continue-reading-button\"> <a class=\"continue-reading-link\" href=\"https:\/\/www.ilmondodeitreni.it\/blog\/?p=15568\">Continua la lettura<i class=\"crycon-right-dir\"><\/i><\/a><\/p>\n","protected":false},"author":7,"featured_media":0,"comment_status":"open","ping_status":"open","sticky":false,"template":"","format":"standard","meta":{"footnotes":""},"categories":[2],"tags":[507,10796,69,10797,10795,7290,2961,82],"class_list":["post-15568","post","type-post","status-publish","format-standard","hentry","category-news","tag-bergamo","tag-linea-t2-bergamo-villa-dalme","tag-mobilita","tag-pilsen","tag-ranica","tag-skoda","tag-teb","tag-tram"],"_links":{"self":[{"href":"https:\/\/www.ilmondodeitreni.it\/blog\/index.php?rest_route=\/wp\/v2\/posts\/15568","targetHints":{"allow":["GET"]}}],"collection":[{"href":"https:\/\/www.ilmondodeitreni.it\/blog\/index.php?rest_route=\/wp\/v2\/posts"}],"about":[{"href":"https:\/\/www.ilmondodeitreni.it\/blog\/index.php?rest_route=\/wp\/v2\/types\/post"}],"author":[{"embeddable":true,"href":"https:\/\/www.ilmondodeitreni.it\/blog\/index.php?rest_route=\/wp\/v2\/users\/7"}],"replies":[{"embeddable":true,"href":"https:\/\/www.ilmondodeitreni.it\/blog\/index.php?rest_route=%2Fwp%2Fv2%2Fcomments&post=15568"}],"version-history":[{"count":1,"href":"https:\/\/www.ilmondodeitreni.it\/blog\/index.php?rest_route=\/wp\/v2\/posts\/15568\/revisions"}],"predecessor-version":[{"id":15570,"href":"https:\/\/www.ilmondodeitreni.it\/blog\/index.php?rest_route=\/wp\/v2\/posts\/15568\/revisions\/15570"}],"wp:attachment":[{"href":"https:\/\/www.ilmondodeitreni.it\/blog\/index.php?rest_route=%2Fwp%2Fv2%2Fmedia&parent=15568"}],"wp:term":[{"taxonomy":"category","embeddable":true,"href":"https:\/\/www.ilmondodeitreni.it\/blog\/index.php?rest_route=%2Fwp%2Fv2%2Fcategories&post=15568"},{"taxonomy":"post_tag","embeddable":true,"href":"https:\/\/www.ilmondodeitreni.it\/blog\/index.php?rest_route=%2Fwp%2Fv2%2Ftags&post=15568"}],"curies":[{"name":"wp","href":"https:\/\/api.w.org\/{rel}","templated":true}]}}