{"id":15562,"date":"2026-03-06T07:14:55","date_gmt":"2026-03-06T06:14:55","guid":{"rendered":"https:\/\/www.ilmondodeitreni.it\/blog\/?p=15562"},"modified":"2026-03-06T07:14:55","modified_gmt":"2026-03-06T06:14:55","slug":"seveso-mb-07-08-marzo-interruzione-circolazione-per-attivazione-nuovo-binario","status":"publish","type":"post","link":"https:\/\/www.ilmondodeitreni.it\/blog\/?p=15562","title":{"rendered":"Seveso (MB), 07\/08 marzo interruzione circolazione per attivazione nuovo binario"},"content":{"rendered":"<div class=\"msg-subject-div\">\n<div id=\"msgSubject\" class=\"msg-subject\" style=\"text-align: justify;\"><a href=\"http:\/\/www.ilmondodeitreni.it\/blog\/wp-content\/uploads\/2024\/10\/binari.jpg\"><img loading=\"lazy\" decoding=\"async\" class=\"alignleft size-thumbnail wp-image-15085\" src=\"http:\/\/www.ilmondodeitreni.it\/blog\/wp-content\/uploads\/2024\/10\/binari-160x107.jpg\" alt=\"\" width=\"160\" height=\"107\" srcset=\"https:\/\/www.ilmondodeitreni.it\/blog\/wp-content\/uploads\/2024\/10\/binari-160x107.jpg 160w, https:\/\/www.ilmondodeitreni.it\/blog\/wp-content\/uploads\/2024\/10\/binari-640x426.jpg 640w, https:\/\/www.ilmondodeitreni.it\/blog\/wp-content\/uploads\/2024\/10\/binari-1024x682.jpg 1024w, https:\/\/www.ilmondodeitreni.it\/blog\/wp-content\/uploads\/2024\/10\/binari-768x512.jpg 768w, https:\/\/www.ilmondodeitreni.it\/blog\/wp-content\/uploads\/2024\/10\/binari-1536x1024.jpg 1536w, https:\/\/www.ilmondodeitreni.it\/blog\/wp-content\/uploads\/2024\/10\/binari-2048x1365.jpg 2048w, https:\/\/www.ilmondodeitreni.it\/blog\/wp-content\/uploads\/2024\/10\/binari-150x100.jpg 150w\" sizes=\"auto, (max-width: 160px) 100vw, 160px\" \/><\/a>La circolazione ferroviaria lungo la tratta Seveso \u2013 Camnago e Seveso \u2013 Meda sar\u00e0 interrotta nelle giornate di sabato 7 marzo e domenica 8 marzo. Le corse saranno limitate alla stazione di Seveso. L\u2019interruzione si rende necessaria per consentire l\u2019attivazione del nuovo binario, in direzione Meda, realizzato nell\u2019ambito dei lavori di potenziamento del Nodo di Seveso. Dalla ripresa del servizio di luned\u00ec 9 marzo, la circolazione dei treni sar\u00e0 spostata sul nuovo binario. Per avviare i lavori preparatori all\u2019intervento sugli impianti ferroviari, il passaggio a livello tra via Dante e corso Montello verr\u00e0 chiuso dalla sera di gioved\u00ec 5 marzo e riaprir\u00e0 la mattina di marted\u00ec 10 marzo, una volta concluse le opere di finitura previste.<\/div>\n<\/div>\n<div id=\"msgContent\">\n<div class=\"xam_msg_class\">\n<p class=\"elementToProof\" style=\"text-align: justify;\">Nelle giornate di sabato 7 e domenica 8 marzo l\u2019offerta delle linee che transitano sulle tratte interrotte sar\u00e0 riorganizzata in modo da garantire la continuit\u00e0 del viaggio dei passeggeri. I treni della linea S4 Milano Cadorna-Camnago circoleranno fra Milano e Seveso; nelle tratte Seveso \u2013 Meda e Seveso \u2013 Camnago sar\u00e0 attivato un servizio sostitutivo su bus; i treni della linea Milano-Asso circoleranno fra Meda e Asso. I dettagli sugli orari di treni e bus sono disponibili su trenord.it e App.<\/p>\n<div class=\"elementToProof\" style=\"text-align: justify;\"><b>NUOVO BINARIO DI CIRCOLAZIONE<\/b>\u00a0\u2013 Per attivare il nuovo binario di circolazione \u00e8 necessario realizzare importanti modifiche che riguardano l\u2019infrastruttura ferroviaria, gli impianti di trazione elettrica e il segnalamento nel nodo di Seveso. I lavori all\u2019armamento verranno realizzati in orario notturno; gli altri interventi alla trazione e al segnalamento saranno invece effettuato in orario diurno.<\/div>\n<div class=\"elementToProof\" style=\"text-align: justify;\"><b>POTENZIAMENTO DEL NODO FERROVIARIO DI SEVESO<\/b>\u00a0\u2013 I lavori di potenziamento del nodo ferroviario di Seveso, prevedono, tra le altre cose, il rifacimento degli impianti ferroviari e delle banchine, il raddoppio delle tratte Seveso &#8211; Camnago Lentate e Seveso &#8211; Meda, la realizzazione di un sottopasso veicolare tra la via Zeuner e la via Sanzio e di un sovrappasso ciclo-pedonale in via Manzoni. Tutte le informazioni e gli aggiornamenti sono disponibili a questo link:\u00a0<a id=\"OWAdfd00761-af73-760c-a75b-52d8f6dedc95\" class=\"x_OWAAutoLink\" href=\"https:\/\/webmail.aruba.it\/layout\/mobile\/html\/tasks-tasklist.html?_v_=4.2.118.20260116_1429\" target=\"_blank\" rel=\"noopener\" data-auth=\"NotApplicable\">https:\/\/www.ferrovienord.it\/interventi-in-corso\/<\/a><\/div>\n<div class=\"elementToProof\" style=\"text-align: justify;\"><b>CANALE SEGNALAZIONI E INFOPOINT<\/b>\u00a0\u2013 Per eventuali domande, richieste o chiarimenti riguardanti i lavori, l\u2019infrastruttura ferroviaria e le stazioni di FERROVIENORD \u00e8 sempre possibile inviare una segnalazione utilizzando le modalit\u00e0 pubblicate sul sito alla pagina:\u00a0<a id=\"OWAd6b26424-c1b9-e055-c3b5-885ef0a8c2a8\" class=\"x_OWAAutoLink\" href=\"https:\/\/webmail.aruba.it\/layout\/mobile\/html\/tasks-tasklist.html?_v_=4.2.118.20260116_1429\" target=\"_blank\" rel=\"noopener\" data-auth=\"NotApplicable\">https:\/\/www.ferrovienord.it\/segnalazioni-e-reclami\/.<\/a>\u00a0Inoltre, nella stazione di Milano Cadorna, \u00e8 stato aperto un Info Point Cantieri, uno spazio di dialogo e un luogo di ascolto e informazione dove i cittadini possono trovare materiali aggiornati, porre domande, segnalare eventuali criticit\u00e0 e comprendere meglio la portata delle trasformazioni in atto nella rete di FERROVIENORD. L\u2019Info Point, collocato nel corridoio di ingresso sulla destra della stazione, \u00e8 aperto al pubblico dal luned\u00ec al venerd\u00ec (dalle 8.30 alle 12.30 e dalle 13.30 alle 16.30).<\/div>\n<\/div>\n<\/div>\n","protected":false},"excerpt":{"rendered":"<p>La circolazione ferroviaria lungo la tratta Seveso \u2013 Camnago e Seveso \u2013 Meda sar\u00e0 interrotta nelle giornate di sabato 7 marzo e domenica 8 marzo. Le corse saranno limitate alla stazione di Seveso. L\u2019interruzione si rende necessaria per consentire l\u2019attivazione del nuovo binario, in direzione Meda, realizzato nell\u2019ambito dei lavori di potenziamento del Nodo di Seveso. Dalla ripresa del servizio di luned\u00ec 9 marzo, la circolazione dei treni sar\u00e0 spostata\u2026<\/p>\n<p class=\"continue-reading-button\"> <a class=\"continue-reading-link\" href=\"https:\/\/www.ilmondodeitreni.it\/blog\/?p=15562\">Continua la lettura<i class=\"crycon-right-dir\"><\/i><\/a><\/p>\n","protected":false},"author":2,"featured_media":0,"comment_status":"open","ping_status":"open","sticky":false,"template":"","format":"standard","meta":{"footnotes":""},"categories":[2],"tags":[7677,2828,1222,31,9814,122,29],"class_list":["post-15562","post","type-post","status-publish","format-standard","hentry","category-news","tag-camnago","tag-ferrovie-nord-milano","tag-lavori","tag-lombardia","tag-meda","tag-seveso","tag-trasporti"],"_links":{"self":[{"href":"https:\/\/www.ilmondodeitreni.it\/blog\/index.php?rest_route=\/wp\/v2\/posts\/15562","targetHints":{"allow":["GET"]}}],"collection":[{"href":"https:\/\/www.ilmondodeitreni.it\/blog\/index.php?rest_route=\/wp\/v2\/posts"}],"about":[{"href":"https:\/\/www.ilmondodeitreni.it\/blog\/index.php?rest_route=\/wp\/v2\/types\/post"}],"author":[{"embeddable":true,"href":"https:\/\/www.ilmondodeitreni.it\/blog\/index.php?rest_route=\/wp\/v2\/users\/2"}],"replies":[{"embeddable":true,"href":"https:\/\/www.ilmondodeitreni.it\/blog\/index.php?rest_route=%2Fwp%2Fv2%2Fcomments&post=15562"}],"version-history":[{"count":2,"href":"https:\/\/www.ilmondodeitreni.it\/blog\/index.php?rest_route=\/wp\/v2\/posts\/15562\/revisions"}],"predecessor-version":[{"id":15564,"href":"https:\/\/www.ilmondodeitreni.it\/blog\/index.php?rest_route=\/wp\/v2\/posts\/15562\/revisions\/15564"}],"wp:attachment":[{"href":"https:\/\/www.ilmondodeitreni.it\/blog\/index.php?rest_route=%2Fwp%2Fv2%2Fmedia&parent=15562"}],"wp:term":[{"taxonomy":"category","embeddable":true,"href":"https:\/\/www.ilmondodeitreni.it\/blog\/index.php?rest_route=%2Fwp%2Fv2%2Fcategories&post=15562"},{"taxonomy":"post_tag","embeddable":true,"href":"https:\/\/www.ilmondodeitreni.it\/blog\/index.php?rest_route=%2Fwp%2Fv2%2Ftags&post=15562"}],"curies":[{"name":"wp","href":"https:\/\/api.w.org\/{rel}","templated":true}]}}