{"id":15524,"date":"2026-01-05T19:38:39","date_gmt":"2026-01-05T18:38:39","guid":{"rendered":"https:\/\/www.ilmondodeitreni.it\/blog\/?p=15524"},"modified":"2026-01-28T10:41:53","modified_gmt":"2026-01-28T09:41:53","slug":"umbria-al-via-il-servizio-trenitalia-tra-perugia-s-anna-e-citta-di-castello","status":"publish","type":"post","link":"https:\/\/www.ilmondodeitreni.it\/blog\/?p=15524","title":{"rendered":"Umbria, al via il servizio Trenitalia tra Perugia S. Anna e Citt\u00e0 di Castello"},"content":{"rendered":"<p style=\"text-align: justify;\"><a href=\"http:\/\/www.ilmondodeitreni.it\/blog\/wp-content\/uploads\/2019\/06\/ALn776011eALn776012_umbertide.jpg\"><img loading=\"lazy\" decoding=\"async\" class=\"alignleft size-thumbnail wp-image-9409\" src=\"http:\/\/www.ilmondodeitreni.it\/blog\/wp-content\/uploads\/2019\/06\/ALn776011eALn776012_umbertide-160x120.jpg\" alt=\"\" width=\"160\" height=\"120\" srcset=\"https:\/\/www.ilmondodeitreni.it\/blog\/wp-content\/uploads\/2019\/06\/ALn776011eALn776012_umbertide-160x120.jpg 160w, https:\/\/www.ilmondodeitreni.it\/blog\/wp-content\/uploads\/2019\/06\/ALn776011eALn776012_umbertide-200x150.jpg 200w, https:\/\/www.ilmondodeitreni.it\/blog\/wp-content\/uploads\/2019\/06\/ALn776011eALn776012_umbertide.jpg 640w, https:\/\/www.ilmondodeitreni.it\/blog\/wp-content\/uploads\/2019\/06\/ALn776011eALn776012_umbertide-150x113.jpg 150w\" sizes=\"auto, (max-width: 160px) 100vw, 160px\" \/><\/a>Luned\u00ec 5 gennaio 2026 data storica per la linea ferroviaria Perugia S. Anna &#8211; Citt\u00e0 di Castello. Parte oggi il servizio regolare con trazione elettrica sull&#8217;intera tratta IFRU (ex FCU), decretando l&#8217;uscita di scena delle anziane automotrici Diesel ALn 776, sostituite da nove elettrottreni Minuetto.<br \/>\nDei nove convogli, quattro (convogli ex &#8220;Pinturicchio&#8221; 901-904) sono di propriet\u00e0 dell&#8217;Agenzia regionale Umbria TPL e Mobilit\u00e0 e concessi in comodato d&#8217;uso a Trenitalia. Cinque invece appartengono direttamente a Trenitalia e sono i ME 015, 041, 060, 067 e 071.\u00a0 I quattro elettrotreni di propriet\u00e0 regionale sono stati sottoposti a manutenzione straordinaria presso le Officine Trenitalia di Foligno, con completo rifacimento della livrea. Tre unit\u00e0 presentano la colorazione verde del Regionale Trenitalia, mentre un convoglio \u00e8 stato personalizzato con una livrea dedicata alla promozione turistica dell&#8217;Umbria, con immagini del territorio realizzate dai fotografi Marco Giugliarelli e Pierpaolo Metelli. L&#8217;intervento \u00e8 stato finanziato dalla Regione Umbria tramite fondi FSC Sviluppo e Coesione 2017-2021.\u00a0 Secondo l&#8217;Amministratore Delegato di Trenitalia, Gianpiero Strisciuglio, l&#8217;introduzione dei Minuetto consente di ridurre l&#8217;et\u00e0 media del parco regionale umbro, migliorando sostenibilit\u00e0 e qualit\u00e0 del servizio. L&#8217;intervento si inserisce in un pi\u00f9 ampio programma di investimenti tecnologici e industriali, con ricadute anche sul mantenimento dei livelli occupazionali nelle attivit\u00e0 manutentive. L&#8217;attivazione del servizio elettrico sulla linea IFRU rientra nel Contratto di Servizio Trenitalia-Regione Umbria 2018-2032, che prevede il rinnovo dell&#8217;85% del parco rotabili entro il 2027. Dopo la consegna di un ETR.104 a fine 2024, nel primo semestre 2026 \u00e8 atteso l&#8217;arrivo dei nuovi ETR.108, elettrotreni con velocit\u00e0 massima di 200 km\/h: dodici unit\u00e0 saranno destinate ai servizi regionali umbri.<\/p>\n","protected":false},"excerpt":{"rendered":"<p>Luned\u00ec 5 gennaio 2026 data storica per la linea ferroviaria Perugia S. Anna &#8211; Citt\u00e0 di Castello. Parte oggi il servizio regolare con trazione elettrica sull&#8217;intera tratta IFRU (ex FCU), decretando l&#8217;uscita di scena delle anziane automotrici Diesel ALn 776, sostituite da nove elettrottreni Minuetto. Dei nove convogli, quattro (convogli ex &#8220;Pinturicchio&#8221; 901-904) sono di propriet\u00e0 dell&#8217;Agenzia regionale Umbria TPL e Mobilit\u00e0 e concessi in comodato d&#8217;uso a Trenitalia. Cinque\u2026<\/p>\n<p class=\"continue-reading-button\"> <a class=\"continue-reading-link\" href=\"https:\/\/www.ilmondodeitreni.it\/blog\/?p=15524\">Continua la lettura<i class=\"crycon-right-dir\"><\/i><\/a><\/p>\n","protected":false},"author":2,"featured_media":0,"comment_status":"open","ping_status":"open","sticky":false,"template":"","format":"standard","meta":{"footnotes":""},"categories":[2],"tags":[879,5,3813,439,23,438],"class_list":["post-15524","post","type-post","status-publish","format-standard","hentry","category-news","tag-fcu","tag-ferrovie","tag-gianpiero-strisciuglio","tag-perugia","tag-trenitalia","tag-umbria"],"_links":{"self":[{"href":"https:\/\/www.ilmondodeitreni.it\/blog\/index.php?rest_route=\/wp\/v2\/posts\/15524","targetHints":{"allow":["GET"]}}],"collection":[{"href":"https:\/\/www.ilmondodeitreni.it\/blog\/index.php?rest_route=\/wp\/v2\/posts"}],"about":[{"href":"https:\/\/www.ilmondodeitreni.it\/blog\/index.php?rest_route=\/wp\/v2\/types\/post"}],"author":[{"embeddable":true,"href":"https:\/\/www.ilmondodeitreni.it\/blog\/index.php?rest_route=\/wp\/v2\/users\/2"}],"replies":[{"embeddable":true,"href":"https:\/\/www.ilmondodeitreni.it\/blog\/index.php?rest_route=%2Fwp%2Fv2%2Fcomments&post=15524"}],"version-history":[{"count":1,"href":"https:\/\/www.ilmondodeitreni.it\/blog\/index.php?rest_route=\/wp\/v2\/posts\/15524\/revisions"}],"predecessor-version":[{"id":15525,"href":"https:\/\/www.ilmondodeitreni.it\/blog\/index.php?rest_route=\/wp\/v2\/posts\/15524\/revisions\/15525"}],"wp:attachment":[{"href":"https:\/\/www.ilmondodeitreni.it\/blog\/index.php?rest_route=%2Fwp%2Fv2%2Fmedia&parent=15524"}],"wp:term":[{"taxonomy":"category","embeddable":true,"href":"https:\/\/www.ilmondodeitreni.it\/blog\/index.php?rest_route=%2Fwp%2Fv2%2Fcategories&post=15524"},{"taxonomy":"post_tag","embeddable":true,"href":"https:\/\/www.ilmondodeitreni.it\/blog\/index.php?rest_route=%2Fwp%2Fv2%2Ftags&post=15524"}],"curies":[{"name":"wp","href":"https:\/\/api.w.org\/{rel}","templated":true}]}}