{"id":15493,"date":"2025-12-12T20:00:16","date_gmt":"2025-12-12T19:00:16","guid":{"rendered":"https:\/\/www.ilmondodeitreni.it\/blog\/?p=15493"},"modified":"2025-12-15T15:53:58","modified_gmt":"2025-12-15T14:53:58","slug":"slovenia-nuovo-orario-dal-14-12-2025-piu-collegamenti-internazionali-adeguamenti-nel-traffico-nazionale-e-istituzione-del-traffico-passeggeri-nova-gorica-ajdovscina-e-viceversa","status":"publish","type":"post","link":"https:\/\/www.ilmondodeitreni.it\/blog\/?p=15493","title":{"rendered":"Slovenia: nuovo orario dal 14.12.2025: pi\u00f9 collegamenti internazionali, adeguamenti nel traffico nazionale e istituzione del traffico passeggeri Nova Gorica &#8211; Ajdov\u0161\u010dina e viceversa"},"content":{"rendered":"<p style=\"text-align: justify;\"><a href=\"http:\/\/www.ilmondodeitreni.it\/blog\/wp-content\/uploads\/2025\/12\/312002_sezana.jpg\"><img loading=\"lazy\" decoding=\"async\" class=\"alignleft size-thumbnail wp-image-15494\" src=\"http:\/\/www.ilmondodeitreni.it\/blog\/wp-content\/uploads\/2025\/12\/312002_sezana-160x120.jpg\" alt=\"\" width=\"160\" height=\"120\" srcset=\"https:\/\/www.ilmondodeitreni.it\/blog\/wp-content\/uploads\/2025\/12\/312002_sezana-160x120.jpg 160w, https:\/\/www.ilmondodeitreni.it\/blog\/wp-content\/uploads\/2025\/12\/312002_sezana-150x113.jpg 150w, https:\/\/www.ilmondodeitreni.it\/blog\/wp-content\/uploads\/2025\/12\/312002_sezana.jpg 640w\" sizes=\"auto, (max-width: 160px) 100vw, 160px\" \/><\/a>Il nuovo orario in Slovenia introduce modifiche che interesseranno sia il traffico ferroviario internazionale che quello nazionale. L&#8217;orario sar\u00e0 suddiviso in due periodi: dal 14 dicembre 2025 al 30 giugno 2026 e dal 1\u00b0 luglio al 12 dicembre 2026. Il motivo principale di queste modifiche \u00e8 l&#8217;aumento del numero di treni nel traffico internazionale, in particolare con l&#8217;Austria, che richiede un adeguamento della numerazione dei treni e di conseguenza influisce anche sui collegamenti nazionali.<\/p>\n<p style=\"text-align: justify;\"><span dir=\"auto\">I collegamenti ferroviari internazionali composti da treni passeggeri\u00a0<\/span><strong><span dir=\"auto\">S\u017d 510 Stadler<\/span><\/strong><span dir=\"auto\">\u00a0viaggiano in direzione di Zagabria, Graz, Pola e Villach, e naturalmente ritorno. Quest&#8217;anno, insieme alle\u00a0<\/span><strong><span dir=\"auto\">Ferrovie Croate (H\u017dPP),<\/span><\/strong><span dir=\"auto\">\u00a0abbiamo ottenuto un significativo miglioramento dei collegamenti con Pola e soprattutto con Zagabria, dove dal 1\u00b0 settembre 2025 saranno operative due coppie aggiuntive di treni S\u017d 510 (Stadler). Tutti i collegamenti rimangono nel nuovo orario.<\/span><\/p>\n<p style=\"text-align: justify;\"><span dir=\"auto\">Con l&#8217;introduzione di un nuovo orario,\u00a0<\/span><strong><span dir=\"auto\">a partire dal 14 dicembre 2025<\/span><\/strong><span dir=\"auto\">\u00a0, amplieremo ulteriormente l&#8217;offerta ferroviaria in collaborazione con le amministrazioni ferroviarie straniere. Sulla\u00a0<\/span><strong><span dir=\"auto\">tratta Lubiana &#8211; Villach e ritorno,<\/span><\/strong><span dir=\"auto\">\u00a0introdurremo due ulteriori collegamenti ferroviari (nella composizione di treni S\u017d 510 Stadler), un nuovo collegamento sulla tratta\u00a0<\/span><strong><span dir=\"auto\">Zagabria &#8211; Lubiana &#8211; Villach<\/span><\/strong><span dir=\"auto\">\u00a0(il treno viagger\u00e0 nella composizione di vagoni \u00d6BB, dal 14 giugno 2026 questo treno viagger\u00e0 direttamente per\u00a0<\/span><strong><span dir=\"auto\">Monaco di Baviera<\/span><\/strong><span dir=\"auto\">\u00a0). Sulla tratta Lubiana &#8211; Villach e ritorno, verr\u00e0 istituito un ciclo di due ore. Il cambio a Villach consentir\u00e0 quindi numerosi collegamenti ferroviari in tutta Europa. Nel 2026, stiamo inoltre negoziando l&#8217;istituzione di\u00a0<\/span><strong><span dir=\"auto\">un collegamento ferroviario diretto con il treno \u00d6BB Railjet<\/span><\/strong><span dir=\"auto\">\u00a0(la procedura per l&#8217;ottenimento dell&#8217;autorizzazione per l&#8217;esercizio del suddetto treno sulla rete ferroviaria slovena \u00e8 ancora in corso) sulla\u00a0<\/span><strong><span dir=\"auto\">tratta Lubiana &#8211; Villach &#8211; Vienna e ritorno<\/span><\/strong><span dir=\"auto\">\u00a0.<\/span><\/p>\n<p style=\"text-align: justify;\"><span dir=\"auto\">Sulla tratta\u00a0<\/span><strong><span dir=\"auto\">Maribor &#8211; Graz e ritorno,<\/span><\/strong><span dir=\"auto\">\u00a0introduciamo un servizio ferroviario puntuale (collegamento ogni ora, diretto e con cambio alla stazione di \u0160pilje), anche nella composizione dei treni S\u017d 510 Stadler. Sulla tratta\u00a0<\/span><strong><span dir=\"auto\">Zagabria &#8211; Celje &#8211; Maribor &#8211; Graz &#8211; Vienna e ritorno,<\/span><\/strong><span dir=\"auto\">\u00a0torner\u00e0 a circolare il treno internazionale diretto EC Croazia (il treno viagger\u00e0 nella composizione dei vagoni \u00d6BB).<\/span><\/p>\n<p style=\"text-align: justify;\"><span dir=\"auto\">Sulla tratta Lubiana \u2013 Fiume e ritorno i treni internazionali viaggeranno in &#8220;formazione classica&#8221; (locomotiva + vagoni S\u017d e H\u017dPP), sulla tratta Fiume \u2013 Lubiana \u2013 Zagabria e ritorno il treno 210\/211 viagger\u00e0.<\/span><\/p>\n<p style=\"text-align: justify;\">Importanti novit\u00e0 anche nel traffico nazionale:<\/p>\n<p class=\"wp-block-heading\" style=\"text-align: justify;\"><strong><span dir=\"auto\">Lubiana \u2013 Maribor \/ \u0160pilje (A) \/ Zidani Most<\/span><\/strong><span dir=\"auto\">\u00a0:<\/span><\/p>\n<ul class=\"wp-block-list\" style=\"text-align: justify;\">\n<li><span dir=\"auto\">Treni aggiuntivi Maribor &#8211; Graz e ritorno per garantire una frequenza oraria; i numeri dei treni internazionali sono stati modificati.<\/span><\/li>\n<li><span dir=\"auto\">Il treno 2208 da Litija a Lubiana \u00e8 di nuovo in funzione (alle 7:33).<\/span><\/li>\n<li><span dir=\"auto\">Nuovo treno RG 618 da Zidani Most a Maribor alle 16:40 (viaggia insieme al treno RG 631 per Zidani Most).<\/span><\/li>\n<li><span dir=\"auto\">Il treno LPV 2201 prolunga la sua corsa fino a Celje e cambia numero in LPV 2012.<\/span><\/li>\n<li><span dir=\"auto\">Nuovo treno RG 634 Dobova \u2013 Lubiana \u2013 Lubiana Vi\u017emarje (servizio mattutino via Lubiana).<\/span><\/li>\n<li><span dir=\"auto\">Il treno 319 percorre la tratta del treno 215 Villach \u2013 Lubiana \u2013 Dobova.<\/span><\/li>\n<\/ul>\n<p class=\"wp-block-heading\" style=\"text-align: justify;\">\n<strong><span dir=\"auto\">Lubiana \u2013 Jesenice \u2013 Villaco<\/span><\/strong><\/p>\n<ul class=\"wp-block-list\" style=\"text-align: justify;\">\n<li><span dir=\"auto\">Tra Lubiana e Villach circolano treni internazionali aggiuntivi; alcuni sostituiscono i treni nazionali; i numeri dei treni internazionali sono stati modificati.<\/span><\/li>\n<li><span dir=\"auto\">Nuovo treno LPV 2411 da Jesenice alle 9:48 per Lubiana (non circola il sabato, la domenica e nei giorni festivi).<\/span><\/li>\n<li><span dir=\"auto\">Il treno RG 634 da Dobova va alla stazione di Lubiana Vi\u017emarje e ritorna a Lubiana come treno LPV 2447.<\/span><\/li>\n<\/ul>\n<p class=\"wp-block-heading\" style=\"text-align: justify;\"><strong><span dir=\"auto\">Lubiana \u2013 Kamnik<\/span><\/strong><span dir=\"auto\">\u00a0<strong>Graben<\/strong><\/span><\/p>\n<ul class=\"wp-block-list\" style=\"text-align: justify;\">\n<li><span dir=\"auto\">Alcune modifiche ai numeri dei treni.<\/span><\/li>\n<\/ul>\n<p class=\"wp-block-heading\" style=\"text-align: justify;\"><strong><span dir=\"auto\">Celje \u2013<\/span><\/strong><span dir=\"auto\">\u00a0Velenje<\/span><\/p>\n<ul class=\"wp-block-list\" style=\"text-align: justify;\">\n<li><span dir=\"auto\">Collegamento del treno LP 3509 e RG 612 (Celje).<\/span><\/li>\n<\/ul>\n<p class=\"wp-block-heading\" style=\"text-align: justify;\"><strong><span dir=\"auto\">Grobelno \u2013 Sv. Rok ob Sotli<\/span><\/strong><\/p>\n<ul class=\"wp-block-list\" style=\"text-align: justify;\">\n<li><span dir=\"auto\">Modifica del numero del treno 7811 in 3723.<\/span><\/li>\n<\/ul>\n<p class=\"wp-block-heading\" style=\"text-align: justify;\"><strong><span dir=\"auto\">Maribor \u2013 Prevalje\u00a0<\/span><\/strong><strong><span dir=\"auto\">\u2013<\/span><\/strong><span dir=\"auto\">\u00a0<strong>Pliberk<\/strong><\/span><\/p>\n<ul class=\"wp-block-list\" style=\"text-align: justify;\">\n<li><span dir=\"auto\">A causa del cambio di orario sul versante austriaco, gli orari di alcuni treni verranno modificati, ove possibile.<\/span><\/li>\n<\/ul>\n<p class=\"wp-block-heading\" style=\"text-align: justify;\"><strong><span dir=\"auto\">Pragersko \u2013 Hodo\u0161 \u2013 Murska Sobota<\/span><\/strong><\/p>\n<ul class=\"wp-block-list\" style=\"text-align: justify;\">\n<li><span dir=\"auto\">Il treno RG 621 parte un po&#8217; pi\u00f9 tardi per avere una coincidenza adeguata con il treno ICS 11.<\/span><\/li>\n<li><span dir=\"auto\">Il treno LP 2522 prolunga la sua corsa fino a Murska Sobota; di conseguenza, il treno 2525 risulta mancante (il treno LP 2517 parte 10 minuti dopo di esso).<\/span><\/li>\n<li><span dir=\"auto\">Il treno LP 2511 prolunga la sua corsa fino a Maribor.<\/span><\/li>\n<li><span dir=\"auto\">Nuovo treno LP 2532, che parte da Pragersko alle 18:11 per Murska Sobota (collegamento dal treno EC 70 \u201cEmona\u201d da Lubiana).<\/span><\/li>\n<li><span dir=\"auto\">Il treno LP 2521 arriva a Maribor alle 5:30, di conseguenza anche il treno 3853 parte da Sredi\u0161\u010de leggermente prima.<\/span><\/li>\n<li><span dir=\"auto\">Partenza anticipata del treno LP 2527 per la coincidenza appropriata con il treno LP 2513.<\/span><\/li>\n<li><span dir=\"auto\">Il treno LP 2518 prolunga il suo viaggio fino a Hodo\u0161.<\/span><\/li>\n<li><span dir=\"auto\">Nuovo treno LP 2519 sulla linea Hodo\u0161 \u2013 Murska Sobota.<\/span><\/li>\n<\/ul>\n<p style=\"text-align: justify;\"><strong><span dir=\"auto\">Sesana \/ Capodistria \/ Ilirska Bistrica \u2013 Lubiana<\/span><\/strong><\/p>\n<ul class=\"wp-block-list\" style=\"text-align: justify;\">\n<li><span dir=\"auto\">I treni internazionali da\/per Fiume 480\/481, 482\/483 (il nuovo numero del treno sar\u00e0 210\/211) viaggiano in configurazione vagone.<\/span><\/li>\n<li><span dir=\"auto\">Il treno LPV 2675 corre per Lubiana (nessun servizio sostitutivo).<\/span><\/li>\n<li><span dir=\"auto\">Il treno LPV 2677 corre per Lubiana (nessun servizio sostitutivo).<\/span><\/li>\n<li><span dir=\"auto\">Partenza anticipata del treno 7706 da Buzet (HR) per coincidenza con i treni 2677\/2697.<\/span><\/li>\n<li><span dir=\"auto\">Il treno LPV 2717 parte pi\u00f9 tardi da Pivka alle 15:15, quindi ha una coincidenza da Se\u017eana (treno LPV 2663).<\/span><\/li>\n<li><span dir=\"auto\">Il treno LPV 2708 arriva prima a Pivka alle ore 16:00, in modo da poter coincidere con Se\u017eana (treno LPV 2678).<\/span><\/li>\n<li><span dir=\"auto\">Un nuovo treno (LPV 2707) in partenza da Pivka alle 16:10 per garantire la coincidenza con il 2678 da Lubiana (la coincidenza dal treno IC 502 \u00e8 con il treno 211).<\/span><\/li>\n<li><span dir=\"auto\">Un nuovo treno (LPV 2718) da Ilirska Bistrica a Pivka (dopo l&#8217;arrivo del treno 211) per collegarsi a Pivka con il treno LPV 2615 per Lubiana.<\/span><\/li>\n<li><span dir=\"auto\">SZ informa che con il nuovo orario, che entrer\u00e0 in vigore <\/span><strong><span dir=\"auto\">il 14 dicembre 2025, i treni passeggeri non fermeranno pi\u00f9 alla fermata di Planina (situata tra le stazioni di Logatec e Rakek)<\/span><\/strong><span dir=\"auto\"> . La cancellazione di tutte le fermate dei treni passeggeri alla fermata di Planina si \u00e8 resa necessaria in base alla decisione del gestore dell&#8217;infrastruttura ferroviaria pubblica al fine di garantire la sicurezza del trasporto ferroviario (attrezzature o condizioni della fermata di Planina).<\/span><\/li>\n<\/ul>\n<p class=\"wp-block-heading\" style=\"text-align: justify;\"><strong><span dir=\"auto\">Se\u017eana \u2013 Nova Gorica \u2013 Jesenice<\/span><\/strong><span dir=\"auto\">\u00a0\/ <strong>Ajdov\u0161\u010dina<\/strong><\/span><\/p>\n<ul class=\"wp-block-list\" style=\"text-align: justify;\">\n<li><span dir=\"auto\">Reintroduzione dei treni passeggeri regolari da\/per Ajdov\u0161\u010dina con i treni 4241\/4240 e 4243\/4242. Le fermate saranno alle stazioni Cesta, Dobravlje, Dornberk vas, Prva\u010dina, Vol\u010dja Draga e \u0160empeter pri Gorici (i treni non circolano il sabato, la domenica, i giorni festivi e le vacanze scolastiche).<\/span><\/li>\n<li><span dir=\"auto\">Il treno 4286 ha un orario modificato a causa di una coincidenza dal 2682.<\/span><\/li>\n<li><span dir=\"auto\">Il treno 4242 si collega con il treno 4207 a Prva\u010dina.<\/span><\/li>\n<\/ul>\n<p class=\"wp-block-heading\" style=\"text-align: justify;\"><strong><span dir=\"auto\">Lubiana \u2013 Metlika<\/span><\/strong><\/p>\n<ul class=\"wp-block-list\" style=\"text-align: justify;\">\n<li><span dir=\"auto\">Il treno LP 3237 estende la tratta da Trebnje a Metlika.<\/span><\/li>\n<\/ul>\n<p class=\"wp-block-heading\" style=\"text-align: justify;\"><strong><span dir=\"auto\">Grosuplje \u2013 Ko\u010devje<\/span><\/strong><\/p>\n<ul class=\"wp-block-list\">\n<li style=\"text-align: justify;\"><span dir=\"auto\">Le fermate a Ortnek saranno mantenute per i treni LP 4502, LP 4504 e LP 4519.<\/span><\/li>\n<\/ul>\n","protected":false},"excerpt":{"rendered":"<p>Il nuovo orario in Slovenia introduce modifiche che interesseranno sia il traffico ferroviario internazionale che quello nazionale. L&#8217;orario sar\u00e0 suddiviso in due periodi: dal 14 dicembre 2025 al 30 giugno 2026 e dal 1\u00b0 luglio al 12 dicembre 2026. Il motivo principale di queste modifiche \u00e8 l&#8217;aumento del numero di treni nel traffico internazionale, in particolare con l&#8217;Austria, che richiede un adeguamento della numerazione dei treni e di conseguenza influisce\u2026<\/p>\n<p class=\"continue-reading-button\"> <a class=\"continue-reading-link\" href=\"https:\/\/www.ilmondodeitreni.it\/blog\/?p=15493\">Continua la lettura<i class=\"crycon-right-dir\"><\/i><\/a><\/p>\n","protected":false},"author":7,"featured_media":0,"comment_status":"open","ping_status":"open","sticky":false,"template":"","format":"standard","meta":{"footnotes":""},"categories":[11],"tags":[10733,10734,10735,10736,5,10731,10730,4752,10729,5201,10732,10737,10739,4745,1417,183,2912,10738],"class_list":["post-15493","post","type-post","status-publish","format-standard","hentry","category-news-estero","tag-ajdovscina","tag-cesta","tag-dobravlje","tag-dornberk-vas","tag-ferrovie","tag-fiume","tag-hzpp","tag-lubiana","tag-maribors","tag-nova-gorica","tag-planina","tag-prvacina","tag-sempeter-pri-goric","tag-sesana","tag-slovenia","tag-stadler","tag-sz","tag-volcja-draga"],"_links":{"self":[{"href":"https:\/\/www.ilmondodeitreni.it\/blog\/index.php?rest_route=\/wp\/v2\/posts\/15493","targetHints":{"allow":["GET"]}}],"collection":[{"href":"https:\/\/www.ilmondodeitreni.it\/blog\/index.php?rest_route=\/wp\/v2\/posts"}],"about":[{"href":"https:\/\/www.ilmondodeitreni.it\/blog\/index.php?rest_route=\/wp\/v2\/types\/post"}],"author":[{"embeddable":true,"href":"https:\/\/www.ilmondodeitreni.it\/blog\/index.php?rest_route=\/wp\/v2\/users\/7"}],"replies":[{"embeddable":true,"href":"https:\/\/www.ilmondodeitreni.it\/blog\/index.php?rest_route=%2Fwp%2Fv2%2Fcomments&post=15493"}],"version-history":[{"count":1,"href":"https:\/\/www.ilmondodeitreni.it\/blog\/index.php?rest_route=\/wp\/v2\/posts\/15493\/revisions"}],"predecessor-version":[{"id":15496,"href":"https:\/\/www.ilmondodeitreni.it\/blog\/index.php?rest_route=\/wp\/v2\/posts\/15493\/revisions\/15496"}],"wp:attachment":[{"href":"https:\/\/www.ilmondodeitreni.it\/blog\/index.php?rest_route=%2Fwp%2Fv2%2Fmedia&parent=15493"}],"wp:term":[{"taxonomy":"category","embeddable":true,"href":"https:\/\/www.ilmondodeitreni.it\/blog\/index.php?rest_route=%2Fwp%2Fv2%2Fcategories&post=15493"},{"taxonomy":"post_tag","embeddable":true,"href":"https:\/\/www.ilmondodeitreni.it\/blog\/index.php?rest_route=%2Fwp%2Fv2%2Ftags&post=15493"}],"curies":[{"name":"wp","href":"https:\/\/api.w.org\/{rel}","templated":true}]}}