{"id":1545,"date":"2015-03-07T12:42:24","date_gmt":"2015-03-07T11:42:24","guid":{"rendered":"http:\/\/www.ilmondodeitreni.it\/blog\/?p=1545"},"modified":"2015-03-07T12:42:24","modified_gmt":"2015-03-07T11:42:24","slug":"le-frecce-trenitalia-testimonial-di-expo-2015","status":"publish","type":"post","link":"https:\/\/www.ilmondodeitreni.it\/blog\/?p=1545","title":{"rendered":"Le Frecce Trenitalia testimonial di Expo 2015"},"content":{"rendered":"<p style=\"text-align: justify;\"><img loading=\"lazy\" decoding=\"async\" class=\"alignleft size-thumbnail wp-image-1546\" src=\"http:\/\/www.ilmondodeitreni.it\/blog\/wp-content\/uploads\/2015\/03\/FR-livrea-Expo-160x120.jpg\" alt=\"FR livrea Expo\" width=\"160\" height=\"120\" srcset=\"https:\/\/www.ilmondodeitreni.it\/blog\/wp-content\/uploads\/2015\/03\/FR-livrea-Expo-160x120.jpg 160w, https:\/\/www.ilmondodeitreni.it\/blog\/wp-content\/uploads\/2015\/03\/FR-livrea-Expo-640x480.jpg 640w, https:\/\/www.ilmondodeitreni.it\/blog\/wp-content\/uploads\/2015\/03\/FR-livrea-Expo-1024x768.jpg 1024w, https:\/\/www.ilmondodeitreni.it\/blog\/wp-content\/uploads\/2015\/03\/FR-livrea-Expo-200x150.jpg 200w, https:\/\/www.ilmondodeitreni.it\/blog\/wp-content\/uploads\/2015\/03\/FR-livrea-Expo-150x113.jpg 150w, https:\/\/www.ilmondodeitreni.it\/blog\/wp-content\/uploads\/2015\/03\/FR-livrea-Expo.jpg 1032w\" sizes=\"auto, (max-width: 160px) 100vw, 160px\" \/>Le <em>Frecce<\/em> Trenitalia diventano testimonial di Expo 2015 e la stazione RFI di Rho Fiera cambia nome e sar\u00e0, da oggi, <strong>Rho Fiera Expo Milano 2015<\/strong>. Il Gruppo FS Italiane, che con la controllata Italferr ha diretto gli ultimi intensi mesi di lavori per <strong>Expo 2015<\/strong>, compie un altro importante passo nel sostegno e nella promozione dell\u2019esposizione universale di Milano.\u00a0 Le <em>Frecce<\/em> Trenitalia divengono media itineranti per raccontare <strong>Expo 2015<\/strong> ai milioni di passeggeri che, nei prossimi mesi, vi saliranno a bordo e ai tanti, italiani e stranieri, che le vedranno sfrecciare nelle stazioni e lungo la rete ferroviaria della penisola. A parlare di Expo 2015 saranno, infatti, le livree esterne di un <em>Frecciarossa,<\/em> un <em>Frecciargento<\/em> e un <em>Frecciabianca<\/em>, e gli interni di 15 <em>Frecce<\/em>, interamente personalizzati <em>ad hoc<\/em>. In pi\u00f9, tutte le vetture dei <em>Frecciarossa<\/em> e <em>Frecciargento<\/em> recheranno all\u2019esterno il logo di Expo. E, da oggi, la stazione RFI per l\u2019Esposizione Universale sar\u00e0 <strong>Rho Fiera Expo Milano 2015<\/strong>. La stazione, oggetto di numerosi interventi di riqualificazione da parte di RFI, per un investimento di circa 5 milioni di euro destinati, tra l\u2019altro, a migliorarne fruibilit\u00e0, informazione e servizi,\u00a0 si prepara cos\u00ec ad ospitare i milioni di visitatori che sfrutteranno, da maggio a ottobre, le opportunit\u00e0 di viaggio offerte da Trenitalia, da Trenord e da altre imprese ferroviarie per raggiungere comodamente i padiglioni dell\u2019Esposizione Universale. Alla presentazione del <em>Frecciarossa <\/em>interamente vestito con i colori e il logo di Expo e alla cerimonia di svelamento del nuovo nome della stazione di Rho-Fiera Milano erano presenti l\u2019amministratore delegato del Gruppo FS Italiane, <strong>Michele Mario Elia<\/strong> e l\u2019amministratore delegato di Expo 2015 S.p.A. e commissario unico delegato del Governo per Expo Milano 2015, <strong>Giuseppe Sala<\/strong>. Insieme a loro <strong>Maurizio Gentile<\/strong> ad di RFI, <strong>Vincenzo Soprano<\/strong> ad di Trenitalia e <strong>Cinzia Faris\u00e8<\/strong> ad di Trenord. In rappresentanza del Comune di Milano e della Regione Lombardia, <strong>Francesco Maran<\/strong>, assessore comunale alla Mobilit\u00e0, Ambiente, Metropolitane, Acqua pubblica ed Energia e <strong>Alessandro Sorte<\/strong>, assessore regionale alle Infrastrutture e Mobilit\u00e0. Nell\u2019occasione il Gruppo Ferrovie dello Stato Italiane, Official Global Rail Carrier di Expo 2015, ha anche illustrato i vari aspetti del suo impegno nella realizzazione dell\u2019evento e nella sua promozione, che potr\u00e0 giovarsi anche dei media ufficiali di FS Italiane (webradio, webtv, siti web e magazine). Per Expo sar\u00e0 assicurata un\u2019offerta ferroviaria di qualit\u00e0, efficace e conveniente, e una serie di servizi all\u2019avanguardia dedicati ai viaggiatori, sia nelle stazioni sia a bordo treno, per informarli, assisterli e rendere pi\u00f9 piacevole e interessante il loro viaggio.In pi\u00f9, l\u2019intera rete di vendita di Trenitalia, in Italia e all\u2019estero, \u00e8 diventata rete commerciale di Expo 2015, e ha gi\u00e0 iniziato a vendere dallo scorso dicembre i biglietti d\u2019ingresso all\u2019Esposizione. Durante i sei mesi dell&#8217;Esposizione Universale, Milano sar\u00e0 servita da 236 corse al giorno, di cui 148 <em>Frecce <\/em>Trenitalia, con un\u2019offerta complessiva di 130mila posti al giorno tra collegamenti nazionali e internazionali. A Rho Fiera Expo Milano 2015 fermeranno ogni giorno 19 <em>Frecciarossa<\/em>, 18 <em>Frecciabianca<\/em>, quattro InterCity Notte e 26 treni da e per Svizzera e Francia. Potenziata anche l\u2019offerta di corse ferroviarie regionali e suburbane gestite da Trenord.\u00a0 Trenitalia ha preparato e gi\u00e0 messo in vendita un pacchetto di offerte commerciali per incentivare l\u2019uso delle <em>Frecce<\/em>, con proposte <em>ad hoc<\/em> per i diversi target di visitatori, dagli studenti ai turisti stranieri. Il semestre di Expo 2015 coincider\u00e0 anche con l\u2019arrivo sui binari dell\u2019Alta Velocit\u00e0 italiana del pi\u00f9 moderno e tecnologico treno veloce europeo, il <em>Frecciarossa <\/em>1000. L\u2019impegno del Gruppo per Expo si estende anche alle infrastrutture ferroviarie, oggetto di particolari interventi di Rete Ferroviaria Italiana destinati a incrementare l\u2019efficienza e la capacit\u00e0 di trasporto delle linee e migliorare l\u2019accessibilit\u00e0, il decoro e i sistemi informativi dei terminal ferroviari. Un progetto, quest\u2019ultimo, che riguarda 500 stazioni RFI, riqualificate seguendo linee di design e di arredo uniformi, cos\u00ec da costituire un brand riconoscibile, rese pi\u00f9 accessibili, a vantaggio soprattutto delle persone a ridotta mobilit\u00e0, e pi\u00f9 ricche di servizi e di attivit\u00e0 commerciali. Il progetto ha preso il via proprio in Lombardia, coinvolgendo 18 stazioni per un investimento complessivo di oltre 55 milioni di euro. In occasione di Expo 2015, inoltre, le stazioni di Milano Centrale, Milano Porta Garibaldi e Rho Fiera Expo Milano 2015 saranno dotate di un sistema wi-fi che consentir\u00e0 tra l\u2019altro, a viaggiatori e frequentatori, di accedere via mobile <em>device<\/em> a un portale virtuale di stazione, ricco di utili informazioni. Progetti innovativi di comunicazione sono stati ideati anche a bordo treno, sulla rotta <em>Frecciabianca<\/em> Milano \u2013 Venezia, grazie ad una app georeferenziata che, scaricata sul proprio smartphone, segnaler\u00e0 i punti di particolare interesse storico e turistico, visibili dal finestrino, fornendo informazioni e link di approfondimento.<\/p>\n","protected":false},"excerpt":{"rendered":"<p>Le Frecce Trenitalia diventano testimonial di Expo 2015 e la stazione RFI di Rho Fiera cambia nome e sar\u00e0, da oggi, Rho Fiera Expo Milano 2015. Il Gruppo FS Italiane, che con la controllata Italferr ha diretto gli ultimi intensi mesi di lavori per Expo 2015, compie un altro importante passo nel sostegno e nella promozione dell\u2019esposizione universale di Milano.\u00a0 Le Frecce Trenitalia divengono media itineranti per raccontare Expo 2015\u2026<\/p>\n<p class=\"continue-reading-button\"> <a class=\"continue-reading-link\" href=\"https:\/\/www.ilmondodeitreni.it\/blog\/?p=1545\">Continua la lettura<i class=\"crycon-right-dir\"><\/i><\/a><\/p>\n","protected":false},"author":1,"featured_media":0,"comment_status":"open","ping_status":"open","sticky":false,"template":"","format":"standard","meta":{"footnotes":""},"categories":[2],"tags":[156,4514,5,631,1204,125,1203,31,333,33,59,34,155,158],"class_list":["post-1545","post","type-post","status-publish","format-standard","hentry","category-news","tag-cinzia-farise","tag-expo-2015","tag-ferrovie","tag-ferrovie-dello-stato-italiane","tag-giuseppe-sala","tag-italferr","tag-le-frecce-trenitalia","tag-lombardia","tag-maurizio-gentile","tag-michele-mario-elia","tag-milano","tag-rfi","tag-trenord","tag-vincenzo-soprano"],"_links":{"self":[{"href":"https:\/\/www.ilmondodeitreni.it\/blog\/index.php?rest_route=\/wp\/v2\/posts\/1545","targetHints":{"allow":["GET"]}}],"collection":[{"href":"https:\/\/www.ilmondodeitreni.it\/blog\/index.php?rest_route=\/wp\/v2\/posts"}],"about":[{"href":"https:\/\/www.ilmondodeitreni.it\/blog\/index.php?rest_route=\/wp\/v2\/types\/post"}],"author":[{"embeddable":true,"href":"https:\/\/www.ilmondodeitreni.it\/blog\/index.php?rest_route=\/wp\/v2\/users\/1"}],"replies":[{"embeddable":true,"href":"https:\/\/www.ilmondodeitreni.it\/blog\/index.php?rest_route=%2Fwp%2Fv2%2Fcomments&post=1545"}],"version-history":[{"count":1,"href":"https:\/\/www.ilmondodeitreni.it\/blog\/index.php?rest_route=\/wp\/v2\/posts\/1545\/revisions"}],"predecessor-version":[{"id":1547,"href":"https:\/\/www.ilmondodeitreni.it\/blog\/index.php?rest_route=\/wp\/v2\/posts\/1545\/revisions\/1547"}],"wp:attachment":[{"href":"https:\/\/www.ilmondodeitreni.it\/blog\/index.php?rest_route=%2Fwp%2Fv2%2Fmedia&parent=1545"}],"wp:term":[{"taxonomy":"category","embeddable":true,"href":"https:\/\/www.ilmondodeitreni.it\/blog\/index.php?rest_route=%2Fwp%2Fv2%2Fcategories&post=1545"},{"taxonomy":"post_tag","embeddable":true,"href":"https:\/\/www.ilmondodeitreni.it\/blog\/index.php?rest_route=%2Fwp%2Fv2%2Ftags&post=1545"}],"curies":[{"name":"wp","href":"https:\/\/api.w.org\/{rel}","templated":true}]}}