{"id":15321,"date":"2025-05-18T19:00:14","date_gmt":"2025-05-18T17:00:14","guid":{"rendered":"https:\/\/www.ilmondodeitreni.it\/blog\/?p=15321"},"modified":"2025-05-25T19:03:33","modified_gmt":"2025-05-25T17:03:33","slug":"donnarumma-ad-fs-stiamo-costruendo-un-sistema-di-mobilita-integrato-e-connesso-alleuropa","status":"publish","type":"post","link":"https:\/\/www.ilmondodeitreni.it\/blog\/?p=15321","title":{"rendered":"Donnarumma (AD FS): &#8220;Stiamo costruendo un sistema di mobilit\u00e0 integrato e connesso all&#8217;Europa&#8221;"},"content":{"rendered":"<p style=\"text-align: justify;\"><img loading=\"lazy\" decoding=\"async\" class=\"alignleft size-thumbnail wp-image-15085\" src=\"http:\/\/www.ilmondodeitreni.it\/blog\/wp-content\/uploads\/2024\/10\/binari-160x107.jpg\" alt=\"\" width=\"160\" height=\"107\" srcset=\"https:\/\/www.ilmondodeitreni.it\/blog\/wp-content\/uploads\/2024\/10\/binari-160x107.jpg 160w, https:\/\/www.ilmondodeitreni.it\/blog\/wp-content\/uploads\/2024\/10\/binari-640x426.jpg 640w, https:\/\/www.ilmondodeitreni.it\/blog\/wp-content\/uploads\/2024\/10\/binari-1024x682.jpg 1024w, https:\/\/www.ilmondodeitreni.it\/blog\/wp-content\/uploads\/2024\/10\/binari-768x512.jpg 768w, https:\/\/www.ilmondodeitreni.it\/blog\/wp-content\/uploads\/2024\/10\/binari-1536x1024.jpg 1536w, https:\/\/www.ilmondodeitreni.it\/blog\/wp-content\/uploads\/2024\/10\/binari-2048x1365.jpg 2048w, https:\/\/www.ilmondodeitreni.it\/blog\/wp-content\/uploads\/2024\/10\/binari-150x100.jpg 150w\" sizes=\"auto, (max-width: 160px) 100vw, 160px\" \/>\u00abIl bilancio 2024 ha segnato investimenti record, oltre 17 miliardi di euro, e abbiamo avviato un Piano Strategico da oltre 100 miliardi in cinque anni. Stiamo costruendo un sistema di mobilit\u00e0 integrato, sostenibile, connesso all\u2019Europa e al futuro\u00bb. Sono le parole dell\u2019AD del Gruppo FS Stefano Antonio Donnarumma intervistato da Sandro Neri, per QN Quotidiano Nazionale.<\/p>\n<p style=\"text-align: justify;\">Nel corso dell\u2019intervista l\u2019AD ha ripercorso alcune tappe della sua vita, dai viaggi da Milano a Salerno con i genitori, fino alla realizzazione del Frecciarossa 500 e l\u2019attuale ruolo da AD del Gruppo FS. \u00abSono cresciuto a Milano, ma le mie radici sono saldamente ancorate al Sud e alla Campania. Oggi mi occupo di garantire che quel viaggio e tutti gli altri siano pi\u00f9 confortevoli, sostenibili, affidabili\u00bb ha aggiunto \u00abIl treno per me non \u00e8 solo un mezzo di trasporto: \u00e8 un luogo di osservazione, ascolto, dialogo. Ogni viaggio \u00e8 un piccolo laboratorio, una fonte di spunti. Quando sei sul treno capisci meglio il Paese che stai attraversando e, soprattutto, servendo\u00bb.<\/p>\n<p style=\"text-align: justify;\">Una carriera trasversale, tra energia, infrastrutture, trasporti e \u00abIl mio primo incarico rilevante fu proprio nel mondo ferroviario, con la realizzazione del Frecciarossa 500. Da l\u00ec \u00e8 partito un percorso che mi ha portato a confrontarmi con diversi settori: energia, acqua, trasporti. Ho sempre lavorato in settori strategici per il Paese. L\u2019energia, le infrastrutture, i trasporti. Tutti mondi interconnessi, che oggi ritrovo nel Gruppo FS, un player integrato dove convergono mobilit\u00e0, logistica, sostenibilit\u00e0 e tecnologia\u00bb ha detto l\u2019AD.<\/p>\n<p style=\"text-align: justify;\">Il Piano Strategico per il 2025-2029 prevede investimenti di oltre 100 miliardi di euro per innovare i trasporti e migliorare l\u2019esperienza di viaggio, con l&#8217;obiettivo di diventare leader nella mobilit\u00e0 e migliorare la qualit\u00e0 del servizio ferroviario. \u00abL\u2019Alta Velocit\u00e0 italiana \u00e8 tra le pi\u00f9 performanti d\u2019Europa. Abbiamo un sistema intermodale all\u2019avanguardia e siamo presenti in modo strutturato in diversi Paesi: Spagna, Francia, Regno Unito, Germania, Olanda, Grecia. Non \u00e8 pi\u00f9 solo una competizione interna, ma un confronto europeo. E oggi possiamo dire che l\u2019Italia gioca da protagonista, non solo in Europa, ma anche negli altri continenti\u00bb. L\u2019obiettivo \u00e8 quindi, quello di consolidare la presenza internazionale del Gruppo FS, lavorando per esportare il know-how italiano nel mondo, con un\u2019attenzione continua alla sostenibilit\u00e0 e all\u2019innovazione<\/p>\n","protected":false},"excerpt":{"rendered":"<p>\u00abIl bilancio 2024 ha segnato investimenti record, oltre 17 miliardi di euro, e abbiamo avviato un Piano Strategico da oltre 100 miliardi in cinque anni. Stiamo costruendo un sistema di mobilit\u00e0 integrato, sostenibile, connesso all\u2019Europa e al futuro\u00bb. Sono le parole dell\u2019AD del Gruppo FS Stefano Antonio Donnarumma intervistato da Sandro Neri, per QN Quotidiano Nazionale. Nel corso dell\u2019intervista l\u2019AD ha ripercorso alcune tappe della sua vita, dai viaggi da\u2026<\/p>\n<p class=\"continue-reading-button\"> <a class=\"continue-reading-link\" href=\"https:\/\/www.ilmondodeitreni.it\/blog\/?p=15321\">Continua la lettura<i class=\"crycon-right-dir\"><\/i><\/a><\/p>\n","protected":false},"author":2,"featured_media":0,"comment_status":"open","ping_status":"open","sticky":false,"template":"","format":"standard","meta":{"footnotes":""},"categories":[2],"tags":[10592,5,1353],"class_list":["post-15321","post","type-post","status-publish","format-standard","hentry","category-news","tag-antonio-donnarumma","tag-ferrovie","tag-gruppo-fs-italiane"],"_links":{"self":[{"href":"https:\/\/www.ilmondodeitreni.it\/blog\/index.php?rest_route=\/wp\/v2\/posts\/15321","targetHints":{"allow":["GET"]}}],"collection":[{"href":"https:\/\/www.ilmondodeitreni.it\/blog\/index.php?rest_route=\/wp\/v2\/posts"}],"about":[{"href":"https:\/\/www.ilmondodeitreni.it\/blog\/index.php?rest_route=\/wp\/v2\/types\/post"}],"author":[{"embeddable":true,"href":"https:\/\/www.ilmondodeitreni.it\/blog\/index.php?rest_route=\/wp\/v2\/users\/2"}],"replies":[{"embeddable":true,"href":"https:\/\/www.ilmondodeitreni.it\/blog\/index.php?rest_route=%2Fwp%2Fv2%2Fcomments&post=15321"}],"version-history":[{"count":1,"href":"https:\/\/www.ilmondodeitreni.it\/blog\/index.php?rest_route=\/wp\/v2\/posts\/15321\/revisions"}],"predecessor-version":[{"id":15322,"href":"https:\/\/www.ilmondodeitreni.it\/blog\/index.php?rest_route=\/wp\/v2\/posts\/15321\/revisions\/15322"}],"wp:attachment":[{"href":"https:\/\/www.ilmondodeitreni.it\/blog\/index.php?rest_route=%2Fwp%2Fv2%2Fmedia&parent=15321"}],"wp:term":[{"taxonomy":"category","embeddable":true,"href":"https:\/\/www.ilmondodeitreni.it\/blog\/index.php?rest_route=%2Fwp%2Fv2%2Fcategories&post=15321"},{"taxonomy":"post_tag","embeddable":true,"href":"https:\/\/www.ilmondodeitreni.it\/blog\/index.php?rest_route=%2Fwp%2Fv2%2Ftags&post=15321"}],"curies":[{"name":"wp","href":"https:\/\/api.w.org\/{rel}","templated":true}]}}