{"id":15304,"date":"2025-04-30T22:00:52","date_gmt":"2025-04-30T20:00:52","guid":{"rendered":"https:\/\/www.ilmondodeitreni.it\/blog\/?p=15304"},"modified":"2025-04-30T22:50:55","modified_gmt":"2025-04-30T20:50:55","slug":"cotral-9-milioni-di-utili-e-investimenti-per-il-futuro","status":"publish","type":"post","link":"https:\/\/www.ilmondodeitreni.it\/blog\/?p=15304","title":{"rendered":"COTRAL: 9 milioni di utili e investimenti per il futuro"},"content":{"rendered":"<p style=\"text-align: justify;\"><img loading=\"lazy\" decoding=\"async\" class=\"alignleft size-thumbnail wp-image-15305\" src=\"http:\/\/www.ilmondodeitreni.it\/blog\/wp-content\/uploads\/2025\/04\/9505_fiumicino-160x120.jpg\" alt=\"\" width=\"160\" height=\"120\" srcset=\"https:\/\/www.ilmondodeitreni.it\/blog\/wp-content\/uploads\/2025\/04\/9505_fiumicino-160x120.jpg 160w, https:\/\/www.ilmondodeitreni.it\/blog\/wp-content\/uploads\/2025\/04\/9505_fiumicino-640x480.jpg 640w, https:\/\/www.ilmondodeitreni.it\/blog\/wp-content\/uploads\/2025\/04\/9505_fiumicino-768x576.jpg 768w, https:\/\/www.ilmondodeitreni.it\/blog\/wp-content\/uploads\/2025\/04\/9505_fiumicino-150x113.jpg 150w, https:\/\/www.ilmondodeitreni.it\/blog\/wp-content\/uploads\/2025\/04\/9505_fiumicino.jpg 800w\" sizes=\"auto, (max-width: 160px) 100vw, 160px\" \/>Utili per 9,14 milioni di euro e un ambizioso piano di investimenti di oltre 53 milioni di euro per quest&#8217;anno. Nella seduta di ieri, 29 aprile, l&#8217;Assemblea dei Soci di Cotral Spa ha approvato il bilancio 2024 certificando l&#8217;impegno dell&#8217;azienda per il rafforzamento patrimoniale e finanziario.Il bilancio tiene conto di un fondo accantonato di circa 32,4 milioni di euro, stimato per la potenziale sovracompensazione dei Contratti di Servizio automobilistico e ferroviario, grazie anche a partite eccezionali. Nel corso dell&#8217;anno, l&#8217;azienda ha introdotto ulteriori 150 nuovi autobus, portando l&#8217;et\u00e0 media della flotta a 7,6 anni, una delle pi\u00f9 basse in Italia, in linea con gli standard europei. \u00c8 in corso inoltre un&#8217;opera di realizzazione e riqualificazione dei depositi aziendali, orientata verso la carbon neutralitycon progetti significativi su tutto il territorio regionale.La produzione \u00e8 cresciuta nel servizio automobilistico e ferroviario, mantenendo un forte focus sulla sicurezza dei clienti e del personale.<\/p>\n<p style=\"text-align: justify;\">&#8220;Il risultato raggiunto da Cotral conferma l&#8217;efficacia di una gestione seria e orientata al futuro. Gli utili e il piano di investimenti approvati oggi sono il frutto di un lavoro di squadra che guarda alla qualit\u00e0 del servizio e alla sostenibilit\u00e0. Cotral sta diventando un punto di riferimento per il trasporto pubblico regionale, grazie all&#8217;impegno quotidiano dei suoi lavoratori e alla capacit\u00e0 di innovare senza perdere di vista i bisogni delle persone. Continueremo a investire per offrire ai cittadini un servizio sempre pi\u00f9 moderno, sicuro e rispettoso dell&#8217;ambiente&#8221;, dichiara il presidente della Regione Lazio, Francesco Rocca.<\/p>\n<p style=\"text-align: justify;\">&#8220;\u00c8 un risultato straordinario per l&#8217;azienda conseguito anche tenendo conto degli investimenti futuri:l&#8217;obiettivo della governance e di tutto il management, infatti, \u00e8 quello di consolidare i dati positivi degli ultimi anni, ma anche e soprattutto di migliorare sia il servizio, sia i risultati finanziari. Tutto ci\u00f2 \u00e8 stato e sar\u00e0 possibile grazie alla dedizione e alla competenza di tutti i dipendenti di Cotral, dal personale operativo fino ai quadri amministrativi e ai dirigenti. Per questo desidero ringraziarli e ascrivere loro questo straordinario risultato&#8221;, dichiara il presidente di Cotral, Manolo Cipolla.<\/p>\n<p style=\"text-align: justify;\">&#8220;Il bilancio in attivo \u00e8 la conferma di un lavoro importante avviato in questi anni dall&#8217;azienda in sinergia con la Giunta regionale, che ha messo il tema dei trasporti al centro delle priorit\u00e0 di azione di governo. Ringrazio il personale di Cotral per il lavoro portato avanti quotidianamente per garantire un servizio di qualit\u00e0 per i nostri concittadini. Vogliamo proseguire il programma avviato attraverso investimenti e tutte le azioni necessarie per ammodernare e rendere efficiente il servizio di Tpl su gomma e su ferro della nostra Regione&#8221;, dichiara l&#8217;Assessore alla Mobilit\u00e0 e Trasporti, Fabrizio Ghera<\/p>\n","protected":false},"excerpt":{"rendered":"<p>Utili per 9,14 milioni di euro e un ambizioso piano di investimenti di oltre 53 milioni di euro per quest&#8217;anno. Nella seduta di ieri, 29 aprile, l&#8217;Assemblea dei Soci di Cotral Spa ha approvato il bilancio 2024 certificando l&#8217;impegno dell&#8217;azienda per il rafforzamento patrimoniale e finanziario.Il bilancio tiene conto di un fondo accantonato di circa 32,4 milioni di euro, stimato per la potenziale sovracompensazione dei Contratti di Servizio automobilistico e\u2026<\/p>\n<p class=\"continue-reading-button\"> <a class=\"continue-reading-link\" href=\"https:\/\/www.ilmondodeitreni.it\/blog\/?p=15304\">Continua la lettura<i class=\"crycon-right-dir\"><\/i><\/a><\/p>\n","protected":false},"author":3,"featured_media":0,"comment_status":"open","ping_status":"open","sticky":false,"template":"","format":"standard","meta":{"footnotes":""},"categories":[2],"tags":[10578,9963,10579,10480,488,95,29],"class_list":["post-15304","post","type-post","status-publish","format-standard","hentry","category-news","tag-cotral-spa","tag-fabrizio-ghera","tag-francesco-rocca","tag-manolo-cipolla","tag-regione-lazio","tag-tpl","tag-trasporti"],"_links":{"self":[{"href":"https:\/\/www.ilmondodeitreni.it\/blog\/index.php?rest_route=\/wp\/v2\/posts\/15304","targetHints":{"allow":["GET"]}}],"collection":[{"href":"https:\/\/www.ilmondodeitreni.it\/blog\/index.php?rest_route=\/wp\/v2\/posts"}],"about":[{"href":"https:\/\/www.ilmondodeitreni.it\/blog\/index.php?rest_route=\/wp\/v2\/types\/post"}],"author":[{"embeddable":true,"href":"https:\/\/www.ilmondodeitreni.it\/blog\/index.php?rest_route=\/wp\/v2\/users\/3"}],"replies":[{"embeddable":true,"href":"https:\/\/www.ilmondodeitreni.it\/blog\/index.php?rest_route=%2Fwp%2Fv2%2Fcomments&post=15304"}],"version-history":[{"count":2,"href":"https:\/\/www.ilmondodeitreni.it\/blog\/index.php?rest_route=\/wp\/v2\/posts\/15304\/revisions"}],"predecessor-version":[{"id":15307,"href":"https:\/\/www.ilmondodeitreni.it\/blog\/index.php?rest_route=\/wp\/v2\/posts\/15304\/revisions\/15307"}],"wp:attachment":[{"href":"https:\/\/www.ilmondodeitreni.it\/blog\/index.php?rest_route=%2Fwp%2Fv2%2Fmedia&parent=15304"}],"wp:term":[{"taxonomy":"category","embeddable":true,"href":"https:\/\/www.ilmondodeitreni.it\/blog\/index.php?rest_route=%2Fwp%2Fv2%2Fcategories&post=15304"},{"taxonomy":"post_tag","embeddable":true,"href":"https:\/\/www.ilmondodeitreni.it\/blog\/index.php?rest_route=%2Fwp%2Fv2%2Ftags&post=15304"}],"curies":[{"name":"wp","href":"https:\/\/api.w.org\/{rel}","templated":true}]}}