{"id":15149,"date":"2024-12-16T21:58:00","date_gmt":"2024-12-16T20:58:00","guid":{"rendered":"https:\/\/www.ilmondodeitreni.it\/blog\/?p=15149"},"modified":"2024-12-17T21:58:50","modified_gmt":"2024-12-17T20:58:50","slug":"inaugurata-la-nuova-sala-operativa-nazionale-logistica-sonlog-di-mercitalia-rail","status":"publish","type":"post","link":"https:\/\/www.ilmondodeitreni.it\/blog\/?p=15149","title":{"rendered":"Inaugurata la nuova Sala Operativa Nazionale Logistica \u2013 SONLOG di Mercitalia Rail"},"content":{"rendered":"<p style=\"text-align: justify;\"><a href=\"http:\/\/www.ilmondodeitreni.it\/blog\/wp-content\/uploads\/2024\/12\/Sacconago_intermodale.jpeg\"><img loading=\"lazy\" decoding=\"async\" class=\"alignleft size-thumbnail wp-image-15136\" src=\"http:\/\/www.ilmondodeitreni.it\/blog\/wp-content\/uploads\/2024\/12\/Sacconago_intermodale-160x120.jpeg\" alt=\"\" width=\"160\" height=\"120\" srcset=\"https:\/\/www.ilmondodeitreni.it\/blog\/wp-content\/uploads\/2024\/12\/Sacconago_intermodale-160x120.jpeg 160w, https:\/\/www.ilmondodeitreni.it\/blog\/wp-content\/uploads\/2024\/12\/Sacconago_intermodale-640x480.jpeg 640w, https:\/\/www.ilmondodeitreni.it\/blog\/wp-content\/uploads\/2024\/12\/Sacconago_intermodale-1024x768.jpeg 1024w, https:\/\/www.ilmondodeitreni.it\/blog\/wp-content\/uploads\/2024\/12\/Sacconago_intermodale-768x576.jpeg 768w, https:\/\/www.ilmondodeitreni.it\/blog\/wp-content\/uploads\/2024\/12\/Sacconago_intermodale-1536x1152.jpeg 1536w, https:\/\/www.ilmondodeitreni.it\/blog\/wp-content\/uploads\/2024\/12\/Sacconago_intermodale-150x113.jpeg 150w, https:\/\/www.ilmondodeitreni.it\/blog\/wp-content\/uploads\/2024\/12\/Sacconago_intermodale.jpeg 2048w\" sizes=\"auto, (max-width: 160px) 100vw, 160px\" \/><\/a>Inaugurata oggi la nuova Sala Operativa Nazionale Logistica \u2013 SONLOG di Mercitalia Rail, societ\u00e0 del Polo Logistica del Gruppo FS.Una vera e propria cabina di regia che monitora 24 ore su 24 la circolazione di oltre 80mila treni l\u2019anno, che trasportano circa 37 milioni di tonnellate di merce<strong>\u00a0<\/strong>in Italia e in Europa.La sala \u00e8 stata inaugurata da <strong>Sabrina De Filippis<\/strong>, Amministratore Delegato di Mercitalia Logistics, e <strong>Silvio Damagini<\/strong>, Amministratore Delegato di Mercitalia Rail. Le tecnologie di ultima generazione consentono ai 90 operatori, con un\u2019et\u00e0 media sotto i 40 anni e distribuiti su tre turni nell\u2019arco della giornata, di monitorare costantemente tutto il traffico merci nazionale e internazionale gestito dalle societ\u00e0 del Polo Logistica del Gruppo Fs Italiane.<\/p>\n<p style=\"text-align: justify;\"><em>\u201cL\u2019inaugurazione di oggi apre un&#8217;altra nuova pagina del Polo Logistica, una pagina che abbiamo dedicato al cuore pulsante dell&#8217;operation aziendale: la nostra sala operativa<\/em> &#8211; ha dichiarato Sabrina De Filippis, AD di Mercitalia Logistics. <em>\u00c8<\/em> <em>in questo luogo che ogni giorno lavoriamo per i nostri clienti, grazie ad un\u2019attivit\u00e0 sempre pi\u00f9 coordinata tra le diverse anime del Polo e finalizzata a mettere al centro del nostro agire quotidiano la qualit\u00e0 del servizio\u201d.<\/em><\/p>\n<p style=\"text-align: justify;\">Per garantire la massima sinergia con il gestore dell\u2019infrastruttura, da oggi \u00e8 attivo il presidio nella Sala Operativa Nazionale di Rete Ferroviaria Italiana, in collegamento diretto con la SONLOG di Milano.<\/p>\n<p style=\"text-align: justify;\">All\u2019interno della Sala \u00e8 inoltre presente una struttura Post Vendita e Assistenza Clienti che lavora in stretta collaborazione e sinergia con la Sala Operativa, con l\u2019obiettivo di assicurare a tutti i clienti la massima efficienza nella gestione delle loro merci e di rispondere prontamente alle loro esigenze, sia in Italia sia in Europa.<\/p>\n<p style=\"text-align: justify;\">\u201cS<em>iamo costantemente impegnati nell\u2019adozione di soluzioni e tecnologie all\u2019avanguardia per rispondere alle esigenze dei nostri clienti, velocizzando lo scambio di informazioni e consentendo una gestione sempre pi\u00f9 efficace delle merci trasportate\u201d ha<\/em> aggiunto <strong>Silvio Damagini<\/strong>, AD di Mercitalia Rail<em>.<\/em><\/p>\n<p style=\"text-align: justify;\">La sala si trova all\u2019interno dello Scalo milanese di Segrate, realizzato nei primi anni del \u2018900, e nelle ultime settimane \u00e8 stata oggetto di un importante restyling, per renderla pi\u00f9 moderna, confortevole, funzionale e dotarla delle migliori tecnologie per monitorare in tempo reale tutti gli eventi di circolazione ferroviaria. Inoltre, la SONLOG \u00e8 stata allestita con un percorso grafico e comunicativo che caratterizza gli ambienti: le foto della storia del trasporto merci dal Novecento fino ai giorni nostri sono collegate da binari in un percorso immaginario che unisce passato, presente e futuro.<\/p>\n","protected":false},"excerpt":{"rendered":"<p>Inaugurata oggi la nuova Sala Operativa Nazionale Logistica \u2013 SONLOG di Mercitalia Rail, societ\u00e0 del Polo Logistica del Gruppo FS.Una vera e propria cabina di regia che monitora 24 ore su 24 la circolazione di oltre 80mila treni l\u2019anno, che trasportano circa 37 milioni di tonnellate di merce\u00a0in Italia e in Europa.La sala \u00e8 stata inaugurata da Sabrina De Filippis, Amministratore Delegato di Mercitalia Logistics, e Silvio Damagini, Amministratore Delegato\u2026<\/p>\n<p class=\"continue-reading-button\"> <a class=\"continue-reading-link\" href=\"https:\/\/www.ilmondodeitreni.it\/blog\/?p=15149\">Continua la lettura<i class=\"crycon-right-dir\"><\/i><\/a><\/p>\n","protected":false},"author":1,"featured_media":0,"comment_status":"open","ping_status":"open","sticky":false,"template":"","format":"standard","meta":{"footnotes":""},"categories":[2],"tags":[5,1353,2569,555,3817,6534,10453,4640,29],"class_list":["post-15149","post","type-post","status-publish","format-standard","hentry","category-news","tag-ferrovie","tag-gruppo-fs-italiane","tag-intermodale","tag-merci","tag-mercitalia-rail","tag-sabrina-de-filippis","tag-sala-operativa-nazionale-logistica","tag-silvio-damagini","tag-trasporti"],"_links":{"self":[{"href":"https:\/\/www.ilmondodeitreni.it\/blog\/index.php?rest_route=\/wp\/v2\/posts\/15149","targetHints":{"allow":["GET"]}}],"collection":[{"href":"https:\/\/www.ilmondodeitreni.it\/blog\/index.php?rest_route=\/wp\/v2\/posts"}],"about":[{"href":"https:\/\/www.ilmondodeitreni.it\/blog\/index.php?rest_route=\/wp\/v2\/types\/post"}],"author":[{"embeddable":true,"href":"https:\/\/www.ilmondodeitreni.it\/blog\/index.php?rest_route=\/wp\/v2\/users\/1"}],"replies":[{"embeddable":true,"href":"https:\/\/www.ilmondodeitreni.it\/blog\/index.php?rest_route=%2Fwp%2Fv2%2Fcomments&post=15149"}],"version-history":[{"count":1,"href":"https:\/\/www.ilmondodeitreni.it\/blog\/index.php?rest_route=\/wp\/v2\/posts\/15149\/revisions"}],"predecessor-version":[{"id":15150,"href":"https:\/\/www.ilmondodeitreni.it\/blog\/index.php?rest_route=\/wp\/v2\/posts\/15149\/revisions\/15150"}],"wp:attachment":[{"href":"https:\/\/www.ilmondodeitreni.it\/blog\/index.php?rest_route=%2Fwp%2Fv2%2Fmedia&parent=15149"}],"wp:term":[{"taxonomy":"category","embeddable":true,"href":"https:\/\/www.ilmondodeitreni.it\/blog\/index.php?rest_route=%2Fwp%2Fv2%2Fcategories&post=15149"},{"taxonomy":"post_tag","embeddable":true,"href":"https:\/\/www.ilmondodeitreni.it\/blog\/index.php?rest_route=%2Fwp%2Fv2%2Ftags&post=15149"}],"curies":[{"name":"wp","href":"https:\/\/api.w.org\/{rel}","templated":true}]}}