{"id":15123,"date":"2024-11-21T21:00:08","date_gmt":"2024-11-21T20:00:08","guid":{"rendered":"https:\/\/www.ilmondodeitreni.it\/blog\/?p=15123"},"modified":"2024-11-21T21:53:07","modified_gmt":"2024-11-21T20:53:07","slug":"ferrovia-val-venosta-un-anno-di-chiusura-per-la-modernizzazione","status":"publish","type":"post","link":"https:\/\/www.ilmondodeitreni.it\/blog\/?p=15123","title":{"rendered":"Ferrovia Val Venosta: un anno di chiusura per la modernizzazione"},"content":{"rendered":"<p style=\"text-align: justify;\"><a href=\"http:\/\/www.ilmondodeitreni.it\/blog\/wp-content\/uploads\/2024\/11\/malles.jpg\"><img loading=\"lazy\" decoding=\"async\" class=\"alignleft size-thumbnail wp-image-15124\" src=\"http:\/\/www.ilmondodeitreni.it\/blog\/wp-content\/uploads\/2024\/11\/malles-160x107.jpg\" alt=\"\" width=\"160\" height=\"107\" srcset=\"https:\/\/www.ilmondodeitreni.it\/blog\/wp-content\/uploads\/2024\/11\/malles-160x107.jpg 160w, https:\/\/www.ilmondodeitreni.it\/blog\/wp-content\/uploads\/2024\/11\/malles-640x426.jpg 640w, https:\/\/www.ilmondodeitreni.it\/blog\/wp-content\/uploads\/2024\/11\/malles-768x512.jpg 768w, https:\/\/www.ilmondodeitreni.it\/blog\/wp-content\/uploads\/2024\/11\/malles-150x100.jpg 150w, https:\/\/www.ilmondodeitreni.it\/blog\/wp-content\/uploads\/2024\/11\/malles.jpg 800w\" sizes=\"auto, (max-width: 160px) 100vw, 160px\" \/><\/a>A partire dal 16 febbraio 2025, la STA &#8211; Strutture Trasporto Alto Adige S.p.A. chiuder\u00e0 il tratto della ferrovia della Val Venosta tra Lasa e Malles per lavori di modernizzazione su larga scala. La chiusura durer\u00e0 fino a marzo 2026. A partire da ottobre 2025, anche il tratto tra Merano e Lasa sar\u00e0 chiuso per completare la modernizzazione dell&#8217;intera linea ferroviaria. Il servizio sar\u00e0 ripreso completamente nella primavera del 2026. Le chiusure consentiranno l&#8217;introduzione di nuove tecnologie e l&#8217;elettrificazione del servizio su tutta la tratta tra Merano e Malles, come comunicato da STA.\u00a0 Durante le chiusure saranno effettuati ampi lavori tecnici: i vecchi sistemi di segnalazione saranno smantellati, le nuove linee aeree e il moderno sistema di segnalazione ETCS (European Train Control System) saranno installati e collaudati. Inoltre, sono previste le omologazioni e le prove con i nuovi treni elettrici e quelli diesel convertiti. Sar\u00e0 anche necessario testare la messa a terra e i sistemi di sicurezza per garantire i pi\u00f9 alti standard di sicurezza. &#8220;Questi interventi richiedono che il servizio venga sospeso temporaneamente, poich\u00e9 le vecchie apparecchiature di segnalazione e la nuova linea aerea non sono compatibili dal punto di vista tecnico&#8221;, spiega Joachim Dejaco, direttore generale di STA.\u00a0 Durante i periodi di chiusura, sar\u00e0 organizzato un servizio di autobus sostitutivi. &#8220;Stiamo facendo tutto il possibile per offrire un servizio sostitutivo affidabile e completo&#8221;, afferma Daniel Alfreider, assessore provinciale alla Mobilit\u00e0. &#8220;Non appena i lavori saranno completati, la ferrovia della Val Venosta disporr\u00e0 di una tecnologia all&#8217;avanguardia, di una maggiore capacit\u00e0 e di un servizio pi\u00f9 ampio&#8221;. Secondo Alfreider, sar\u00e0 previsto anche un servizio di collegamento con Bolzano e il Brennero.<\/p>\n","protected":false},"excerpt":{"rendered":"<p>A partire dal 16 febbraio 2025, la STA &#8211; Strutture Trasporto Alto Adige S.p.A. chiuder\u00e0 il tratto della ferrovia della Val Venosta tra Lasa e Malles per lavori di modernizzazione su larga scala. La chiusura durer\u00e0 fino a marzo 2026. A partire da ottobre 2025, anche il tratto tra Merano e Lasa sar\u00e0 chiuso per completare la modernizzazione dell&#8217;intera linea ferroviaria. Il servizio sar\u00e0 ripreso completamente nella primavera del 2026.\u2026<\/p>\n<p class=\"continue-reading-button\"> <a class=\"continue-reading-link\" href=\"https:\/\/www.ilmondodeitreni.it\/blog\/?p=15123\">Continua la lettura<i class=\"crycon-right-dir\"><\/i><\/a><\/p>\n","protected":false},"author":9,"featured_media":0,"comment_status":"open","ping_status":"open","sticky":false,"template":"","format":"standard","meta":{"footnotes":""},"categories":[2],"tags":[5335,10445,2735,1222,223,222,10444],"class_list":["post-15123","post","type-post","status-publish","format-standard","hentry","category-news","tag-daniel-alfreider","tag-ferrovia-val-venosta","tag-joachim-dejaco","tag-lavori","tag-malles","tag-merano","tag-strutture-trasporto-alto-adige-s-p-a"],"_links":{"self":[{"href":"https:\/\/www.ilmondodeitreni.it\/blog\/index.php?rest_route=\/wp\/v2\/posts\/15123","targetHints":{"allow":["GET"]}}],"collection":[{"href":"https:\/\/www.ilmondodeitreni.it\/blog\/index.php?rest_route=\/wp\/v2\/posts"}],"about":[{"href":"https:\/\/www.ilmondodeitreni.it\/blog\/index.php?rest_route=\/wp\/v2\/types\/post"}],"author":[{"embeddable":true,"href":"https:\/\/www.ilmondodeitreni.it\/blog\/index.php?rest_route=\/wp\/v2\/users\/9"}],"replies":[{"embeddable":true,"href":"https:\/\/www.ilmondodeitreni.it\/blog\/index.php?rest_route=%2Fwp%2Fv2%2Fcomments&post=15123"}],"version-history":[{"count":1,"href":"https:\/\/www.ilmondodeitreni.it\/blog\/index.php?rest_route=\/wp\/v2\/posts\/15123\/revisions"}],"predecessor-version":[{"id":15125,"href":"https:\/\/www.ilmondodeitreni.it\/blog\/index.php?rest_route=\/wp\/v2\/posts\/15123\/revisions\/15125"}],"wp:attachment":[{"href":"https:\/\/www.ilmondodeitreni.it\/blog\/index.php?rest_route=%2Fwp%2Fv2%2Fmedia&parent=15123"}],"wp:term":[{"taxonomy":"category","embeddable":true,"href":"https:\/\/www.ilmondodeitreni.it\/blog\/index.php?rest_route=%2Fwp%2Fv2%2Fcategories&post=15123"},{"taxonomy":"post_tag","embeddable":true,"href":"https:\/\/www.ilmondodeitreni.it\/blog\/index.php?rest_route=%2Fwp%2Fv2%2Ftags&post=15123"}],"curies":[{"name":"wp","href":"https:\/\/api.w.org\/{rel}","templated":true}]}}