{"id":14936,"date":"2024-09-03T20:20:06","date_gmt":"2024-09-03T18:20:06","guid":{"rendered":"http:\/\/www.ilmondodeitreni.it\/blog\/?p=14936"},"modified":"2024-09-05T10:37:44","modified_gmt":"2024-09-05T08:37:44","slug":"provincia-bolzano-rasporto-scolastico-pronto-per-lapertura-delle-scuole-il-5-settembre","status":"publish","type":"post","link":"https:\/\/www.ilmondodeitreni.it\/blog\/?p=14936","title":{"rendered":"Provincia Bolzano, trasporto scolastico pronto per l&#8217;apertura delle scuole il 5 settembre"},"content":{"rendered":"<p style=\"text-align: justify;\"><a href=\"http:\/\/www.ilmondodeitreni.it\/blog\/wp-content\/uploads\/2024\/09\/IMG_20240224_161556.jpg\"><img loading=\"lazy\" decoding=\"async\" class=\"alignleft size-thumbnail wp-image-14938\" src=\"http:\/\/www.ilmondodeitreni.it\/blog\/wp-content\/uploads\/2024\/09\/IMG_20240224_161556-160x90.jpg\" alt=\"\" width=\"160\" height=\"90\" srcset=\"https:\/\/www.ilmondodeitreni.it\/blog\/wp-content\/uploads\/2024\/09\/IMG_20240224_161556-160x90.jpg 160w, https:\/\/www.ilmondodeitreni.it\/blog\/wp-content\/uploads\/2024\/09\/IMG_20240224_161556-640x360.jpg 640w, https:\/\/www.ilmondodeitreni.it\/blog\/wp-content\/uploads\/2024\/09\/IMG_20240224_161556-1024x576.jpg 1024w, https:\/\/www.ilmondodeitreni.it\/blog\/wp-content\/uploads\/2024\/09\/IMG_20240224_161556-768x432.jpg 768w, https:\/\/www.ilmondodeitreni.it\/blog\/wp-content\/uploads\/2024\/09\/IMG_20240224_161556-1536x864.jpg 1536w, https:\/\/www.ilmondodeitreni.it\/blog\/wp-content\/uploads\/2024\/09\/IMG_20240224_161556-150x84.jpg 150w, https:\/\/www.ilmondodeitreni.it\/blog\/wp-content\/uploads\/2024\/09\/IMG_20240224_161556.jpg 1920w\" sizes=\"auto, (max-width: 160px) 100vw, 160px\" \/><\/a>Tutto \u00e8 pronto per garantire che i\u00a0bambini\u00a0e i\u00a0ragazzi\u00a0arrivino a\u00a0scuola\u00a0e rientrino a casa in sicurezza dal prossimo 5 settembre: i mezzi di trasporto quali autobus e treni (servizi di linea) sono competenza della\u00a0ripartizione provinciale Mobilit\u00e0. \u201cL&#8217;obiettivo \u00e8 portare i nostri bambini e ragazzi a scuola e riportarli a casa in funzione delle loro esigenze, del numero di alunni e dei rispettivi orari di lezione. I nostri\u00a0tecnici\u00a0e i\u00a0gestori\u00a0hanno lavorato intensamente per raggiungere questo obiettivo\u201d, spiega\u00a0Daniel Alfreider, assessore provinciale alla Mobilit\u00e0, che precisa: &#8220;Dove \u00e8 necessario, si stanno apportando dei miglioramenti&#8221;.<\/p>\n<p style=\"text-align: justify;\"><strong>Servizi di trasporto per 4.000 bambini e ragazzi da localit\u00e0 periferiche<\/strong><br \/>\nSono previsti servizi di trasporto scolastico per i circa 4.000 alunni che non possono usufruire dei normali\u00a0servizi di linea, le cui\u00a0fermate\u00a0sono\u00a0troppo lontane dalle loro case. Questi collegamenti sono messi a disposizione dal\u00a0Consorzio Alto Adige Autonoleggiatori KSM\u00a0e organizzati dall&#8217;Ufficio provinciale Trasporto Persone,\u00a0sulla base dei dati raccolti dall&#8217;Ufficio assistenza scolastica.\u00a0&#8220;La mobilit\u00e0 scolastica \u00e8 un servizio fondamentale per accompagnare a scuola in modo sicuro e puntuale i bambini e i ragazzi che vivono nelle frazioni o nei singoli masi&#8221;, sottolineano gli assessori Alfreider e Achammer. La Provincia investe circa\u00a08 milioni di euro all&#8217;anno\u00a0in questo servizio, circa 2.000 euro per ogni alunno.<\/p>\n<p style=\"text-align: justify;\">Grazie a lavori accurati, gli orari e i servizi sono gi\u00e0 stati predisposti. &#8220;Per il 2024 i servizi sono stati comunicati al consorzio KSM in tempi record\u201d, spiega il direttore della ripartizione Mobilit\u00e0\u00a0Martin Vallazza. Ci\u00f2 garantisce che quasi tutti gli alunni possano essere trasportati\u00a0in orario per l&#8217;inizio delle lezioni.\u00a0Alla fine di agosto il 98% dei trasporti era gi\u00e0 disponibile. Per i bambini che non possono raggiungere la scuola in tempo \u00e8 prevista una compensazione sotto forma di sconto sulla tariffa.<\/p>\n<p style=\"text-align: justify;\">Il consorzio KSM, che conta oltre 200 aderenti in quasi tutti i comuni dell&#8217;Alto Adige, garantisce il collegamento diretto del territorio.<\/p>\n<p style=\"text-align: justify;\">Il divieto di\u00a0concedere licenze\u00a0alle societ\u00e0 di noleggio, su cui l&#8217;assessore provinciale Alfreider \u00e8 intervenuto pi\u00f9 volte a\u00a0Roma, \u00e8 stato recentemente revocato dalla\u00a0Corte Costituzionale. Ci\u00f2 significa che i Comuni possono rilasciare di nuovo licenze per mezzi a noleggio con conducente per coprire le esigenze di trasporto locale.<\/p>\n<p style=\"text-align: justify;\">Il servizio di trasporto e accompagnamento per gli\u00a0alunni disabili, gestito dal dipartimento Istruzione della Provincia, \u00e8 gestito in modo distinto dall&#8217;Ufficio assistenza scolastica.<\/p>\n","protected":false},"excerpt":{"rendered":"<p>Tutto \u00e8 pronto per garantire che i\u00a0bambini\u00a0e i\u00a0ragazzi\u00a0arrivino a\u00a0scuola\u00a0e rientrino a casa in sicurezza dal prossimo 5 settembre: i mezzi di trasporto quali autobus e treni (servizi di linea) sono competenza della\u00a0ripartizione provinciale Mobilit\u00e0. \u201cL&#8217;obiettivo \u00e8 portare i nostri bambini e ragazzi a scuola e riportarli a casa in funzione delle loro esigenze, del numero di alunni e dei rispettivi orari di lezione. I nostri\u00a0tecnici\u00a0e i\u00a0gestori\u00a0hanno lavorato intensamente per raggiungere\u2026<\/p>\n<p class=\"continue-reading-button\"> <a class=\"continue-reading-link\" href=\"https:\/\/www.ilmondodeitreni.it\/blog\/?p=14936\">Continua la lettura<i class=\"crycon-right-dir\"><\/i><\/a><\/p>\n","protected":false},"author":2,"featured_media":0,"comment_status":"open","ping_status":"open","sticky":false,"template":"","format":"standard","meta":{"footnotes":""},"categories":[2],"tags":[10366,5335,10367,4816,10365,10368],"class_list":["post-14936","post","type-post","status-publish","format-standard","hentry","category-news","tag-consorzio-alto-adige-autonoleggiatori-ksm","tag-daniel-alfreider","tag-martin-vallazza","tag-provincia-di-bolzano","tag-trasporto-scolastico","tag-ufficio-assistenza-scolastica"],"_links":{"self":[{"href":"https:\/\/www.ilmondodeitreni.it\/blog\/index.php?rest_route=\/wp\/v2\/posts\/14936","targetHints":{"allow":["GET"]}}],"collection":[{"href":"https:\/\/www.ilmondodeitreni.it\/blog\/index.php?rest_route=\/wp\/v2\/posts"}],"about":[{"href":"https:\/\/www.ilmondodeitreni.it\/blog\/index.php?rest_route=\/wp\/v2\/types\/post"}],"author":[{"embeddable":true,"href":"https:\/\/www.ilmondodeitreni.it\/blog\/index.php?rest_route=\/wp\/v2\/users\/2"}],"replies":[{"embeddable":true,"href":"https:\/\/www.ilmondodeitreni.it\/blog\/index.php?rest_route=%2Fwp%2Fv2%2Fcomments&post=14936"}],"version-history":[{"count":3,"href":"https:\/\/www.ilmondodeitreni.it\/blog\/index.php?rest_route=\/wp\/v2\/posts\/14936\/revisions"}],"predecessor-version":[{"id":14940,"href":"https:\/\/www.ilmondodeitreni.it\/blog\/index.php?rest_route=\/wp\/v2\/posts\/14936\/revisions\/14940"}],"wp:attachment":[{"href":"https:\/\/www.ilmondodeitreni.it\/blog\/index.php?rest_route=%2Fwp%2Fv2%2Fmedia&parent=14936"}],"wp:term":[{"taxonomy":"category","embeddable":true,"href":"https:\/\/www.ilmondodeitreni.it\/blog\/index.php?rest_route=%2Fwp%2Fv2%2Fcategories&post=14936"},{"taxonomy":"post_tag","embeddable":true,"href":"https:\/\/www.ilmondodeitreni.it\/blog\/index.php?rest_route=%2Fwp%2Fv2%2Ftags&post=14936"}],"curies":[{"name":"wp","href":"https:\/\/api.w.org\/{rel}","templated":true}]}}