{"id":14842,"date":"2024-06-03T21:00:16","date_gmt":"2024-06-03T19:00:16","guid":{"rendered":"http:\/\/www.ilmondodeitreni.it\/blog\/?p=14842"},"modified":"2024-06-05T22:00:56","modified_gmt":"2024-06-05T20:00:56","slug":"gruppo-fs-italiane-terminali-italia-entra-a-far-parte-del-polo-logistica","status":"publish","type":"post","link":"https:\/\/www.ilmondodeitreni.it\/blog\/?p=14842","title":{"rendered":"Gruppo FS Italiane: Terminali Italia entra a far parte del Polo Logistica"},"content":{"rendered":"<p style=\"text-align: justify;\"><a href=\"http:\/\/www.ilmondodeitreni.it\/blog\/wp-content\/uploads\/2024\/02\/Merci_03-scaled.jpeg\"><img loading=\"lazy\" decoding=\"async\" class=\"alignleft size-thumbnail wp-image-14656\" src=\"http:\/\/www.ilmondodeitreni.it\/blog\/wp-content\/uploads\/2024\/02\/Merci_03-160x106.jpeg\" alt=\"\" width=\"160\" height=\"106\" srcset=\"https:\/\/www.ilmondodeitreni.it\/blog\/wp-content\/uploads\/2024\/02\/Merci_03-160x106.jpeg 160w, https:\/\/www.ilmondodeitreni.it\/blog\/wp-content\/uploads\/2024\/02\/Merci_03-640x424.jpeg 640w, https:\/\/www.ilmondodeitreni.it\/blog\/wp-content\/uploads\/2024\/02\/Merci_03-1024x678.jpeg 1024w, https:\/\/www.ilmondodeitreni.it\/blog\/wp-content\/uploads\/2024\/02\/Merci_03-768x509.jpeg 768w, https:\/\/www.ilmondodeitreni.it\/blog\/wp-content\/uploads\/2024\/02\/Merci_03-1536x1017.jpeg 1536w, https:\/\/www.ilmondodeitreni.it\/blog\/wp-content\/uploads\/2024\/02\/Merci_03-2048x1356.jpeg 2048w, https:\/\/www.ilmondodeitreni.it\/blog\/wp-content\/uploads\/2024\/02\/Merci_03-440x291.jpeg 440w, https:\/\/www.ilmondodeitreni.it\/blog\/wp-content\/uploads\/2024\/02\/Merci_03-150x99.jpeg 150w\" sizes=\"auto, (max-width: 160px) 100vw, 160px\" \/><\/a>Terminali Italia, societ\u00e0 del Gruppo Ferrovie dello Stato che si occupa della gestione di 14 terminal merci intermodali in tutta Italia, entra oggi a far parte del Polo Logistica. L\u2019operazione, in linea con il Piano Industriale del Gruppo guidato dall\u2019Amministratore Delegato Luigi Ferraris, \u00e8 avvenuta attraverso la scissione della quota rappresentativa dell\u2019intero capitale sociale di Terminali Italia da Rete Ferroviaria Italiana in favore di Mercitalia Logistics. La societ\u00e0 capofila del Polo Logistica diventa cos\u00ec il socio unico di Terminali Italia ed eserciter\u00e0 anche l\u2019attivit\u00e0 di direzione e coordinamento nei confronti della controllata. Grazie alla gestione integrata dei servizi terminalistici di ultimo miglio, l&#8217;assegnazione di Terminali Italia al Polo Logistica consentir\u00e0 una maggiore sinergia ferro-gomma, necessaria per incrementare la quota di traffico intermodale delle merci. Resta confermato l\u2019organico della societ\u00e0, oggi composto da oltre 230 persone.<\/p>\n","protected":false},"excerpt":{"rendered":"<p>Terminali Italia, societ\u00e0 del Gruppo Ferrovie dello Stato che si occupa della gestione di 14 terminal merci intermodali in tutta Italia, entra oggi a far parte del Polo Logistica. L\u2019operazione, in linea con il Piano Industriale del Gruppo guidato dall\u2019Amministratore Delegato Luigi Ferraris, \u00e8 avvenuta attraverso la scissione della quota rappresentativa dell\u2019intero capitale sociale di Terminali Italia da Rete Ferroviaria Italiana in favore di Mercitalia Logistics. La societ\u00e0 capofila del\u2026<\/p>\n<p class=\"continue-reading-button\"> <a class=\"continue-reading-link\" href=\"https:\/\/www.ilmondodeitreni.it\/blog\/?p=14842\">Continua la lettura<i class=\"crycon-right-dir\"><\/i><\/a><\/p>\n","protected":false},"author":2,"featured_media":0,"comment_status":"open","ping_status":"open","sticky":false,"template":"","format":"standard","meta":{"footnotes":""},"categories":[2],"tags":[5,698,2569,4271,643,2565],"class_list":["post-14842","post","type-post","status-publish","format-standard","hentry","category-news","tag-ferrovie","tag-gruppo-ferrovie-dello-stato","tag-intermodale","tag-mercitalia-logistics","tag-rete-ferroviaria-italiana","tag-terminali-italia"],"_links":{"self":[{"href":"https:\/\/www.ilmondodeitreni.it\/blog\/index.php?rest_route=\/wp\/v2\/posts\/14842","targetHints":{"allow":["GET"]}}],"collection":[{"href":"https:\/\/www.ilmondodeitreni.it\/blog\/index.php?rest_route=\/wp\/v2\/posts"}],"about":[{"href":"https:\/\/www.ilmondodeitreni.it\/blog\/index.php?rest_route=\/wp\/v2\/types\/post"}],"author":[{"embeddable":true,"href":"https:\/\/www.ilmondodeitreni.it\/blog\/index.php?rest_route=\/wp\/v2\/users\/2"}],"replies":[{"embeddable":true,"href":"https:\/\/www.ilmondodeitreni.it\/blog\/index.php?rest_route=%2Fwp%2Fv2%2Fcomments&post=14842"}],"version-history":[{"count":1,"href":"https:\/\/www.ilmondodeitreni.it\/blog\/index.php?rest_route=\/wp\/v2\/posts\/14842\/revisions"}],"predecessor-version":[{"id":14843,"href":"https:\/\/www.ilmondodeitreni.it\/blog\/index.php?rest_route=\/wp\/v2\/posts\/14842\/revisions\/14843"}],"wp:attachment":[{"href":"https:\/\/www.ilmondodeitreni.it\/blog\/index.php?rest_route=%2Fwp%2Fv2%2Fmedia&parent=14842"}],"wp:term":[{"taxonomy":"category","embeddable":true,"href":"https:\/\/www.ilmondodeitreni.it\/blog\/index.php?rest_route=%2Fwp%2Fv2%2Fcategories&post=14842"},{"taxonomy":"post_tag","embeddable":true,"href":"https:\/\/www.ilmondodeitreni.it\/blog\/index.php?rest_route=%2Fwp%2Fv2%2Ftags&post=14842"}],"curies":[{"name":"wp","href":"https:\/\/api.w.org\/{rel}","templated":true}]}}