{"id":14828,"date":"2024-05-20T02:58:18","date_gmt":"2024-05-20T00:58:18","guid":{"rendered":"http:\/\/www.ilmondodeitreni.it\/blog\/?p=14828"},"modified":"2024-05-18T00:00:53","modified_gmt":"2024-05-17T22:00:53","slug":"fs-entro-il-2026-il-nuovo-collegamento-con-laeroporto-di-olbia","status":"publish","type":"post","link":"https:\/\/www.ilmondodeitreni.it\/blog\/?p=14828","title":{"rendered":"FS, entro il 2026 il nuovo collegamento con l\u2019aeroporto di Olbia"},"content":{"rendered":"<p style=\"text-align: justify;\"><a href=\"http:\/\/www.ilmondodeitreni.it\/blog\/wp-content\/uploads\/2017\/07\/D4451053_cagliari.jpg\"><img loading=\"lazy\" decoding=\"async\" class=\"alignleft size-thumbnail wp-image-6095\" src=\"http:\/\/www.ilmondodeitreni.it\/blog\/wp-content\/uploads\/2017\/07\/D4451053_cagliari-160x120.jpg\" alt=\"\" width=\"160\" height=\"120\" srcset=\"https:\/\/www.ilmondodeitreni.it\/blog\/wp-content\/uploads\/2017\/07\/D4451053_cagliari-160x120.jpg 160w, https:\/\/www.ilmondodeitreni.it\/blog\/wp-content\/uploads\/2017\/07\/D4451053_cagliari-200x150.jpg 200w, https:\/\/www.ilmondodeitreni.it\/blog\/wp-content\/uploads\/2017\/07\/D4451053_cagliari-300x225.jpg 300w, https:\/\/www.ilmondodeitreni.it\/blog\/wp-content\/uploads\/2017\/07\/D4451053_cagliari-150x113.jpg 150w, https:\/\/www.ilmondodeitreni.it\/blog\/wp-content\/uploads\/2017\/07\/D4451053_cagliari.jpg 640w\" sizes=\"auto, (max-width: 160px) 100vw, 160px\" \/><\/a>Migliorare le relazioni citt\u00e0-aeroporti e favorire la decarbonizzazione dei trasporti: Il Gruppo FS punta sull\u2019intermodalit\u00e0 e sul potenziamento del trasporto. Sono 7 gli aeroporti collegati direttamente con le stazioni ferroviarie: Cagliari, Catania, Falconara, Palermo, Roma Fiumicino, Torino e Trieste, 12 gli aeroporti collegati via bus o people mover. \u00a0\u00a0Grazie al PNRR sono gi\u00e0 stati finanziati 1,6 miliardi di euro non solo per collegamenti con gli aeroporti attraverso la realizzazione di nuove linee, stazioni e fermate di interscambio, ma anche per connettere in maniera integrata aeroporti tra loro vicini. Un importante passo avanti per favorire l\u2019intermodalit\u00e0 aereo-treno e sviluppare la mobilit\u00e0 sostenibile \u00e8 il collegamento ferroviario che unir\u00e0 l\u2019aeroporto di Olbia \u201cCosta Smeralda\u201d con la rete dell\u2019Isola. Il progetto prevede inoltre il collegamento alla linea in direzione sud, verso Chilivani\/Macomer, mediante un collegamento ferroviario di circa 1 chilometro. L\u2019intervento, del valore di 231 milioni di euro, \u00e8 tra le opere comprese nel perimetro del PNRR. L\u2019opera nel suo complesso include interventi di potenziamento infrastrutturale e garantir\u00e0 maggiore accessibilit\u00e0 al sistema ferroviario promuovendo l\u2019integrazione con altre modalit\u00e0 di trasporto. All\u2019attuale individuazione del migliore offerente far\u00e0 seguito l\u2019avvio della progettazione esecutiva segnando cos\u00ec un importante traguardo nello sviluppo dell\u2019opera la cui attivazione \u00e8 prevista entro il 2026. RFI, societ\u00e0 capofila del\u00a0Polo Infrastrutture\u00a0del\u00a0Gruppo FS, ha concluso le procedure di valutazione\u00a0per la progettazione esecutiva e la realizzazione dei lavori. L\u2019intervento, sottoposto alla gestione del Commissario Straordinario di Governo, prevede la realizzazione di\u00a0un nuovo tracciato di circa 3,4 chilometri\u00a0che, partendo dalla linea Golfo Aranci- Macomer, attraverso la stazione Olbia Terranova, arriva presso l\u2019aeroporto Costa Smeralda dove verr\u00e0 realizzata una nuova stazione di testa a due binari.<\/p>\n<p>&nbsp;<\/p>\n","protected":false},"excerpt":{"rendered":"<p>Migliorare le relazioni citt\u00e0-aeroporti e favorire la decarbonizzazione dei trasporti: Il Gruppo FS punta sull\u2019intermodalit\u00e0 e sul potenziamento del trasporto. Sono 7 gli aeroporti collegati direttamente con le stazioni ferroviarie: Cagliari, Catania, Falconara, Palermo, Roma Fiumicino, Torino e Trieste, 12 gli aeroporti collegati via bus o people mover. \u00a0\u00a0Grazie al PNRR sono gi\u00e0 stati finanziati 1,6 miliardi di euro non solo per collegamenti con gli aeroporti attraverso la realizzazione di\u2026<\/p>\n<p class=\"continue-reading-button\"> <a class=\"continue-reading-link\" href=\"https:\/\/www.ilmondodeitreni.it\/blog\/?p=14828\">Continua la lettura<i class=\"crycon-right-dir\"><\/i><\/a><\/p>\n","protected":false},"author":11,"featured_media":0,"comment_status":"open","ping_status":"open","sticky":false,"template":"","format":"standard","meta":{"footnotes":""},"categories":[2],"tags":[10271,160,807,10066,5,2700,1220,216,9241,34,9295,448,213,91],"class_list":["post-14828","post","type-post","status-publish","format-standard","hentry","category-news","tag-aeroporto-di-olbia-costa-smeralda","tag-cagliari","tag-catania","tag-falconara","tag-ferrovie","tag-gruppo-fs","tag-intermodalita","tag-palermo","tag-pnrr","tag-rfi","tag-roma-fiumicino","tag-sardegna","tag-torino","tag-trieste"],"_links":{"self":[{"href":"https:\/\/www.ilmondodeitreni.it\/blog\/index.php?rest_route=\/wp\/v2\/posts\/14828","targetHints":{"allow":["GET"]}}],"collection":[{"href":"https:\/\/www.ilmondodeitreni.it\/blog\/index.php?rest_route=\/wp\/v2\/posts"}],"about":[{"href":"https:\/\/www.ilmondodeitreni.it\/blog\/index.php?rest_route=\/wp\/v2\/types\/post"}],"author":[{"embeddable":true,"href":"https:\/\/www.ilmondodeitreni.it\/blog\/index.php?rest_route=\/wp\/v2\/users\/11"}],"replies":[{"embeddable":true,"href":"https:\/\/www.ilmondodeitreni.it\/blog\/index.php?rest_route=%2Fwp%2Fv2%2Fcomments&post=14828"}],"version-history":[{"count":1,"href":"https:\/\/www.ilmondodeitreni.it\/blog\/index.php?rest_route=\/wp\/v2\/posts\/14828\/revisions"}],"predecessor-version":[{"id":14829,"href":"https:\/\/www.ilmondodeitreni.it\/blog\/index.php?rest_route=\/wp\/v2\/posts\/14828\/revisions\/14829"}],"wp:attachment":[{"href":"https:\/\/www.ilmondodeitreni.it\/blog\/index.php?rest_route=%2Fwp%2Fv2%2Fmedia&parent=14828"}],"wp:term":[{"taxonomy":"category","embeddable":true,"href":"https:\/\/www.ilmondodeitreni.it\/blog\/index.php?rest_route=%2Fwp%2Fv2%2Fcategories&post=14828"},{"taxonomy":"post_tag","embeddable":true,"href":"https:\/\/www.ilmondodeitreni.it\/blog\/index.php?rest_route=%2Fwp%2Fv2%2Ftags&post=14828"}],"curies":[{"name":"wp","href":"https:\/\/api.w.org\/{rel}","templated":true}]}}