{"id":14820,"date":"2024-05-14T18:30:10","date_gmt":"2024-05-14T16:30:10","guid":{"rendered":"http:\/\/www.ilmondodeitreni.it\/blog\/?p=14820"},"modified":"2024-05-16T08:39:04","modified_gmt":"2024-05-16T06:39:04","slug":"stadler-migliora-la-mobilita-in-montagna-sulla-ferrovia-grutschalp-murren","status":"publish","type":"post","link":"https:\/\/www.ilmondodeitreni.it\/blog\/?p=14820","title":{"rendered":"Stadler migliora la mobilit\u00e0 in montagna sulla ferrovia Gr\u00fctschalp &#8211; M\u00fcrren"},"content":{"rendered":"<p style=\"text-align: justify;\"><a href=\"http:\/\/www.ilmondodeitreni.it\/blog\/wp-content\/uploads\/2024\/05\/stadler.jpg\"><img loading=\"lazy\" decoding=\"async\" class=\"alignleft size-thumbnail wp-image-14821\" src=\"http:\/\/www.ilmondodeitreni.it\/blog\/wp-content\/uploads\/2024\/05\/stadler-160x120.jpg\" alt=\"\" width=\"160\" height=\"120\" srcset=\"https:\/\/www.ilmondodeitreni.it\/blog\/wp-content\/uploads\/2024\/05\/stadler-160x120.jpg 160w, https:\/\/www.ilmondodeitreni.it\/blog\/wp-content\/uploads\/2024\/05\/stadler-640x480.jpg 640w, https:\/\/www.ilmondodeitreni.it\/blog\/wp-content\/uploads\/2024\/05\/stadler-768x575.jpg 768w, https:\/\/www.ilmondodeitreni.it\/blog\/wp-content\/uploads\/2024\/05\/stadler-150x112.jpg 150w, https:\/\/www.ilmondodeitreni.it\/blog\/wp-content\/uploads\/2024\/05\/stadler.jpg 1024w\" sizes=\"auto, (max-width: 160px) 100vw, 160px\" \/><\/a>Dopo l&#8217;arrivo del primo elettrotreno a novembre scorso, un&#8217;altra cassa del nuovo materiale rotabile Stadler per la ferrovia ad aderenza naturale Gr\u00fctschalp &#8211; M\u00fcrren \u00e8 stata accolta luned\u00ec 13 maggio insieme al nostro partner di lunga data Jungfrau Railways. I nuovi e moderni convogli circoleranno sulla linea Gr\u00fctschalp &#8211; M\u00fcrren nel Cantone di Berna, a un&#8217;altitudine di 1600 metri, consentendo un nuovo modello di esercizio con un doppio circuito. La velocit\u00e0 di percorrenza sar\u00e0 aumentata di circa 20 km\/h per portare i passeggeri pi\u00f9 velocemente a destinazione. I nuovi treni Stadler offrono anche una maggiore capacit\u00e0 e sono dotati di ampi finestrini panoramici, sedili accoglienti e un moderno sistema di informazione per i passeggeri, cos\u00ec da massimizzare il comfort e l&#8217;esperienza di viaggio. In qualit\u00e0 di produttore svizzero, siamo molto orgogliosi di contribuire alla modernizzazione dell&#8217;infrastruttura ferroviaria del nostro Paese. I nostri veicoli all&#8217;avanguardia, di alta qualit\u00e0 e affidabili incarnano la precisione e l&#8217;innovazione svizzera. La Bergbahn Lauterbrunnen-M\u00fcrren , nota anche come M\u00fcrrenbahn, \u00e8 un sistema di trasporto misto situato in Svizzera, inaugurato nel 1891, in cui la prima tratta, funiviaria, viene integrata da una seconda tratta, ferroviaria. La tratta funiviaria,aperta nel 2006 al posto della preesistente funicolare, \u00e8 lunga 1,42 km e supera una pendenza del 606 per mille con partenza nei pressi della stazione di Lauterbrunnen, capolinea delle Ferrovie dell&#8217;Oberland bernese e della Wengernalpbahn ed arriva a Gr\u00fctschalp, dove termina il tragitto della funivia e parte la sezione ferroviaria, a scartamento metrico e binario unico, lunga 4,28 km, elettrificata a corrente continua con la tensione di 560 V ed ha una pendenza massima del 50 per mille La ferrovia ha una stazione intermedia a Winteregg, e termina la corsa a M\u00fcrren. La BLM \u00e8, insieme alla funivia Stechelberg-M\u00fcrren-Schilthorn, l&#8217;unico modo per raggiungere M\u00fcrren, localit\u00e0 interdetta al transito delle automobili<\/p>\n","protected":false},"excerpt":{"rendered":"<p>Dopo l&#8217;arrivo del primo elettrotreno a novembre scorso, un&#8217;altra cassa del nuovo materiale rotabile Stadler per la ferrovia ad aderenza naturale Gr\u00fctschalp &#8211; M\u00fcrren \u00e8 stata accolta luned\u00ec 13 maggio insieme al nostro partner di lunga data Jungfrau Railways. I nuovi e moderni convogli circoleranno sulla linea Gr\u00fctschalp &#8211; M\u00fcrren nel Cantone di Berna, a un&#8217;altitudine di 1600 metri, consentendo un nuovo modello di esercizio con un doppio circuito. La\u2026<\/p>\n<p class=\"continue-reading-button\"> <a class=\"continue-reading-link\" href=\"https:\/\/www.ilmondodeitreni.it\/blog\/?p=14820\">Continua la lettura<i class=\"crycon-right-dir\"><\/i><\/a><\/p>\n","protected":false},"author":2,"featured_media":0,"comment_status":"open","ping_status":"open","sticky":false,"template":"","format":"standard","meta":{"footnotes":""},"categories":[11],"tags":[10263,5,10264,10262,10266,10265,183,37,29,10267],"class_list":["post-14820","post","type-post","status-publish","format-standard","hentry","category-news-estero","tag-bergbahn-lauterbrunnen-murren-ag","tag-ferrovie","tag-grutschalp","tag-jungfrau-railways","tag-lauterbrunnen","tag-murren","tag-stadler","tag-svizzera","tag-trasporti","tag-wengernalpbahn"],"_links":{"self":[{"href":"https:\/\/www.ilmondodeitreni.it\/blog\/index.php?rest_route=\/wp\/v2\/posts\/14820","targetHints":{"allow":["GET"]}}],"collection":[{"href":"https:\/\/www.ilmondodeitreni.it\/blog\/index.php?rest_route=\/wp\/v2\/posts"}],"about":[{"href":"https:\/\/www.ilmondodeitreni.it\/blog\/index.php?rest_route=\/wp\/v2\/types\/post"}],"author":[{"embeddable":true,"href":"https:\/\/www.ilmondodeitreni.it\/blog\/index.php?rest_route=\/wp\/v2\/users\/2"}],"replies":[{"embeddable":true,"href":"https:\/\/www.ilmondodeitreni.it\/blog\/index.php?rest_route=%2Fwp%2Fv2%2Fcomments&post=14820"}],"version-history":[{"count":1,"href":"https:\/\/www.ilmondodeitreni.it\/blog\/index.php?rest_route=\/wp\/v2\/posts\/14820\/revisions"}],"predecessor-version":[{"id":14822,"href":"https:\/\/www.ilmondodeitreni.it\/blog\/index.php?rest_route=\/wp\/v2\/posts\/14820\/revisions\/14822"}],"wp:attachment":[{"href":"https:\/\/www.ilmondodeitreni.it\/blog\/index.php?rest_route=%2Fwp%2Fv2%2Fmedia&parent=14820"}],"wp:term":[{"taxonomy":"category","embeddable":true,"href":"https:\/\/www.ilmondodeitreni.it\/blog\/index.php?rest_route=%2Fwp%2Fv2%2Fcategories&post=14820"},{"taxonomy":"post_tag","embeddable":true,"href":"https:\/\/www.ilmondodeitreni.it\/blog\/index.php?rest_route=%2Fwp%2Fv2%2Ftags&post=14820"}],"curies":[{"name":"wp","href":"https:\/\/api.w.org\/{rel}","templated":true}]}}