{"id":14780,"date":"2024-04-07T23:31:57","date_gmt":"2024-04-07T21:31:57","guid":{"rendered":"http:\/\/www.ilmondodeitreni.it\/blog\/?p=14780"},"modified":"2024-04-07T23:31:57","modified_gmt":"2024-04-07T21:31:57","slug":"la-moldavia-chiede-di-aderire-allotif","status":"publish","type":"post","link":"https:\/\/www.ilmondodeitreni.it\/blog\/?p=14780","title":{"rendered":"La Moldavia chiede di aderire all&#8217;OTIF"},"content":{"rendered":"<p style=\"text-align: justify;\"><a href=\"http:\/\/www.ilmondodeitreni.it\/blog\/wp-content\/uploads\/2024\/02\/Merci_03-scaled.jpeg\"><img loading=\"lazy\" decoding=\"async\" class=\"alignleft size-thumbnail wp-image-14656\" src=\"http:\/\/www.ilmondodeitreni.it\/blog\/wp-content\/uploads\/2024\/02\/Merci_03-160x106.jpeg\" alt=\"\" width=\"160\" height=\"106\" srcset=\"https:\/\/www.ilmondodeitreni.it\/blog\/wp-content\/uploads\/2024\/02\/Merci_03-160x106.jpeg 160w, https:\/\/www.ilmondodeitreni.it\/blog\/wp-content\/uploads\/2024\/02\/Merci_03-640x424.jpeg 640w, https:\/\/www.ilmondodeitreni.it\/blog\/wp-content\/uploads\/2024\/02\/Merci_03-1024x678.jpeg 1024w, https:\/\/www.ilmondodeitreni.it\/blog\/wp-content\/uploads\/2024\/02\/Merci_03-768x509.jpeg 768w, https:\/\/www.ilmondodeitreni.it\/blog\/wp-content\/uploads\/2024\/02\/Merci_03-1536x1017.jpeg 1536w, https:\/\/www.ilmondodeitreni.it\/blog\/wp-content\/uploads\/2024\/02\/Merci_03-2048x1356.jpeg 2048w, https:\/\/www.ilmondodeitreni.it\/blog\/wp-content\/uploads\/2024\/02\/Merci_03-440x291.jpeg 440w, https:\/\/www.ilmondodeitreni.it\/blog\/wp-content\/uploads\/2024\/02\/Merci_03-150x99.jpeg 150w\" sizes=\"auto, (max-width: 160px) 100vw, 160px\" \/><\/a>La Moldavia ha presentato una domanda di adesione alla Convenzione relativa ai trasporti internazionali per ferrovia.A\u00a0 meno che cinque Stati membri dell&#8217;Organizzazione intergovernativa per i trasporti ferroviari internazionali non si oppongano, la domanda si riterr\u00e0 accettata tre mesi dopo la notifica, che avverr\u00e0 il 26 giugno. L&#8217;adesione avr\u00e0 quindi effetto il primo giorno del terzo mese successivo.<\/p>\n<p style=\"text-align: justify;\"><span>La Moldavia diventerebbe il 51\u00b0 Stato membro dell\u2019OTIF.<\/span>Il Paese intende applicare l\u2019Appendice B della COTIF, le Regole Uniformi relative al Contratto di Trasporto Internazionale di Merci per Ferrovia (CIM), ma non le Appendici A (CIV), C (RID), D (CUV), E (CUI), F (APTU) e G (ATMF).<\/p>\n","protected":false},"excerpt":{"rendered":"<p>La Moldavia ha presentato una domanda di adesione alla Convenzione relativa ai trasporti internazionali per ferrovia.A\u00a0 meno che cinque Stati membri dell&#8217;Organizzazione intergovernativa per i trasporti ferroviari internazionali non si oppongano, la domanda si riterr\u00e0 accettata tre mesi dopo la notifica, che avverr\u00e0 il 26 giugno. L&#8217;adesione avr\u00e0 quindi effetto il primo giorno del terzo mese successivo. La Moldavia diventerebbe il 51\u00b0 Stato membro dell\u2019OTIF.Il Paese intende applicare l\u2019Appendice B\u2026<\/p>\n<p class=\"continue-reading-button\"> <a class=\"continue-reading-link\" href=\"https:\/\/www.ilmondodeitreni.it\/blog\/?p=14780\">Continua la lettura<i class=\"crycon-right-dir\"><\/i><\/a><\/p>\n","protected":false},"author":7,"featured_media":0,"comment_status":"open","ping_status":"open","sticky":false,"template":"","format":"standard","meta":{"footnotes":""},"categories":[11],"tags":[9394,10228,5,2440],"class_list":["post-14780","post","type-post","status-publish","format-standard","hentry","category-news-estero","tag-carri-merci","tag-cotif","tag-ferrovie","tag-moldavia"],"_links":{"self":[{"href":"https:\/\/www.ilmondodeitreni.it\/blog\/index.php?rest_route=\/wp\/v2\/posts\/14780","targetHints":{"allow":["GET"]}}],"collection":[{"href":"https:\/\/www.ilmondodeitreni.it\/blog\/index.php?rest_route=\/wp\/v2\/posts"}],"about":[{"href":"https:\/\/www.ilmondodeitreni.it\/blog\/index.php?rest_route=\/wp\/v2\/types\/post"}],"author":[{"embeddable":true,"href":"https:\/\/www.ilmondodeitreni.it\/blog\/index.php?rest_route=\/wp\/v2\/users\/7"}],"replies":[{"embeddable":true,"href":"https:\/\/www.ilmondodeitreni.it\/blog\/index.php?rest_route=%2Fwp%2Fv2%2Fcomments&post=14780"}],"version-history":[{"count":1,"href":"https:\/\/www.ilmondodeitreni.it\/blog\/index.php?rest_route=\/wp\/v2\/posts\/14780\/revisions"}],"predecessor-version":[{"id":14781,"href":"https:\/\/www.ilmondodeitreni.it\/blog\/index.php?rest_route=\/wp\/v2\/posts\/14780\/revisions\/14781"}],"wp:attachment":[{"href":"https:\/\/www.ilmondodeitreni.it\/blog\/index.php?rest_route=%2Fwp%2Fv2%2Fmedia&parent=14780"}],"wp:term":[{"taxonomy":"category","embeddable":true,"href":"https:\/\/www.ilmondodeitreni.it\/blog\/index.php?rest_route=%2Fwp%2Fv2%2Fcategories&post=14780"},{"taxonomy":"post_tag","embeddable":true,"href":"https:\/\/www.ilmondodeitreni.it\/blog\/index.php?rest_route=%2Fwp%2Fv2%2Ftags&post=14780"}],"curies":[{"name":"wp","href":"https:\/\/api.w.org\/{rel}","templated":true}]}}