{"id":14703,"date":"2024-02-29T08:52:53","date_gmt":"2024-02-29T07:52:53","guid":{"rendered":"http:\/\/www.ilmondodeitreni.it\/blog\/?p=14703"},"modified":"2024-03-04T08:58:33","modified_gmt":"2024-03-04T07:58:33","slug":"interrotta-dal-4-al-17-marzo-la-linea-ferroviaria-campiglia-piombino","status":"publish","type":"post","link":"https:\/\/www.ilmondodeitreni.it\/blog\/?p=14703","title":{"rendered":"Interrotta dal 4 al 17 marzo la linea ferroviaria Campiglia-Piombino"},"content":{"rendered":"<p style=\"text-align: justify;\"><a href=\"http:\/\/www.ilmondodeitreni.it\/blog\/wp-content\/uploads\/2024\/03\/E646103_pisa.jpg\"><img loading=\"lazy\" decoding=\"async\" class=\"alignleft size-thumbnail wp-image-14704\" src=\"http:\/\/www.ilmondodeitreni.it\/blog\/wp-content\/uploads\/2024\/03\/E646103_pisa-160x120.jpg\" alt=\"\" width=\"160\" height=\"120\" srcset=\"https:\/\/www.ilmondodeitreni.it\/blog\/wp-content\/uploads\/2024\/03\/E646103_pisa-160x120.jpg 160w, https:\/\/www.ilmondodeitreni.it\/blog\/wp-content\/uploads\/2024\/03\/E646103_pisa-440x330.jpg 440w, https:\/\/www.ilmondodeitreni.it\/blog\/wp-content\/uploads\/2024\/03\/E646103_pisa-150x113.jpg 150w, https:\/\/www.ilmondodeitreni.it\/blog\/wp-content\/uploads\/2024\/03\/E646103_pisa.jpg 640w\" sizes=\"auto, (max-width: 160px) 100vw, 160px\" \/><\/a>Dal 4 al 17 marzo sar\u00e0 interrotta la circolazione ferroviaria fra Campiglia Marittima e Piombino. L&#8217;interruzione della linea \u00e8 necessaria per consentire la demolizione e la manutenzione di alcuni viadotti aerei tra Fiorentina di Piombino e Piombino, di propriet\u00e0 di una societ\u00e0 esterna al Gruppo FS Italiane. Per ovviare al disagio, ci saranno alcune modifiche alla circolazione dei treni regionali e, ovunque fosse possibile, sono previsti bus sostitutivi. Si tratta comunque di un interruzione meno gravosa del previsto: si profilava infatti un disagio che avrebbe potuto protrarsi molto pi\u00f9 a lungo e che \u00e8 stato evitato grazie al lavoro di squadra fra la Regione, RFI, la societ\u00e0 proprietaria dei viadotti e il territorio.<\/p>\n<p style=\"text-align: justify;\">&#8220;Sebbene sia ovvio che l&#8217;interruzione dei prossimi giorni rappresenter\u00e0 un disagio &#8211; ha spiegato l&#8217;assessore alle infrastrutture e mobilit\u00e0 Stefano Baccelli &#8211; la notizia \u00e8 in realt\u00e0 molto positiva: solo due mesi fa apprendevamo che, da febbraio, RFI avrebbe interrotto la circolazione sulla linea fino a data da destinarsi, in attesa che JSW intervenisse sugli attraversamenti di sua propriet\u00e0, il cui stato non \u00e8 ormai pi\u00f9 sicuro. Uno scenario che avrebbe causato enormi disagi ai cittadini toscani e danni alla stagione turistica locale. A poche settimane di distanza, il nostro intervento ha sventato questo rischio e fatto rientrare l&#8217;emergenza: grazie al fitto lavoro con l&#8217;azienda, RFI e il territorio, JSW inizier\u00e0 subito a intervenire sui propri attraversamenti secondo un piano condiviso e ben cadenzato, a tutela della circolazione su una linea tanto breve quanto importante per la nostra Regione. Ringrazio dunque gli uffici regionali &#8211; ha concluso Baccelli &#8211; e gli enti locali per la cura e la rapidit\u00e0 con cui \u00e8 stato messo a punto il servizio sostitutivo, che manterremo attivo per l&#8217;intera durata dell&#8217;interruzione.&#8221;<\/p>\n<p style=\"text-align: justify;\">&#8220;Questa vicenda &#8211; dichiara Sabrina Nigro, assessore alle attivit\u00e0 produttive e al turismo del Comune di Piombino &#8211; \u00e8 una testimonianza di quanto la sinergia tra gli enti pubblici, a vari livelli, e le aziende sia essenziale per risolvere le criticit\u00e0 e garantire servizi adeguati alle esigenze dei vari territori. Da mesi stiamo lavorando congiuntamente su due fronti: ripristinare la sicurezza avviando la manutenzione delle infrastrutture e, dall&#8217;altro lato, limitare i disagi per i fruitori in questo periodo di intervento sugli attraversamenti. \u00c8 un risultato decisamente positivo e importante, non solo per i molti cittadini pendolari che fruiscono della tratta, ma anche per le migliaia di visitatori che ogni anno, soprattutto con l&#8217;arrivo della bella stagione, godono del nostro territorio e lo fanno fruendo del trasporto pubblico che, tra l&#8217;altro, deve essere fortemente incentivato&#8221;.<\/p>\n<p style=\"text-align: justify;\">E&#8217; utile sapere che i posti disponibili sui bus in circolazione, che aumenteranno i tempi di percorrenza anche in relazione al traffico stradale, possono essere inferiori rispetto al normale servizio offerto, per questo Trenitalia consiglia di valutare la ri-pianificazione del viaggio.<br \/>\nI canali di acquisto di Trenitalia sono aggiornati con il programma straordinario di treni e bus. Informazioni di dettaglio disponibili su www.trenitalia.com (sezione Infomobilit\u00e0, alla pagina Lavori e Modifiche al servizio) e tramite Smart Caring personalizzato su App di Trenitalia.<\/p>\n<p style=\"text-align: justify;\">\n","protected":false},"excerpt":{"rendered":"<p>Dal 4 al 17 marzo sar\u00e0 interrotta la circolazione ferroviaria fra Campiglia Marittima e Piombino. L&#8217;interruzione della linea \u00e8 necessaria per consentire la demolizione e la manutenzione di alcuni viadotti aerei tra Fiorentina di Piombino e Piombino, di propriet\u00e0 di una societ\u00e0 esterna al Gruppo FS Italiane. Per ovviare al disagio, ci saranno alcune modifiche alla circolazione dei treni regionali e, ovunque fosse possibile, sono previsti bus sostitutivi. Si tratta\u2026<\/p>\n<p class=\"continue-reading-button\"> <a class=\"continue-reading-link\" href=\"https:\/\/www.ilmondodeitreni.it\/blog\/?p=14703\">Continua la lettura<i class=\"crycon-right-dir\"><\/i><\/a><\/p>\n","protected":false},"author":11,"featured_media":0,"comment_status":"open","ping_status":"open","sticky":false,"template":"","format":"standard","meta":{"footnotes":""},"categories":[2],"tags":[2974,1353,10190,1280,34,10191,6205,39],"class_list":["post-14703","post","type-post","status-publish","format-standard","hentry","category-news","tag-campiglia-marittima","tag-gruppo-fs-italiane","tag-jsw","tag-piombino","tag-rfi","tag-sabrina-nigro","tag-stefano-baccelli","tag-toscana"],"_links":{"self":[{"href":"https:\/\/www.ilmondodeitreni.it\/blog\/index.php?rest_route=\/wp\/v2\/posts\/14703","targetHints":{"allow":["GET"]}}],"collection":[{"href":"https:\/\/www.ilmondodeitreni.it\/blog\/index.php?rest_route=\/wp\/v2\/posts"}],"about":[{"href":"https:\/\/www.ilmondodeitreni.it\/blog\/index.php?rest_route=\/wp\/v2\/types\/post"}],"author":[{"embeddable":true,"href":"https:\/\/www.ilmondodeitreni.it\/blog\/index.php?rest_route=\/wp\/v2\/users\/11"}],"replies":[{"embeddable":true,"href":"https:\/\/www.ilmondodeitreni.it\/blog\/index.php?rest_route=%2Fwp%2Fv2%2Fcomments&post=14703"}],"version-history":[{"count":1,"href":"https:\/\/www.ilmondodeitreni.it\/blog\/index.php?rest_route=\/wp\/v2\/posts\/14703\/revisions"}],"predecessor-version":[{"id":14705,"href":"https:\/\/www.ilmondodeitreni.it\/blog\/index.php?rest_route=\/wp\/v2\/posts\/14703\/revisions\/14705"}],"wp:attachment":[{"href":"https:\/\/www.ilmondodeitreni.it\/blog\/index.php?rest_route=%2Fwp%2Fv2%2Fmedia&parent=14703"}],"wp:term":[{"taxonomy":"category","embeddable":true,"href":"https:\/\/www.ilmondodeitreni.it\/blog\/index.php?rest_route=%2Fwp%2Fv2%2Fcategories&post=14703"},{"taxonomy":"post_tag","embeddable":true,"href":"https:\/\/www.ilmondodeitreni.it\/blog\/index.php?rest_route=%2Fwp%2Fv2%2Ftags&post=14703"}],"curies":[{"name":"wp","href":"https:\/\/api.w.org\/{rel}","templated":true}]}}