{"id":1466,"date":"2015-02-21T22:15:57","date_gmt":"2015-02-21T21:15:57","guid":{"rendered":"http:\/\/www.ilmondodeitreni.it\/blog\/?p=1466"},"modified":"2015-02-21T22:15:57","modified_gmt":"2015-02-21T21:15:57","slug":"metro-c-da-marzo-pre-esercizio-verso-lodi","status":"publish","type":"post","link":"https:\/\/www.ilmondodeitreni.it\/blog\/?p=1466","title":{"rendered":"Metro C, da marzo pre-esercizio verso Lodi"},"content":{"rendered":"<p style=\"text-align: justify;\"><a href=\"http:\/\/www.ilmondodeitreni.it\/blog\/wp-content\/uploads\/2014\/11\/1292011112515CIMG1380.jpg\"><img loading=\"lazy\" decoding=\"async\" class=\"alignleft size-thumbnail wp-image-136\" src=\"http:\/\/www.ilmondodeitreni.it\/blog\/wp-content\/uploads\/2014\/11\/1292011112515CIMG1380-150x150.jpg\" alt=\"1292011112515CIMG1380\" width=\"150\" height=\"150\" \/><\/a>Inizier\u00e0 il 2 marzo il pre-esercizio della tratta Centocelle-Lodi sulla terza linea della metropolitana, effettuato a cura del consorzio Metro C. Ad annunciare i tempi \u00e8 stato l&#8217;assessore alla Mobilit\u00e0 Guido Improta, al termine della riunione che si \u00e8 svolta venerd\u00ec 20 febbraio, in Campidoglio, con il sindaco Marino, alla presenza della commissione Collaudo. &#8220;Per la fine di aprile &#8211; ha precisato Improta &#8211; inizier\u00e0 invece il pre-esercizio di Atac&#8221;.<br \/>\nL&#8217;avvio del pre-esercizio segna un&#8217;ulteriore tappa nel programma che porter\u00e0 all&#8217;apertura della tratta Centocelle-Lodi. A met\u00e0 febbraio, Paolo Omodeo Sal\u00e8, il presidente di Roma Metropolitane, aveva fornito una indicazione proprio sull&#8217;apertura al pubblico del nuovo tratto: &#8220;Entro il 30 giugno, con possibile sfasatura di un mese\u201d. Dunque, tra giugno e luglio di quest&#8217;anno.<br \/>\nLa tratta Parco di Centocelle-Lodi \u00e8 lunga 5 chilometri con sei stazioni: Mirti, Gardenie, Teano, Malatesta, Pigneto e il capolinea provvisorio di Lodi. I lavori importanti della tratta &#8211; precisa il consorzio Metro C &#8211; sono stati ultimati alla fine di agosto dello scorso anno. Quando aprir\u00e0 questa seconda tratta, in tutto i chilometri che entreranno a far parte della rete del trasporto pubblico romano saranno 18.<br \/>\nIl primo cantiere della terza linea della metropolitana \u00e8 stato avviato nel 2007. Alle 5,30 dello scorso 9 novembre, una domenica, con le prime corse dai capolinea di Parco di Centocelle e Pantano\/Montecompatri, la Metro C \u00e8 entrata ufficialmente in servizio.<br \/>\nLa costruzione della linea \u00e8 affidata alla societ\u00e0 consortile per azioni &#8220;Metro C&#8221; formata dalle aziende Astaldi, Vianini, Ansaldo Sts, CmbCarpi e Consorzio Cooperative Costruzioni<\/p>\n","protected":false},"excerpt":{"rendered":"<p>Inizier\u00e0 il 2 marzo il pre-esercizio della tratta Centocelle-Lodi sulla terza linea della metropolitana, effettuato a cura del consorzio Metro C. Ad annunciare i tempi \u00e8 stato l&#8217;assessore alla Mobilit\u00e0 Guido Improta, al termine della riunione che si \u00e8 svolta venerd\u00ec 20 febbraio, in Campidoglio, con il sindaco Marino, alla presenza della commissione Collaudo. &#8220;Per la fine di aprile &#8211; ha precisato Improta &#8211; inizier\u00e0 invece il pre-esercizio di Atac&#8221;.\u2026<\/p>\n<p class=\"continue-reading-button\"> <a class=\"continue-reading-link\" href=\"https:\/\/www.ilmondodeitreni.it\/blog\/?p=1466\">Continua la lettura<i class=\"crycon-right-dir\"><\/i><\/a><\/p>\n","protected":false},"author":2,"featured_media":0,"comment_status":"open","ping_status":"open","sticky":false,"template":"","format":"standard","meta":{"footnotes":""},"categories":[48],"tags":[50,627,7,1087,1089,1091,334,51,672,1093,49,42,1090,1094,9,1092,1088],"class_list":["post-1466","post","type-post","status-publish","format-standard","hentry","category-speciale-metro-c","tag-ansaldo-sts","tag-astaldi","tag-atac","tag-centocelle-lodi","tag-cmbcarpi","tag-gardenie","tag-guido-improta","tag-ignazio-marino","tag-ilmondodeitreni-it","tag-malatesta","tag-metro-c","tag-metropolitana","tag-mirti","tag-pigneto","tag-roma","tag-teano","tag-vianini"],"_links":{"self":[{"href":"https:\/\/www.ilmondodeitreni.it\/blog\/index.php?rest_route=\/wp\/v2\/posts\/1466","targetHints":{"allow":["GET"]}}],"collection":[{"href":"https:\/\/www.ilmondodeitreni.it\/blog\/index.php?rest_route=\/wp\/v2\/posts"}],"about":[{"href":"https:\/\/www.ilmondodeitreni.it\/blog\/index.php?rest_route=\/wp\/v2\/types\/post"}],"author":[{"embeddable":true,"href":"https:\/\/www.ilmondodeitreni.it\/blog\/index.php?rest_route=\/wp\/v2\/users\/2"}],"replies":[{"embeddable":true,"href":"https:\/\/www.ilmondodeitreni.it\/blog\/index.php?rest_route=%2Fwp%2Fv2%2Fcomments&post=1466"}],"version-history":[{"count":1,"href":"https:\/\/www.ilmondodeitreni.it\/blog\/index.php?rest_route=\/wp\/v2\/posts\/1466\/revisions"}],"predecessor-version":[{"id":1467,"href":"https:\/\/www.ilmondodeitreni.it\/blog\/index.php?rest_route=\/wp\/v2\/posts\/1466\/revisions\/1467"}],"wp:attachment":[{"href":"https:\/\/www.ilmondodeitreni.it\/blog\/index.php?rest_route=%2Fwp%2Fv2%2Fmedia&parent=1466"}],"wp:term":[{"taxonomy":"category","embeddable":true,"href":"https:\/\/www.ilmondodeitreni.it\/blog\/index.php?rest_route=%2Fwp%2Fv2%2Fcategories&post=1466"},{"taxonomy":"post_tag","embeddable":true,"href":"https:\/\/www.ilmondodeitreni.it\/blog\/index.php?rest_route=%2Fwp%2Fv2%2Ftags&post=1466"}],"curies":[{"name":"wp","href":"https:\/\/api.w.org\/{rel}","templated":true}]}}