{"id":14535,"date":"2023-11-16T18:13:50","date_gmt":"2023-11-16T17:13:50","guid":{"rendered":"http:\/\/www.ilmondodeitreni.it\/blog\/?p=14535"},"modified":"2023-11-17T10:25:00","modified_gmt":"2023-11-17T09:25:00","slug":"nuovo-stabilimento-ferroviario-di-arbedo-castione-ffs-ok-da-parte-delluft","status":"publish","type":"post","link":"https:\/\/www.ilmondodeitreni.it\/blog\/?p=14535","title":{"rendered":"Nuovo stabilimento ferroviario di Arbedo-Castione FFS: ok da parte dell&#8217;UFT"},"content":{"rendered":"<p style=\"text-align: justify;\"><a href=\"http:\/\/www.ilmondodeitreni.it\/blog\/wp-content\/uploads\/2022\/06\/nuovacentraleFFS_Mendrisio.jpg\"><img loading=\"lazy\" decoding=\"async\" class=\"alignleft size-thumbnail wp-image-13698\" src=\"http:\/\/www.ilmondodeitreni.it\/blog\/wp-content\/uploads\/2022\/06\/nuovacentraleFFS_Mendrisio-160x90.jpg\" alt=\"\" width=\"160\" height=\"90\" srcset=\"https:\/\/www.ilmondodeitreni.it\/blog\/wp-content\/uploads\/2022\/06\/nuovacentraleFFS_Mendrisio-160x90.jpg 160w, https:\/\/www.ilmondodeitreni.it\/blog\/wp-content\/uploads\/2022\/06\/nuovacentraleFFS_Mendrisio-640x360.jpg 640w, https:\/\/www.ilmondodeitreni.it\/blog\/wp-content\/uploads\/2022\/06\/nuovacentraleFFS_Mendrisio-1024x576.jpg 1024w, https:\/\/www.ilmondodeitreni.it\/blog\/wp-content\/uploads\/2022\/06\/nuovacentraleFFS_Mendrisio-768x432.jpg 768w, https:\/\/www.ilmondodeitreni.it\/blog\/wp-content\/uploads\/2022\/06\/nuovacentraleFFS_Mendrisio-150x84.jpg 150w, https:\/\/www.ilmondodeitreni.it\/blog\/wp-content\/uploads\/2022\/06\/nuovacentraleFFS_Mendrisio.jpg 1280w\" sizes=\"auto, (max-width: 160px) 100vw, 160px\" \/><\/a>Con il rilascio della Decisione di Approvazione dei Piani da parte dell&#8217;UFT \u00e8 stato compiuto un ulteriore passo per l&#8217;edificazione del Nuovo stabilimento industriale di Arbedo-Castione. Le FFS si felicitano di questa decisione. Il rilascio non \u00e8 tuttavia ancora giuridicamente vincolante in quanto lo stesso \u00e8 soggetto a un periodo di 30 giorni durante il quale \u00e8 possibile inoltrare ricorso. Con due opposizioni tuttora pendenti legate ad una compensazione delle Superfici per l&#8217;Avvicendamento delle Colture (SAC) vi \u00e8 in effetti un&#8217;alta probabilit\u00e0 di ricorso nei confronti della DAP.<\/p>\n<p style=\"text-align: justify;\">Il momento celebrativo di posa della prima pietra, previsto in concomitanza con l&#8217;inizio dei lavori nel mese di dicembre, deve essere rimandato.<\/p>\n<p style=\"text-align: justify;\">In seguito alla ricezione di tutte le offerte, sia quelle legate allo stabile, sia quelle legate all&#8217;infrastruttura ferroviaria, sono emersi significativi aumenti dei costi, dovuti anche all&#8217;attuale congiuntura economica. Le FFS intendono quindi sfruttare questo lasso di tempo per ottimizzare il progetto e ridurre i costi del nuovo stabilimento.<\/p>\n","protected":false},"excerpt":{"rendered":"<p>Con il rilascio della Decisione di Approvazione dei Piani da parte dell&#8217;UFT \u00e8 stato compiuto un ulteriore passo per l&#8217;edificazione del Nuovo stabilimento industriale di Arbedo-Castione. Le FFS si felicitano di questa decisione. Il rilascio non \u00e8 tuttavia ancora giuridicamente vincolante in quanto lo stesso \u00e8 soggetto a un periodo di 30 giorni durante il quale \u00e8 possibile inoltrare ricorso. Con due opposizioni tuttora pendenti legate ad una compensazione delle\u2026<\/p>\n<p class=\"continue-reading-button\"> <a class=\"continue-reading-link\" href=\"https:\/\/www.ilmondodeitreni.it\/blog\/?p=14535\">Continua la lettura<i class=\"crycon-right-dir\"><\/i><\/a><\/p>\n","protected":false},"author":12,"featured_media":0,"comment_status":"open","ping_status":"open","sticky":false,"template":"","format":"standard","meta":{"footnotes":""},"categories":[11],"tags":[1389,35,10064,37,3485],"class_list":["post-14535","post","type-post","status-publish","format-standard","hentry","category-news-estero","tag-arbedo-castione","tag-ffs","tag-infrastruttura-ferroviaria","tag-svizzera","tag-uft"],"_links":{"self":[{"href":"https:\/\/www.ilmondodeitreni.it\/blog\/index.php?rest_route=\/wp\/v2\/posts\/14535","targetHints":{"allow":["GET"]}}],"collection":[{"href":"https:\/\/www.ilmondodeitreni.it\/blog\/index.php?rest_route=\/wp\/v2\/posts"}],"about":[{"href":"https:\/\/www.ilmondodeitreni.it\/blog\/index.php?rest_route=\/wp\/v2\/types\/post"}],"author":[{"embeddable":true,"href":"https:\/\/www.ilmondodeitreni.it\/blog\/index.php?rest_route=\/wp\/v2\/users\/12"}],"replies":[{"embeddable":true,"href":"https:\/\/www.ilmondodeitreni.it\/blog\/index.php?rest_route=%2Fwp%2Fv2%2Fcomments&post=14535"}],"version-history":[{"count":1,"href":"https:\/\/www.ilmondodeitreni.it\/blog\/index.php?rest_route=\/wp\/v2\/posts\/14535\/revisions"}],"predecessor-version":[{"id":14536,"href":"https:\/\/www.ilmondodeitreni.it\/blog\/index.php?rest_route=\/wp\/v2\/posts\/14535\/revisions\/14536"}],"wp:attachment":[{"href":"https:\/\/www.ilmondodeitreni.it\/blog\/index.php?rest_route=%2Fwp%2Fv2%2Fmedia&parent=14535"}],"wp:term":[{"taxonomy":"category","embeddable":true,"href":"https:\/\/www.ilmondodeitreni.it\/blog\/index.php?rest_route=%2Fwp%2Fv2%2Fcategories&post=14535"},{"taxonomy":"post_tag","embeddable":true,"href":"https:\/\/www.ilmondodeitreni.it\/blog\/index.php?rest_route=%2Fwp%2Fv2%2Ftags&post=14535"}],"curies":[{"name":"wp","href":"https:\/\/api.w.org\/{rel}","templated":true}]}}