{"id":14494,"date":"2023-10-26T15:10:15","date_gmt":"2023-10-26T13:10:15","guid":{"rendered":"http:\/\/www.ilmondodeitreni.it\/blog\/?p=14494"},"modified":"2024-06-05T22:34:51","modified_gmt":"2024-06-05T20:34:51","slug":"uzhorodpotenziamentotpl","status":"publish","type":"post","link":"https:\/\/www.ilmondodeitreni.it\/blog\/?p=14494","title":{"rendered":"Uzhorod,potenziamento del trasporto pubblico in occasione del giorno della memoria dei defunti"},"content":{"rendered":"<div class=\"xdj266r x11i5rnm xat24cr x1mh8g0r x1vvkbs x126k92a\">\n<div dir=\"auto\" style=\"text-align: justify;\"><a href=\"http:\/\/www.ilmondodeitreni.it\/blog\/wp-content\/uploads\/2021\/09\/009_pl_shandorapetefi.jpg\"><img loading=\"lazy\" decoding=\"async\" class=\"alignleft size-thumbnail wp-image-13258\" src=\"http:\/\/www.ilmondodeitreni.it\/blog\/wp-content\/uploads\/2021\/09\/009_pl_shandorapetefi-160x107.jpg\" alt=\"\" width=\"160\" height=\"107\" srcset=\"https:\/\/www.ilmondodeitreni.it\/blog\/wp-content\/uploads\/2021\/09\/009_pl_shandorapetefi-160x107.jpg 160w, https:\/\/www.ilmondodeitreni.it\/blog\/wp-content\/uploads\/2021\/09\/009_pl_shandorapetefi-640x426.jpg 640w, https:\/\/www.ilmondodeitreni.it\/blog\/wp-content\/uploads\/2021\/09\/009_pl_shandorapetefi-768x512.jpg 768w, https:\/\/www.ilmondodeitreni.it\/blog\/wp-content\/uploads\/2021\/09\/009_pl_shandorapetefi-150x100.jpg 150w, https:\/\/www.ilmondodeitreni.it\/blog\/wp-content\/uploads\/2021\/09\/009_pl_shandorapetefi.jpg 800w\" sizes=\"auto, (max-width: 160px) 100vw, 160px\" \/><\/a>Dal 28 ottobre al 1 novembre compreso ad Uzhhorod a causa dell&#8217;aumento del flusso passeggeri alla vigilia e nel giorno della memoria dei defunti &#8211; 1 novembre &#8211; verranno aumentati gli autobus comunali ed in particolare sulle due linee diretteverso il cimitero cittadino &#8220;Barvinok&#8221;. Questa decisione \u00e8 stata sostenuta oggi dal comitato esecutivo dell&#8217;amministrazione comunale.<\/div>\n<\/div>\n<div class=\"x11i5rnm xat24cr x1mh8g0r x1vvkbs xtlvy1s x126k92a\">\n<div dir=\"auto\">Quindi, avverr\u00e0 un ulteriore quantitativo di capacit\u00e0 di trasporto\u00a0 sulle linee:<\/div>\n<\/div>\n<div class=\"x11i5rnm xat24cr x1mh8g0r x1vvkbs xtlvy1s x126k92a\">\n<div dir=\"auto\"><span class=\"x3nfvp2 x1j61x8r x1fcty0u xdj266r xhhsvwb xat24cr xgzva0m xxymvpz xlup9mm x1kky2od\"><img loading=\"lazy\" decoding=\"async\" class=\"xz74otr\" src=\"https:\/\/static.xx.fbcdn.net\/images\/emoji.php\/v9\/t9e\/1\/16\/27a1.png\" alt=\"&#x27a1;&#xfe0f;\" width=\"16\" height=\"16\" \/><\/span>N\u00b0156 St. Vyacheslava Chornovola &#8211; Cimitero cittadino &#8220;Barvinok&#8221;;<\/div>\n<\/div>\n<div class=\"x11i5rnm xat24cr x1mh8g0r x1vvkbs xtlvy1s x126k92a\">\n<div dir=\"auto\"><span class=\"x3nfvp2 x1j61x8r x1fcty0u xdj266r xhhsvwb xat24cr xgzva0m xxymvpz xlup9mm x1kky2od\"><img loading=\"lazy\" decoding=\"async\" class=\"xz74otr\" src=\"https:\/\/static.xx.fbcdn.net\/images\/emoji.php\/v9\/t9e\/1\/16\/27a1.png\" alt=\"&#x27a1;&#xfe0f;\" width=\"16\" height=\"16\" \/><\/span>N\u00b020 Microdistretto di Domanyntsi\u00a0 &#8211; Mercato delle Merci\u00a0 (prolungata fino al cimitero di Barvinok);<\/div>\n<\/div>\n<div class=\"x11i5rnm xat24cr x1mh8g0r x1vvkbs xtlvy1s x126k92a\">\n<div dir=\"auto\"><span class=\"x3nfvp2 x1j61x8r x1fcty0u xdj266r xhhsvwb xat24cr xgzva0m xxymvpz xlup9mm x1kky2od\"><img loading=\"lazy\" decoding=\"async\" class=\"xz74otr\" src=\"https:\/\/static.xx.fbcdn.net\/images\/emoji.php\/v9\/t9e\/1\/16\/27a1.png\" alt=\"&#x27a1;&#xfe0f;\" width=\"16\" height=\"16\" \/><\/span>N\u00b0 24 Via Gagarin \/ Rotatoria E50 &#8211; Universit\u00e0 Nazionale\u00a0 (il percorso continuer\u00e0 da Via Gagarin per il cimitero).<\/div>\n<div dir=\"auto\">\n<div class=\"x11i5rnm xat24cr x1mh8g0r x1vvkbs xtlvy1s x126k92a\">\n<div dir=\"auto\">In caso di necessit\u00e0 sul percorso<\/div>\n<\/div>\n<div class=\"x11i5rnm xat24cr x1mh8g0r x1vvkbs xtlvy1s x126k92a\">\n<div dir=\"auto\"><span class=\"x3nfvp2 x1j61x8r x1fcty0u xdj266r xhhsvwb xat24cr xgzva0m xxymvpz xlup9mm x1kky2od\"><img loading=\"lazy\" decoding=\"async\" class=\"xz74otr\" src=\"https:\/\/static.xx.fbcdn.net\/images\/emoji.php\/v9\/t9e\/1\/16\/27a1.png\" alt=\"&#x27a1;&#xfe0f;\" width=\"16\" height=\"16\" \/><\/span>N. 156 St. V\u00e2\u010deslava Chornovola &#8211; Cimitero cittadino &#8220;Barv\u00ednok&#8221; &#8211; si aumenter\u00e0 il numero degli autobus disponibili. I nuovi orari sono disponibili nell&#8217;applicazione <a href=\"https:\/\/uz.rozklad.in.ua\/\">Rozklad.in.UA<\/a>.<\/div>\n<\/div>\n<\/div>\n<\/div>\n","protected":false},"excerpt":{"rendered":"<p>Dal 28 ottobre al 1 novembre compreso ad Uzhhorod a causa dell&#8217;aumento del flusso passeggeri alla vigilia e nel giorno della memoria dei defunti &#8211; 1 novembre &#8211; verranno aumentati gli autobus comunali ed in particolare sulle due linee diretteverso il cimitero cittadino &#8220;Barvinok&#8221;. Questa decisione \u00e8 stata sostenuta oggi dal comitato esecutivo dell&#8217;amministrazione comunale. Quindi, avverr\u00e0 un ulteriore quantitativo di capacit\u00e0 di trasporto\u00a0 sulle linee: N\u00b0156 St. Vyacheslava Chornovola\u2026<\/p>\n<p class=\"continue-reading-button\"> <a class=\"continue-reading-link\" href=\"https:\/\/www.ilmondodeitreni.it\/blog\/?p=14494\">Continua la lettura<i class=\"crycon-right-dir\"><\/i><\/a><\/p>\n","protected":false},"author":1,"featured_media":0,"comment_status":"open","ping_status":"open","sticky":false,"template":"","format":"standard","meta":{"footnotes":""},"categories":[11],"tags":[10030,29,62,1409],"class_list":["post-14494","post","type-post","status-publish","format-standard","hentry","category-news-estero","tag-barvinok","tag-trasporti","tag-ucraina","tag-uzhorod"],"_links":{"self":[{"href":"https:\/\/www.ilmondodeitreni.it\/blog\/index.php?rest_route=\/wp\/v2\/posts\/14494","targetHints":{"allow":["GET"]}}],"collection":[{"href":"https:\/\/www.ilmondodeitreni.it\/blog\/index.php?rest_route=\/wp\/v2\/posts"}],"about":[{"href":"https:\/\/www.ilmondodeitreni.it\/blog\/index.php?rest_route=\/wp\/v2\/types\/post"}],"author":[{"embeddable":true,"href":"https:\/\/www.ilmondodeitreni.it\/blog\/index.php?rest_route=\/wp\/v2\/users\/1"}],"replies":[{"embeddable":true,"href":"https:\/\/www.ilmondodeitreni.it\/blog\/index.php?rest_route=%2Fwp%2Fv2%2Fcomments&post=14494"}],"version-history":[{"count":4,"href":"https:\/\/www.ilmondodeitreni.it\/blog\/index.php?rest_route=\/wp\/v2\/posts\/14494\/revisions"}],"predecessor-version":[{"id":14844,"href":"https:\/\/www.ilmondodeitreni.it\/blog\/index.php?rest_route=\/wp\/v2\/posts\/14494\/revisions\/14844"}],"wp:attachment":[{"href":"https:\/\/www.ilmondodeitreni.it\/blog\/index.php?rest_route=%2Fwp%2Fv2%2Fmedia&parent=14494"}],"wp:term":[{"taxonomy":"category","embeddable":true,"href":"https:\/\/www.ilmondodeitreni.it\/blog\/index.php?rest_route=%2Fwp%2Fv2%2Fcategories&post=14494"},{"taxonomy":"post_tag","embeddable":true,"href":"https:\/\/www.ilmondodeitreni.it\/blog\/index.php?rest_route=%2Fwp%2Fv2%2Ftags&post=14494"}],"curies":[{"name":"wp","href":"https:\/\/api.w.org\/{rel}","templated":true}]}}