{"id":14470,"date":"2023-10-05T10:49:02","date_gmt":"2023-10-05T08:49:02","guid":{"rendered":"http:\/\/www.ilmondodeitreni.it\/blog\/?p=14470"},"modified":"2023-10-05T10:49:02","modified_gmt":"2023-10-05T08:49:02","slug":"atm-firma-contratto-per-gestione-della-prima-metropolitana-automatica-in-grecia","status":"publish","type":"post","link":"https:\/\/www.ilmondodeitreni.it\/blog\/?p=14470","title":{"rendered":"ATM firma contratto per gestione della prima metropolitana automatica in Grecia"},"content":{"rendered":"<p style=\"text-align: justify;\"><a href=\"http:\/\/www.ilmondodeitreni.it\/blog\/wp-content\/uploads\/2015\/04\/metro_bs.jpg\"><img loading=\"lazy\" decoding=\"async\" class=\"alignleft size-thumbnail wp-image-1756\" src=\"http:\/\/www.ilmondodeitreni.it\/blog\/wp-content\/uploads\/2015\/04\/metro_bs-160x107.jpg\" alt=\"\" width=\"160\" height=\"107\" srcset=\"https:\/\/www.ilmondodeitreni.it\/blog\/wp-content\/uploads\/2015\/04\/metro_bs-160x107.jpg 160w, https:\/\/www.ilmondodeitreni.it\/blog\/wp-content\/uploads\/2015\/04\/metro_bs-225x150.jpg 225w, https:\/\/www.ilmondodeitreni.it\/blog\/wp-content\/uploads\/2015\/04\/metro_bs-150x100.jpg 150w, https:\/\/www.ilmondodeitreni.it\/blog\/wp-content\/uploads\/2015\/04\/metro_bs.jpg 524w\" sizes=\"auto, (max-width: 160px) 100vw, 160px\" \/><\/a>Atm ha firmato oggi in Grecia il contratto per la gestione della prima metropolitana automatica nella citt\u00e0 di Salonicco, che entrer\u00e0 in funzione entro il 2024. La cerimonia \u00e8 avvenuta alla presenza del Primo Ministro Kyriakos Mitsotakis e del Ministro delle Infrastrutture e dei Trasporti greco Christos Staikouras insieme ad altre alte cariche istituzionali del governo greco. Il documento ufficiale che certifica l&#8217;affidamento della gestione della nuova linea metropolitana \u00e8 stato formalizzato dall&#8217;Amministratore Delegato di Elliniko Metro S.A. Nikolaos Kouretas, il committente, e dall&#8217;Amministratore Delegato di Atm, Arrigo Giana, insieme a Renaud B\u00e9ziade, CEO Consulting &amp; Operations di Egis, gruppo francese partner nell&#8217;operazione.<\/p>\n<p style=\"text-align: justify;\">La societ\u00e0 Thema, partecipata per il 51% da Atm e per il 49% da Egis, \u00e8 il soggetto societario che si \u00e8 aggiudicato lo scorso giugno la commessa della durata di 11 anni e del valore economico complessivo di 250 milioni di euro.<\/p>\n<p style=\"text-align: justify;\">&#8220;Questo importante contratto centra pienamente i piani di sviluppo internazionale di Atm per valorizzare la nostra esperienza e know-now nella gestione delle metropolitane automatiche e dei sistemi di mobilit\u00e0 &#8211; ha dichiarato Arrigo Giana, Amministratore Delegato di Atm. La nostra motivazione e il nostro commitment sono orientati nell&#8217;offrire il miglior servizio di trasporto pubblico ai city users della seconda citt\u00e0 pi\u00f9 importante della Grecia e per l&#8217;intero paese&#8221;.<\/p>\n<p style=\"text-align: justify;\">ATM, leader nel trasporto pubblico in Italia, ha acquisito negli anni un ruolo d&#8217;eccellenza a livello globale: dal 2008 a Copenaghen gestisce l&#8217;intera rete metropolitana driverless, nel 2011 a Riyad ha avviato la prima linea della citt\u00e0 e dal 2013 a Milano con la metro a guida automatica M5 e successivamente con la M4, che collega l&#8217;aeroporto di Linate al centro citt\u00e0.<\/p>\n<p style=\"text-align: justify;\">Il business internazionale rappresenta oggi il 15% dei 1,1 miliardi di Euro di ricavi del Gruppo ATM. Lo sviluppo delle attivit\u00e0 all&#8217;estero \u00e8 uno dei principali pilastri del piano strategico.<\/p>\n<p style=\"text-align: justify;\">Nei prossimi anni l&#8217;obiettivo \u00e8 di raggiungere tra il 30% e 40% dei ricavi attraverso la gestione di progetti nel mondo, con marginalit\u00e0 che serviranno per investire ulteriormente anche e soprattutto nel trasporto pubblico a Milano. Oltre alla Danimarca e alla Grecia, Atm oggi guarda a tutti i mercati dove c&#8217;\u00e8 la possibilit\u00e0 di partecipare a gare, con particolare interesse in Francia, in Medio Oriente e nell&#8217;area del Golfo.<\/p>\n<p style=\"text-align: justify;\"><strong>CARATTERISTICHE DELLA METROPOLITANA DI SALONICCO<\/strong><\/p>\n<p style=\"text-align: justify;\">La nuova linea \u00e8 oggi la pi\u00f9 moderna opera pubblica della Grecia e, con un&#8217;estensione di quasi 20 chilometri, diventer\u00e0 il principale snodo per gli spostamenti interni alla citt\u00e0, strategica anche per il collegamento con il resto del Paese.<\/p>\n<p style=\"text-align: justify;\">Caratterizzata dal colore rosso, la metropolitana attraverser\u00e0 l&#8217;intera citt\u00e0 sull&#8217;asse est ovest con 13 fermate, dal capolinea di Nea Elvetia a quello della stazione ferroviaria di Salonicco. \u00c8 prevista un&#8217;ulteriore estensione con altre 5 stazioni per unire la fermata di 25 Martiou con la zona sud est delle citt\u00e0 con capolinea nella stazione di Mirka.<\/p>\n<p style=\"text-align: justify;\">Dotata di sofisticati sistemi di controllo e manutenzione, la metropolitana effettua un servizio quotidiano dalle 5,30 alle 0,30 (venerd\u00ec e sabato l&#8217;apertura della linea potr\u00e0 essere prolungata fino alle 2) con 18 treni nella prima fase, che saranno aumentati fino a 33 per garantire il servizio con l&#8217;estensione di Kalamaria.<\/p>\n","protected":false},"excerpt":{"rendered":"<p>Atm ha firmato oggi in Grecia il contratto per la gestione della prima metropolitana automatica nella citt\u00e0 di Salonicco, che entrer\u00e0 in funzione entro il 2024. La cerimonia \u00e8 avvenuta alla presenza del Primo Ministro Kyriakos Mitsotakis e del Ministro delle Infrastrutture e dei Trasporti greco Christos Staikouras insieme ad altre alte cariche istituzionali del governo greco. Il documento ufficiale che certifica l&#8217;affidamento della gestione della nuova linea metropolitana \u00e8\u2026<\/p>\n<p class=\"continue-reading-button\"> <a class=\"continue-reading-link\" href=\"https:\/\/www.ilmondodeitreni.it\/blog\/?p=14470\">Continua la lettura<i class=\"crycon-right-dir\"><\/i><\/a><\/p>\n","protected":false},"author":1,"featured_media":0,"comment_status":"open","ping_status":"open","sticky":false,"template":"","format":"standard","meta":{"footnotes":""},"categories":[11],"tags":[1514,121,10003,10004,647,10002,10005,890,29],"class_list":["post-14470","post","type-post","status-publish","format-standard","hentry","category-news-estero","tag-arrigo-giana","tag-atm","tag-christos-staikouras","tag-elliniko-metro-s-a","tag-grecia","tag-kyriakos-mitsotakis","tag-nikolaos-kouretas","tag-salonicco","tag-trasporti"],"_links":{"self":[{"href":"https:\/\/www.ilmondodeitreni.it\/blog\/index.php?rest_route=\/wp\/v2\/posts\/14470","targetHints":{"allow":["GET"]}}],"collection":[{"href":"https:\/\/www.ilmondodeitreni.it\/blog\/index.php?rest_route=\/wp\/v2\/posts"}],"about":[{"href":"https:\/\/www.ilmondodeitreni.it\/blog\/index.php?rest_route=\/wp\/v2\/types\/post"}],"author":[{"embeddable":true,"href":"https:\/\/www.ilmondodeitreni.it\/blog\/index.php?rest_route=\/wp\/v2\/users\/1"}],"replies":[{"embeddable":true,"href":"https:\/\/www.ilmondodeitreni.it\/blog\/index.php?rest_route=%2Fwp%2Fv2%2Fcomments&post=14470"}],"version-history":[{"count":1,"href":"https:\/\/www.ilmondodeitreni.it\/blog\/index.php?rest_route=\/wp\/v2\/posts\/14470\/revisions"}],"predecessor-version":[{"id":14471,"href":"https:\/\/www.ilmondodeitreni.it\/blog\/index.php?rest_route=\/wp\/v2\/posts\/14470\/revisions\/14471"}],"wp:attachment":[{"href":"https:\/\/www.ilmondodeitreni.it\/blog\/index.php?rest_route=%2Fwp%2Fv2%2Fmedia&parent=14470"}],"wp:term":[{"taxonomy":"category","embeddable":true,"href":"https:\/\/www.ilmondodeitreni.it\/blog\/index.php?rest_route=%2Fwp%2Fv2%2Fcategories&post=14470"},{"taxonomy":"post_tag","embeddable":true,"href":"https:\/\/www.ilmondodeitreni.it\/blog\/index.php?rest_route=%2Fwp%2Fv2%2Ftags&post=14470"}],"curies":[{"name":"wp","href":"https:\/\/api.w.org\/{rel}","templated":true}]}}