{"id":14448,"date":"2023-09-21T19:00:59","date_gmt":"2023-09-21T17:00:59","guid":{"rendered":"http:\/\/www.ilmondodeitreni.it\/blog\/?p=14448"},"modified":"2023-09-22T19:42:57","modified_gmt":"2023-09-22T17:42:57","slug":"a-parma-il-trasporto-pubblico-e-sempre-piu-elettrico-8-nuovi-filobus-per-le-linee-urbane-3-e-4","status":"publish","type":"post","link":"https:\/\/www.ilmondodeitreni.it\/blog\/?p=14448","title":{"rendered":"A Parma il trasporto pubblico \u00e8 sempre pi\u00f9 elettrico: 8 nuovi filobus per le linee urbane 3 e 4"},"content":{"rendered":"<p><a href=\"http:\/\/www.ilmondodeitreni.it\/blog\/wp-content\/uploads\/2023\/09\/Parma_tep_filobus.jpg\"><img loading=\"lazy\" decoding=\"async\" class=\"alignleft size-thumbnail wp-image-14449\" src=\"http:\/\/www.ilmondodeitreni.it\/blog\/wp-content\/uploads\/2023\/09\/Parma_tep_filobus-160x160.jpg\" alt=\"\" width=\"160\" height=\"160\" srcset=\"https:\/\/www.ilmondodeitreni.it\/blog\/wp-content\/uploads\/2023\/09\/Parma_tep_filobus-160x160.jpg 160w, https:\/\/www.ilmondodeitreni.it\/blog\/wp-content\/uploads\/2023\/09\/Parma_tep_filobus-480x480.jpg 480w, https:\/\/www.ilmondodeitreni.it\/blog\/wp-content\/uploads\/2023\/09\/Parma_tep_filobus-768x768.jpg 768w, https:\/\/www.ilmondodeitreni.it\/blog\/wp-content\/uploads\/2023\/09\/Parma_tep_filobus-150x150.jpg 150w, https:\/\/www.ilmondodeitreni.it\/blog\/wp-content\/uploads\/2023\/09\/Parma_tep_filobus.jpg 1024w\" sizes=\"auto, (max-width: 160px) 100vw, 160px\" \/><\/a>Sono 8 i nuovi filobus presentati presso il deposito dei bus di via Taro prenderanno servizio entro fine settembre sulle linee 3 e 4. TEP completa, dunque, il rinnovo della flotta filoviaria avviato nel 2014 con l\u2019acquisto dei filobus autosnodati in uso sulla linea 5 e proseguito a fine 2020 con la sostituzione delle vetture che viaggiano sulla linea 1. Con questo investimento, dunque, sar\u00e0 completata la dotazione di filobus di nuova generazione anche per le linee 3 e 4.<\/p>\n<p style=\"text-align: justify;\">I nuovi filobus sono del tutto analoghi a quelli gi\u00e0 utilizzati con successo sulla linea 1, sul tragitto tra il quartiere Parma Mia e il parcheggio Nord presso il casello autostradale di Parma. Si tratta infatti di veicoli prodotti da Solaris, modello Trollino, dotati di equipaggiamento Kiepe Electric, lunghi 12 metri e con alimentazione full-electric. L\u2019elettricit\u00e0 fornita dalla rete filoviaria, infatti, alimenta anche la batteria di bordo che d\u00e0 al filobus autonomia sufficiente per viaggiare a marcia autonoma lungo le tratte non coperte da linea aerea. A integrare l\u2019energia fornita dalla filovia, dunque, non vi \u00e8 alcun motore diesel e la trazione \u00e8 elettrica al 100%.<\/p>\n<p style=\"text-align: justify;\">La capienza dei nuovi filobus \u00e8 di\u00a085 passeggeri, dei quali 21 con posto a sedere. E\u2019 prevista una postazione per passeggeri con disabilit\u00e0 motorie e una separata per bambini in passeggino. Il pianale \u00e8 interamente ribassato, privo di gradini interni. Tre porte permettono la salita e la discesa, con un dislivello massimo da terra di 32 cm, che si riducono a 25 in fermata, dove il bus pu\u00f2 inclinarsi lateralmente per facilitare l\u2019accesso a bordo. Per aiutare i passeggeri a orientarsi in citt\u00e0, \u00e8 stato previsto un\u00a0sistema\u00a0di indicazione, attraverso display, della direzione\u00a0di marcia e di\u00a0altoparlanti\u00a0per la diffusione di annunci vocali. L\u2019illuminazione \u00e8 a LED\u00a0per un miglior risparmio energetico. Completano le dotazioni la pedana manuale per la salita di passeggeri in carrozzina e l\u2019impianto di condizionamento dell\u2019aria separato per autista e passeggeri, per un miglior comfort a bordo sia nei mesi caldi che quando il clima \u00e8 pi\u00f9 rigido.<\/p>\n<p>L\u2019acquisto dei nuovi filobus ha richiesto un\u00a0investimento di 5,2 milioni di euro, interamente finanziati dal Piano Strategico Nazionale Mobilit\u00e0 Sostenibile del Ministero dell\u2019Ambiente e della Sicurezza Energetica.<\/p>\n<p>NUOVI AUTOBUS NEL 2023<\/p>\n<p style=\"text-align: justify;\">Oltre ai nuovi filobus, nelle prossime settimane arriveranno altri 10 bus autoarticolati ibridi che saranno in servizio da ottobre sulle linee urbane prolungate fuori citt\u00e0 e principalmente sulla linea 6 che, oltre ad attraversare il centro, raggiunge anche Felino, Collecchio, Fornovo, Sala Baganza, Baganzola e l\u2019aeroporto di Parma. Entro la fine dell\u2019anno, inoltre, saranno consegnati anche 5 pullmini destinati al servizio di trasporto scolastico Happy Bus e 10 bus a metano lunghi 12 metri a uso urbano. A questi si aggiungono i 4 bus extraurbani gi\u00e0 in servizio da febbraio sulle direttrici di Rigoso, Bore, Berceto e Corniglio.<\/p>\n<p style=\"text-align: justify;\">Sono quindi\u00a037 i nuovi bus\u00a0che TEP metter\u00e0 in servizio quest\u2019anno. Con le ultime consegne saranno recuperati gran parte dei ritardi di fornitura che si erano verificati a seguito dello scoppio della guerra in Ucraina che aveva ostacolato l\u2019approvvigionamento di materie prime per la produzione di componenti dei bus, in particolare le batterie.<\/p>\n<table class=\"table\">\n<tbody>\n<tr>\n<td><strong>N.<\/strong><\/td>\n<td><strong>Tipologia<\/strong><\/td>\n<td><strong>In servizio da<\/strong><\/td>\n<\/tr>\n<tr>\n<td>4<\/td>\n<td>Extraurbani 12 metri<\/td>\n<td>Febbraio 2023<\/td>\n<\/tr>\n<tr>\n<td>8<\/td>\n<td>Filobus urbani 12 mt.<\/td>\n<td>Settembre 2023<\/td>\n<\/tr>\n<tr>\n<td>10<\/td>\n<td>Ibridi 18 mt.<\/td>\n<td>Ottobre 2023<\/td>\n<\/tr>\n<tr>\n<td>5<\/td>\n<td>Happy Bus<\/td>\n<td>Ottobre 2023<\/td>\n<\/tr>\n<tr>\n<td>10<\/td>\n<td>Urbani a metano 12 metri<\/td>\n<td>Novembre 2023<\/td>\n<\/tr>\n<tr>\n<td><strong>3<\/strong><strong>7<\/strong><\/td>\n<td><strong>TOTALE<\/strong><\/td>\n<\/tr>\n<\/tbody>\n<\/table>\n<p>OBIETTIVO 100% ELETTRICO IN CITT\u00c0<\/p>\n<p style=\"text-align: justify;\">Gi\u00e0 oggi\u00a0Parma \u00e8 la 5\u00b0 citt\u00e0 italiana per ampiezza della flotta filoviaria, alle spalle delle grandi citt\u00e0 di Milano, Napoli, Bologna e Roma. Prosegue, dunque, una lunga tradizione che accomuna la nostra citt\u00e0 alle migliori realt\u00e0 a livello europeo.\u00a0La rete, inaugurata il 25 ottobre 1953, compie infatti 70 anni nel 2023\u00a0e continua a rivestire un ruolo fondamentale nel panorama della mobilit\u00e0 locale.<\/p>\n<p style=\"text-align: justify;\">Il rinnovo completo del parco filobus rappresenta un passo avanti verso il\u00a0progetto di elettrificazione completa di tutte le linee cittadine. Dopo i nuovi filobus, dal 2024 arriveranno a Parma i primi autobus elettrici puri da destinare in prima battuta alla linea 8 e a seguire alle linee 2 e 9. Entro pochi anni, quindi, le linee con percorso interamente compreso all\u2019interno dell\u2019area urbana saranno attrezzate con mezzi elettrici o filobus, fatta eccezione per la linea 15 che gi\u00e0 oggi utilizza un bus \u201ceco-smart\u201d a bassissime emissioni.<\/p>\n<p style=\"text-align: justify;\">\u201cTEP sta perseguendo due strade di sviluppo.\u201d\u00a0\u00e8 il commento del\u00a0presidente di TEP Roberto Prada\u00a0\u201cUna \u00e8 quella della conversione all\u2019elettrico del servizio cittadino. In questo senso va l\u2019acquisto di 14 bus elettrici in arrivo a primavera del 2024. L\u2019altra \u00e8 quella che mira a offrire pi\u00f9 spazio e pi\u00f9 comodit\u00e0 ai passeggeri. Rispondono a questo scopo i nuovi autobus articolati a doppia cassa in arrivo a ottobre\u201d.<\/p>\n<p style=\"text-align: justify;\">Era presente all\u2019evento\u00a0Gianluca Borghi, assessore alla Sostenibilit\u00e0 Ambientale, Energetica e alla Mobilit\u00e0 del Comune di Parma\u00a0che ha rimarcato il valore ambientale dei filobus di Parma:\u00a0\u201cLa presentazione dei nuovi filobus \u00e8 la dimostrazione concreta della capacit\u00e0 d\u2019innovazione e d\u2019investimento della nostra azienda di trasporti. Condividiamo con TEP le prospettive di sviluppo e di sostenibilit\u00e0, con il comune scopo di riaffermare l\u2019importanza e il valore sociale del trasporto pubblico. L\u2019elettrificazione delle linee cittadine fa parte degli obiettivi di questa Amministrazione, nel cammino verso la neutralit\u00e0 climatica di Parma 2030. Un progetto ambizioso, di cui il trasporto pubblico rappresenta un tassello fondamentale.\u201d.<\/p>\n<p style=\"text-align: justify;\">Per la prima cintura suburbana, dove non \u00e8 possibile utilizzare l\u2019elettrico per motivi di autonomia richiesta dalle lunghe percorrenze, l\u2019azienda punter\u00e0 sul metano. Per questa ragione si sta provvedendo a interventi strutturali anche sul deposito per adeguare gli impianti di rifornimento, con ridimensionamento della rete di distribuzione del gasolio, l\u2019installazione di sistemi di ricarica per i bus elettrici, l\u2019ampliamento dell\u2019impianto di erogazione del metano e delle officine.<\/p>\n<p style=\"text-align: justify;\">Si tratta quindi di un investimento deciso verso l\u2019obiettivo dell\u2019elettrico in citt\u00e0 e di estensione dell\u2019uso del metano in ambito suburbano. Tutto ci\u00f2 si accompagna a una modifica permanente delle modalit\u00e0 di alimentazione e manutenzione della flotta che indirizzer\u00e0 in modo chiaro il futuro di TEP verso un sistema di mobilit\u00e0 sempre pi\u00f9 sostenibile e a basso impatto.<\/p>\n","protected":false},"excerpt":{"rendered":"<p>Sono 8 i nuovi filobus presentati presso il deposito dei bus di via Taro prenderanno servizio entro fine settembre sulle linee 3 e 4. TEP completa, dunque, il rinnovo della flotta filoviaria avviato nel 2014 con l\u2019acquisto dei filobus autosnodati in uso sulla linea 5 e proseguito a fine 2020 con la sostituzione delle vetture che viaggiano sulla linea 1. Con questo investimento, dunque, sar\u00e0 completata la dotazione di filobus\u2026<\/p>\n<p class=\"continue-reading-button\"> <a class=\"continue-reading-link\" href=\"https:\/\/www.ilmondodeitreni.it\/blog\/?p=14448\">Continua la lettura<i class=\"crycon-right-dir\"><\/i><\/a><\/p>\n","protected":false},"author":3,"featured_media":0,"comment_status":"open","ping_status":"open","sticky":false,"template":"","format":"standard","meta":{"footnotes":""},"categories":[2],"tags":[147,9995,69,236,6396,2245,4584,29],"class_list":["post-14448","post","type-post","status-publish","format-standard","hentry","category-news","tag-filobus","tag-gianluca-borghi","tag-mobilita","tag-parma","tag-roberto-prada","tag-solaris","tag-tep","tag-trasporti"],"_links":{"self":[{"href":"https:\/\/www.ilmondodeitreni.it\/blog\/index.php?rest_route=\/wp\/v2\/posts\/14448","targetHints":{"allow":["GET"]}}],"collection":[{"href":"https:\/\/www.ilmondodeitreni.it\/blog\/index.php?rest_route=\/wp\/v2\/posts"}],"about":[{"href":"https:\/\/www.ilmondodeitreni.it\/blog\/index.php?rest_route=\/wp\/v2\/types\/post"}],"author":[{"embeddable":true,"href":"https:\/\/www.ilmondodeitreni.it\/blog\/index.php?rest_route=\/wp\/v2\/users\/3"}],"replies":[{"embeddable":true,"href":"https:\/\/www.ilmondodeitreni.it\/blog\/index.php?rest_route=%2Fwp%2Fv2%2Fcomments&post=14448"}],"version-history":[{"count":1,"href":"https:\/\/www.ilmondodeitreni.it\/blog\/index.php?rest_route=\/wp\/v2\/posts\/14448\/revisions"}],"predecessor-version":[{"id":14450,"href":"https:\/\/www.ilmondodeitreni.it\/blog\/index.php?rest_route=\/wp\/v2\/posts\/14448\/revisions\/14450"}],"wp:attachment":[{"href":"https:\/\/www.ilmondodeitreni.it\/blog\/index.php?rest_route=%2Fwp%2Fv2%2Fmedia&parent=14448"}],"wp:term":[{"taxonomy":"category","embeddable":true,"href":"https:\/\/www.ilmondodeitreni.it\/blog\/index.php?rest_route=%2Fwp%2Fv2%2Fcategories&post=14448"},{"taxonomy":"post_tag","embeddable":true,"href":"https:\/\/www.ilmondodeitreni.it\/blog\/index.php?rest_route=%2Fwp%2Fv2%2Ftags&post=14448"}],"curies":[{"name":"wp","href":"https:\/\/api.w.org\/{rel}","templated":true}]}}