{"id":1435,"date":"2015-02-19T23:30:28","date_gmt":"2015-02-19T22:30:28","guid":{"rendered":"http:\/\/www.ilmondodeitreni.it\/blog\/?p=1435"},"modified":"2015-10-04T23:01:06","modified_gmt":"2015-10-04T21:01:06","slug":"carnevale-rabadan-2015-affluenza-in-calo-sui-treni-notturni-e-mancanza-di-rispetto-verso-infrastrutture-e-persone","status":"publish","type":"post","link":"https:\/\/www.ilmondodeitreni.it\/blog\/?p=1435","title":{"rendered":"Carnevale Rabadan 2015: Affluenza in calo sui treni notturni e mancanza di rispetto verso infrastrutture e persone"},"content":{"rendered":"<p style=\"text-align: justify;\"><a href=\"http:\/\/www.ilmondodeitreni.it\/blog\/wp-content\/uploads\/2015\/02\/11224_luzernverkehrshaus.jpg\"><img loading=\"lazy\" decoding=\"async\" class=\"alignleft size-thumbnail wp-image-1291\" src=\"http:\/\/www.ilmondodeitreni.it\/blog\/wp-content\/uploads\/2015\/02\/11224_luzernverkehrshaus-160x120.jpg\" alt=\"11224_luzernverkehrshaus\" width=\"160\" height=\"120\" srcset=\"https:\/\/www.ilmondodeitreni.it\/blog\/wp-content\/uploads\/2015\/02\/11224_luzernverkehrshaus-160x120.jpg 160w, https:\/\/www.ilmondodeitreni.it\/blog\/wp-content\/uploads\/2015\/02\/11224_luzernverkehrshaus.jpg 640w, https:\/\/www.ilmondodeitreni.it\/blog\/wp-content\/uploads\/2015\/02\/11224_luzernverkehrshaus-200x150.jpg 200w, https:\/\/www.ilmondodeitreni.it\/blog\/wp-content\/uploads\/2015\/02\/11224_luzernverkehrshaus-150x113.jpg 150w\" sizes=\"auto, (max-width: 160px) 100vw, 160px\" \/><\/a>L\u2019offerta di trasporto ferroviario notturno delle FFS e TILO, sostenuta finanziariamente dal Comitato d\u2019organizzazione del Rabadan, riscontra una lieve flessione delle frequentazioni rispetto agli scorsi anni. Gli 82 treni speciali organizzati nelle notti di festa per il carnevale Rabadan 2015, hanno trasportato ca. 4&#8217;500 persone in meno rispetto allo scorso anno. Da gioved\u00ec sera 12 febbraio a mercoled\u00ec mattina 18 febbraio 2015 i treni regionali TILO hanno trasportato circa 72\u2019000 mila viaggiatori in arrivo e in partenza da Bellinzona. L\u2019incremento di frequenze rispetto agli scorsi anni (+27%) si \u00e8 avuto nelle notti di gioved\u00ec 12 febbraio e luned\u00ec 16 febbraio 2015 quando i treni sono stati utilizzati da oltre 22\u2019000 mila persone. Rispettivamente, le serate con una frequenza ridotta rispetto agli scorsi anni (-13%) sono state quelle di venerd\u00ec 13 febbraio, sabato 14 febbraio e marted\u00ec 17 febbraio 2015. La frequenza maggiore del 2015 \u00e8 stata registrata sabato con 19&#8217;000 persone . Anche quest\u2019anno, grazie alle misure intraprese sono stati evitati incidenti gravi. Tuttavia sono in aumento i comportamenti poco decorosi e la mancanza di rispetto verso le infrastrutture ferroviarie (sale d\u2019aspetto, sottopassi, marciapiedi, \u2026), i mezzi ferroviari e le persone (passeggeri e addetti ai lavori). Solo grazie alla pronta reazione di un macchinista TILO si \u00e8 potuto evitare un investimento all\u2019entrata della stazione di Bellinzona. I graffiti sui treni, il fumo a bordo e nelle sale d\u2019aspetto, l\u2019abuso di alcolici, i danni materiali a sedili e altre parti del treno e le aggressioni verbali al personale in servizio non possono pi\u00f9 essere tollerati in futuro. Nel periodo carnascialesco \u00e8 comprensibile che ci si lasci trasportare dalla voglia di festeggiare all\u2019insegna di un sano divertimento ed infatti la maggior parte delle persone si comporta in modo corretto, a rovinare la festa purtroppo ci pensano le pecore nere in continuo aumento.<\/p>\n<p style=\"text-align: justify;\">Per le aziende di trasporto \u00e8 giunta l\u2019ora di cambiare musica.<\/p>\n","protected":false},"excerpt":{"rendered":"<p>L\u2019offerta di trasporto ferroviario notturno delle FFS e TILO, sostenuta finanziariamente dal Comitato d\u2019organizzazione del Rabadan, riscontra una lieve flessione delle frequentazioni rispetto agli scorsi anni. Gli 82 treni speciali organizzati nelle notti di festa per il carnevale Rabadan 2015, hanno trasportato ca. 4&#8217;500 persone in meno rispetto allo scorso anno. Da gioved\u00ec sera 12 febbraio a mercoled\u00ec mattina 18 febbraio 2015 i treni regionali TILO hanno trasportato circa 72\u2019000\u2026<\/p>\n<p class=\"continue-reading-button\"> <a class=\"continue-reading-link\" href=\"https:\/\/www.ilmondodeitreni.it\/blog\/?p=1435\">Continua la lettura<i class=\"crycon-right-dir\"><\/i><\/a><\/p>\n","protected":false},"author":6,"featured_media":0,"comment_status":"open","ping_status":"open","sticky":false,"template":"","format":"standard","meta":{"footnotes":""},"categories":[11],"tags":[523,914,35,915,37,86],"class_list":["post-1435","post","type-post","status-publish","format-standard","hentry","category-news-estero","tag-bellinzona","tag-carnevale","tag-ffs","tag-rabadan","tag-svizzera","tag-tilo"],"_links":{"self":[{"href":"https:\/\/www.ilmondodeitreni.it\/blog\/index.php?rest_route=\/wp\/v2\/posts\/1435","targetHints":{"allow":["GET"]}}],"collection":[{"href":"https:\/\/www.ilmondodeitreni.it\/blog\/index.php?rest_route=\/wp\/v2\/posts"}],"about":[{"href":"https:\/\/www.ilmondodeitreni.it\/blog\/index.php?rest_route=\/wp\/v2\/types\/post"}],"author":[{"embeddable":true,"href":"https:\/\/www.ilmondodeitreni.it\/blog\/index.php?rest_route=\/wp\/v2\/users\/6"}],"replies":[{"embeddable":true,"href":"https:\/\/www.ilmondodeitreni.it\/blog\/index.php?rest_route=%2Fwp%2Fv2%2Fcomments&post=1435"}],"version-history":[{"count":1,"href":"https:\/\/www.ilmondodeitreni.it\/blog\/index.php?rest_route=\/wp\/v2\/posts\/1435\/revisions"}],"predecessor-version":[{"id":1436,"href":"https:\/\/www.ilmondodeitreni.it\/blog\/index.php?rest_route=\/wp\/v2\/posts\/1435\/revisions\/1436"}],"wp:attachment":[{"href":"https:\/\/www.ilmondodeitreni.it\/blog\/index.php?rest_route=%2Fwp%2Fv2%2Fmedia&parent=1435"}],"wp:term":[{"taxonomy":"category","embeddable":true,"href":"https:\/\/www.ilmondodeitreni.it\/blog\/index.php?rest_route=%2Fwp%2Fv2%2Fcategories&post=1435"},{"taxonomy":"post_tag","embeddable":true,"href":"https:\/\/www.ilmondodeitreni.it\/blog\/index.php?rest_route=%2Fwp%2Fv2%2Ftags&post=1435"}],"curies":[{"name":"wp","href":"https:\/\/api.w.org\/{rel}","templated":true}]}}