{"id":14323,"date":"2023-06-10T11:00:36","date_gmt":"2023-06-10T09:00:36","guid":{"rendered":"http:\/\/www.ilmondodeitreni.it\/blog\/?p=14323"},"modified":"2023-06-20T23:22:18","modified_gmt":"2023-06-20T21:22:18","slug":"red-in-italy-frecciarossa-in-viaggio-con-la-livrea-della-mostra","status":"publish","type":"post","link":"https:\/\/www.ilmondodeitreni.it\/blog\/?p=14323","title":{"rendered":"Red in Italy: Frecciarossa in viaggio con la livrea della mostra"},"content":{"rendered":"<p style=\"text-align: justify;\"><a href=\"http:\/\/www.ilmondodeitreni.it\/blog\/wp-content\/uploads\/2015\/06\/frecciarossa1000_dr003_bologna.jpg\"><img loading=\"lazy\" decoding=\"async\" class=\"alignleft size-thumbnail wp-image-2255\" src=\"http:\/\/www.ilmondodeitreni.it\/blog\/wp-content\/uploads\/2015\/06\/frecciarossa1000_dr003_bologna-160x107.jpg\" alt=\"\" width=\"160\" height=\"107\" srcset=\"https:\/\/www.ilmondodeitreni.it\/blog\/wp-content\/uploads\/2015\/06\/frecciarossa1000_dr003_bologna-160x107.jpg 160w, https:\/\/www.ilmondodeitreni.it\/blog\/wp-content\/uploads\/2015\/06\/frecciarossa1000_dr003_bologna-640x426.jpg 640w, https:\/\/www.ilmondodeitreni.it\/blog\/wp-content\/uploads\/2015\/06\/frecciarossa1000_dr003_bologna-225x150.jpg 225w, https:\/\/www.ilmondodeitreni.it\/blog\/wp-content\/uploads\/2015\/06\/frecciarossa1000_dr003_bologna-150x100.jpg 150w, https:\/\/www.ilmondodeitreni.it\/blog\/wp-content\/uploads\/2015\/06\/frecciarossa1000_dr003_bologna.jpg 800w\" sizes=\"auto, (max-width: 160px) 100vw, 160px\" \/><\/a>Taglio del nastro per il Frecciarossa 1000 che inizia i suoi viaggi con la nuova livrea dedicata alla mostra \u201cRed in Italy \u2013 i colori del rosso nel design italiano\u201d, ideata da Campari Group con il patrocinio del Ministero delle Imprese e del Made in Italy e la Fondazione Altagamma, e in svolgimento a Roma. \u201cIl rosso \u00e8 il colore iconico del Frecciarossa e questa mostra raduna tutto il meglio del Made in Italy e della genialit\u00e0 delle nostre imprese, esponendo non a caso anche la manchette del nostro treno, ma \u00e8 giusto ricordare che dietro al prodotto estetico c\u2019\u00e8 tantissima tecnologia d\u2019avanguardia e soprattutto una produzione che si svolge interamente in Italia\u201d, ha sottolineato Luigi Corradi, amministratore delegato di Trenitalia del gruppo Ferrovie dello Stato Italiane.<\/p>\n<p style=\"text-align: justify;\">Insieme a Corradi, all\u2019evento hanno partecipato il ministro per il Made in Italy, Adolfo Urso, il Presidente di Trenitalia, Stefano Cuzzilla, e il responsabile delle Relazioni Istituzionali di Campari Group, Aldo Davoli. Il ministro Urso ha sottolineato che la mostra e il fascino della divisa del nuovo treno Frecciarossa sono la migliore dimostrazione che \u00e8 stato giusto cambiare la denominazione del ministero perch\u00e9 l\u2019obiettivo principale \u00e8 proprio sostenere il lavoro delle imprese e pubblicizzare il valore del Made in Italy, espresso magnificamente da tutti i prodotti esposti in mostra. Il bitter Campari \u2013 la cui stilizzazione iconica si deve ad un artista come Fortunato Depero \u2013 \u00e8 il simbolo di un prodotto italiano che ha conquistato il mondo ed \u00e8 diventato un simbolo dell\u2019Italia. La stessa cosa \u2013 ha sottolineato ancora il ministro \u2013 avviene per il Frecciarossa, che oggi \u00e8 considerato il miglior treno in circolazione in Europa e che ottiene successo anche fuori dei nostri confini.<\/p>\n<p style=\"text-align: justify;\">Il presidente di Trenitalia, Stefano Cuzzilla, \u00a0ha invece sottolineato come il treno abbia resistito alla bufera Covid e si stia oggi riprendendo facendo registrare numeri di traffico superiori al periodo pre-pandemia, un segno positivo anche di crescita economica, argomento oggetto di attenzione anche del ministro Urso, che ha spiegato che l\u2019Italia \u00e8 uno die pochi paesi in Europa che non \u00e8 in recessione e sta rispondendo alla crisi col dinamismo delle nostre imprese.<\/p>\n","protected":false},"excerpt":{"rendered":"<p>Taglio del nastro per il Frecciarossa 1000 che inizia i suoi viaggi con la nuova livrea dedicata alla mostra \u201cRed in Italy \u2013 i colori del rosso nel design italiano\u201d, ideata da Campari Group con il patrocinio del Ministero delle Imprese e del Made in Italy e la Fondazione Altagamma, e in svolgimento a Roma. \u201cIl rosso \u00e8 il colore iconico del Frecciarossa e questa mostra raduna tutto il meglio\u2026<\/p>\n<p class=\"continue-reading-button\"> <a class=\"continue-reading-link\" href=\"https:\/\/www.ilmondodeitreni.it\/blog\/?p=14323\">Continua la lettura<i class=\"crycon-right-dir\"><\/i><\/a><\/p>\n","protected":false},"author":2,"featured_media":0,"comment_status":"open","ping_status":"open","sticky":false,"template":"","format":"standard","meta":{"footnotes":""},"categories":[2],"tags":[9917,9919,9916,631,1468,9915,9918],"class_list":["post-14323","post","type-post","status-publish","format-standard","hentry","category-news","tag-adolfo-urso","tag-aldo-davoli","tag-campari-group","tag-ferrovie-dello-stato-italiane","tag-frecciarossa-1000","tag-red-in-italy","tag-stefano-cuzzilla"],"_links":{"self":[{"href":"https:\/\/www.ilmondodeitreni.it\/blog\/index.php?rest_route=\/wp\/v2\/posts\/14323","targetHints":{"allow":["GET"]}}],"collection":[{"href":"https:\/\/www.ilmondodeitreni.it\/blog\/index.php?rest_route=\/wp\/v2\/posts"}],"about":[{"href":"https:\/\/www.ilmondodeitreni.it\/blog\/index.php?rest_route=\/wp\/v2\/types\/post"}],"author":[{"embeddable":true,"href":"https:\/\/www.ilmondodeitreni.it\/blog\/index.php?rest_route=\/wp\/v2\/users\/2"}],"replies":[{"embeddable":true,"href":"https:\/\/www.ilmondodeitreni.it\/blog\/index.php?rest_route=%2Fwp%2Fv2%2Fcomments&post=14323"}],"version-history":[{"count":1,"href":"https:\/\/www.ilmondodeitreni.it\/blog\/index.php?rest_route=\/wp\/v2\/posts\/14323\/revisions"}],"predecessor-version":[{"id":14324,"href":"https:\/\/www.ilmondodeitreni.it\/blog\/index.php?rest_route=\/wp\/v2\/posts\/14323\/revisions\/14324"}],"wp:attachment":[{"href":"https:\/\/www.ilmondodeitreni.it\/blog\/index.php?rest_route=%2Fwp%2Fv2%2Fmedia&parent=14323"}],"wp:term":[{"taxonomy":"category","embeddable":true,"href":"https:\/\/www.ilmondodeitreni.it\/blog\/index.php?rest_route=%2Fwp%2Fv2%2Fcategories&post=14323"},{"taxonomy":"post_tag","embeddable":true,"href":"https:\/\/www.ilmondodeitreni.it\/blog\/index.php?rest_route=%2Fwp%2Fv2%2Ftags&post=14323"}],"curies":[{"name":"wp","href":"https:\/\/api.w.org\/{rel}","templated":true}]}}