{"id":14321,"date":"2023-06-13T20:15:36","date_gmt":"2023-06-13T18:15:36","guid":{"rendered":"http:\/\/www.ilmondodeitreni.it\/blog\/?p=14321"},"modified":"2023-06-13T21:21:16","modified_gmt":"2023-06-13T19:21:16","slug":"stazione-di-como-borghi-pubblicato-il-bando-per-i-lavori-di-riqualificazione","status":"publish","type":"post","link":"https:\/\/www.ilmondodeitreni.it\/blog\/?p=14321","title":{"rendered":"Stazione di Como Borghi, pubblicato il bando per i lavori di riqualificazione"},"content":{"rendered":"<p style=\"text-align: justify;\"><a href=\"http:\/\/www.ilmondodeitreni.it\/blog\/wp-content\/uploads\/2021\/04\/caravaggio_arona-scaled.jpg\"><img loading=\"lazy\" decoding=\"async\" class=\"alignleft size-thumbnail wp-image-12927\" src=\"http:\/\/www.ilmondodeitreni.it\/blog\/wp-content\/uploads\/2021\/04\/caravaggio_arona-160x90.jpg\" alt=\"\" width=\"160\" height=\"90\" srcset=\"https:\/\/www.ilmondodeitreni.it\/blog\/wp-content\/uploads\/2021\/04\/caravaggio_arona-160x90.jpg 160w, https:\/\/www.ilmondodeitreni.it\/blog\/wp-content\/uploads\/2021\/04\/caravaggio_arona-640x360.jpg 640w, https:\/\/www.ilmondodeitreni.it\/blog\/wp-content\/uploads\/2021\/04\/caravaggio_arona-1024x576.jpg 1024w, https:\/\/www.ilmondodeitreni.it\/blog\/wp-content\/uploads\/2021\/04\/caravaggio_arona-768x432.jpg 768w, https:\/\/www.ilmondodeitreni.it\/blog\/wp-content\/uploads\/2021\/04\/caravaggio_arona-1536x864.jpg 1536w, https:\/\/www.ilmondodeitreni.it\/blog\/wp-content\/uploads\/2021\/04\/caravaggio_arona-2048x1152.jpg 2048w, https:\/\/www.ilmondodeitreni.it\/blog\/wp-content\/uploads\/2021\/04\/caravaggio_arona-150x84.jpg 150w\" sizes=\"auto, (max-width: 160px) 100vw, 160px\" \/><\/a>\u00c8 stato pubblicato il bando per la progettazione esecutiva e la realizzazione dei lavori di riqualificazione della stazione di Como Borghi sulla linea Saronno- Como Lago di FERROVIENORD.\u00a0 L\u2019intervento, che prevede tra l\u2019altro la messa a standard della stazione con nuove banchine e pensiline, il rinnovo dell\u2019armamento ferroviario e degli impianti, include anche la realizzazione di un sottopasso pedonale per l\u2019accesso alla stazione da via Carloni.<\/p>\n<p style=\"text-align: justify;\"><strong>L\u2019INTERVENTO <\/strong>&#8211; Ecco il dettaglio delle opere.<\/p>\n<ul style=\"text-align: justify;\">\n<li><strong>Realizzazione di un nuovo sottopasso pedonale di stazione<\/strong> per facilitare l&#8217;attraversamento delle persone e delle biciclette. Il sottopasso di stazione sar\u00e0 collocato alla sinistra del fabbricato viaggiatori, in corrispondenza esattamente dell\u2019ingresso principale di stazione. Il sottopasso tra i due binari avr\u00e0 una lunghezza di circa 16 metri con una larghezza interna di circa 3,40 metri e un\u2019altezza netta interna di 3 metri. L\u2019accesso al sottopasso sar\u00e0 garantito da scale in cemento armato e da rampe per persone a mobilit\u00e0 ridotta sia al binario 1 sia al binario 2.<\/li>\n<li>Adeguamento a standard FERROVIENORD\u00a0<strong>delle banchine con innalzamento a quota +55 cm<\/strong>\u00a0dal piano del ferro per facilitare la salita e la discesa dal treno, posa dei percorsi tattili per persone con disabilit\u00e0 visiva.<\/li>\n<li>Modifica all\u2019armamento ferroviario con spostamento di un deviatoio e\u00a0<strong>realizzazione di una banchina laterale<\/strong>\u00a0a servizio del binario 2.<\/li>\n<li>Realizzazione di una pensilina di copertura della banchina a servizio del binario 2 e prolungamento della pensilina esistente del binario 1, per la copertura della scala del nuovo sottopasso di stazione.<\/li>\n<li>Realizzazione del nuovo\u00a0<strong>impianto di videosorveglianza<\/strong>, adeguamento del\u00a0<strong>sistema di informazioni al pubblico<\/strong>\u00a0e adeguamento dell\u2019impianto di diffusione sonora.<\/li>\n<\/ul>\n<p style=\"text-align: justify;\"><em>\u201cGrazie alla collaborazione tra FERROVIENORD e Regione Lombardia prende il via un altro importante intervento per garantire maggiore fruibilit\u00e0 agli utenti delle stazioni lombarde. I lavori per la riqualificazione della stazione di Como Borghi ci consentono non solo di restituire una stazione pi\u00f9 bella e moderna ma anche pi\u00f9 sicura, in quanto la realizzazione del sottopasso pedonale assicurer\u00e0 una maggiore sicurezza a chi frequenta la stazione e anche ai residenti. Ancora una volta Regione Lombardia conferma il proprio impegno a favore di interventi di riqualificazione delle nostre stazioni, riconoscendo il ruolo centrale che rivestono all\u2019interno delle citt\u00e0 e dei paesi\u201d\u00a0<\/em>dichiara l\u2019assessore alle Infrastrutture e Opere pubbliche di Regione Lombardia\u00a0<strong>Claudia Maria Terzi.<\/strong><\/p>\n<p style=\"text-align: justify;\">\u201c<em>La stazione di Como Borghi si appresta a cambiare volto grazie ai lavori finanziati da Regione Lombardia, garantendo una migliore fruibilit\u00e0 per tutti gli utenti e favorendo la regolarit\u00e0 della\u00a0 circolazione ferroviaria<\/em> &#8211;\u00a0 commenta il presidente di FERROVIENORD <strong>Fulvio Caradonna<\/strong> -. <em>Inoltre, il nuovo sottopasso di stazione permetter\u00e0 l\u2019accesso pedonale allo scalo da via Carloni anche durante la chiusura del passaggio a livello, andando a risolvere in modo definitivo una situazione di disagio particolarmente sentita non solo dagli utenti della stazione ma anche dagli abitanti del quartiere\u201d.<\/em><\/p>\n<p style=\"text-align: justify;\"><strong>FINANZIAMENTI E TEMPI &#8211; <\/strong>Il bando ha un importo complessivo a base di gara pari a 4.915.577,67 milioni di euro e una durata prevista per la progettazione e l\u2019esecuzione dei lavori di 495 giorni. L\u2019intervento \u00e8 finanziato da Regione Lombardia, nell&#8217;ambito del Contratto di Programma con FERROVIENORD. La scadenza per la presentazione delle offerte \u00e8 il 24 luglio 2023.<\/p>\n","protected":false},"excerpt":{"rendered":"<p>\u00c8 stato pubblicato il bando per la progettazione esecutiva e la realizzazione dei lavori di riqualificazione della stazione di Como Borghi sulla linea Saronno- Como Lago di FERROVIENORD.\u00a0 L\u2019intervento, che prevede tra l\u2019altro la messa a standard della stazione con nuove banchine e pensiline, il rinnovo dell\u2019armamento ferroviario e degli impianti, include anche la realizzazione di un sottopasso pedonale per l\u2019accesso alla stazione da via Carloni. L\u2019INTERVENTO &#8211; Ecco il\u2026<\/p>\n<p class=\"continue-reading-button\"> <a class=\"continue-reading-link\" href=\"https:\/\/www.ilmondodeitreni.it\/blog\/?p=14321\">Continua la lettura<i class=\"crycon-right-dir\"><\/i><\/a><\/p>\n","protected":false},"author":10,"featured_media":0,"comment_status":"open","ping_status":"open","sticky":false,"template":"","format":"standard","meta":{"footnotes":""},"categories":[2],"tags":[4929,8466,5,5073,9540,69,1897,29],"class_list":["post-14321","post","type-post","status-publish","format-standard","hentry","category-news","tag-claudia-maria-terzi","tag-como-borghi","tag-ferrovie","tag-ferrovienord","tag-fulvio-caradonna","tag-mobilita","tag-regione-lombardia","tag-trasporti"],"_links":{"self":[{"href":"https:\/\/www.ilmondodeitreni.it\/blog\/index.php?rest_route=\/wp\/v2\/posts\/14321","targetHints":{"allow":["GET"]}}],"collection":[{"href":"https:\/\/www.ilmondodeitreni.it\/blog\/index.php?rest_route=\/wp\/v2\/posts"}],"about":[{"href":"https:\/\/www.ilmondodeitreni.it\/blog\/index.php?rest_route=\/wp\/v2\/types\/post"}],"author":[{"embeddable":true,"href":"https:\/\/www.ilmondodeitreni.it\/blog\/index.php?rest_route=\/wp\/v2\/users\/10"}],"replies":[{"embeddable":true,"href":"https:\/\/www.ilmondodeitreni.it\/blog\/index.php?rest_route=%2Fwp%2Fv2%2Fcomments&post=14321"}],"version-history":[{"count":1,"href":"https:\/\/www.ilmondodeitreni.it\/blog\/index.php?rest_route=\/wp\/v2\/posts\/14321\/revisions"}],"predecessor-version":[{"id":14322,"href":"https:\/\/www.ilmondodeitreni.it\/blog\/index.php?rest_route=\/wp\/v2\/posts\/14321\/revisions\/14322"}],"wp:attachment":[{"href":"https:\/\/www.ilmondodeitreni.it\/blog\/index.php?rest_route=%2Fwp%2Fv2%2Fmedia&parent=14321"}],"wp:term":[{"taxonomy":"category","embeddable":true,"href":"https:\/\/www.ilmondodeitreni.it\/blog\/index.php?rest_route=%2Fwp%2Fv2%2Fcategories&post=14321"},{"taxonomy":"post_tag","embeddable":true,"href":"https:\/\/www.ilmondodeitreni.it\/blog\/index.php?rest_route=%2Fwp%2Fv2%2Ftags&post=14321"}],"curies":[{"name":"wp","href":"https:\/\/api.w.org\/{rel}","templated":true}]}}