{"id":14268,"date":"2023-05-27T22:00:38","date_gmt":"2023-05-27T20:00:38","guid":{"rendered":"http:\/\/www.ilmondodeitreni.it\/blog\/?p=14268"},"modified":"2023-05-27T23:05:35","modified_gmt":"2023-05-27T21:05:35","slug":"i-passeggeri-festeggiano-i-120-anni-della-funicolare-della-mendola","status":"publish","type":"post","link":"https:\/\/www.ilmondodeitreni.it\/blog\/?p=14268","title":{"rendered":"I passeggeri festeggiano i 120 anni della funicolare della Mendola"},"content":{"rendered":"<p style=\"text-align: justify;\"><a href=\"http:\/\/www.ilmondodeitreni.it\/blog\/wp-content\/uploads\/2023\/05\/funicolare-mendola.jpg\"><img loading=\"lazy\" decoding=\"async\" class=\"alignleft size-thumbnail wp-image-14269\" src=\"http:\/\/www.ilmondodeitreni.it\/blog\/wp-content\/uploads\/2023\/05\/funicolare-mendola-160x102.jpg\" alt=\"\" width=\"160\" height=\"102\" srcset=\"https:\/\/www.ilmondodeitreni.it\/blog\/wp-content\/uploads\/2023\/05\/funicolare-mendola-160x102.jpg 160w, https:\/\/www.ilmondodeitreni.it\/blog\/wp-content\/uploads\/2023\/05\/funicolare-mendola-150x96.jpg 150w, https:\/\/www.ilmondodeitreni.it\/blog\/wp-content\/uploads\/2023\/05\/funicolare-mendola-318x201.jpg 318w, https:\/\/www.ilmondodeitreni.it\/blog\/wp-content\/uploads\/2023\/05\/funicolare-mendola.jpg 514w\" sizes=\"auto, (max-width: 160px) 100vw, 160px\" \/><\/a>Oggi, 27 maggio, si \u00e8 svolta una cerimonia dedicata alla <strong>funicolare della Mendola<\/strong>, in funzione da 120 anni e premiata nel solo 2022 da oltre 206.000 passaggi. \u201cLa funicolare della Mendola \u00e8 opera di visionari ed \u00e8 un esempio di mobilit\u00e0 rispettosa dell&#8217;utente e dell&#8217;ambiente\u201d, ha detto il presidente della Provincia autonoma di Bolzano,\u00a0<strong>Arno Kompatscher<\/strong>. \u201cOggi ci troviamo di fronte all&#8217;esigenza di conciliare il crescente bisogno di mobilit\u00e0 delle persone con i nostri obiettivi climatici. Ci\u00f2 richiede ingenti investimenti per evitare, spostare e migliorare i trasporti. La funicolare della Mendola, che ha\u00a0<strong>120 anni<\/strong>, combina ancora oggi questi tre pilastri di una politica di mobilit\u00e0 sostenibile\u201d, ha aggiunto il presidente della Provincia.<\/p>\n<p style=\"text-align: justify;\">&#8220;Come mezzo di mobilit\u00e0 sostenibile, la funicolare della Mendola fa parte del\u00a0<strong>sistema di trasporto pubblico locale<\/strong>\u00a0dell&#8217;Alto Adige&#8221;, ha sottolineato\u00a0<strong>Daniel Alfreider<\/strong>, assessore provinciale alla Mobilit\u00e0. La funicolare della Mendola \u00e8 un mezzo di trasporto\u00a0<strong>ecologico<\/strong>,\u00a0<strong>confortevole<\/strong>\u00a0e\u00a0<strong>sicuro<\/strong>, nonch\u00e9 un esempio di mobilit\u00e0 alpina pulita del futuro, perch\u00e9 viaggiare senza emissioni e senza ingorghi sta diventando sempre pi\u00f9 di moda&#8221;. Secondo Alfreider, gli impianti a fune sono importanti anche nell&#8217;AltoAdigePlan per la mobilit\u00e0 di domani, perch\u00e9 aiutano a risparmiare molti viaggi con l&#8217;auto privata, non solo da parte di vacanzieri ed escursionisti, ma anche da parte dei pendolari, come nel caso della funicolare della Mendola.<\/p>\n<p style=\"text-align: justify;\">&#8220;Per il Comune di Caldaro, in ogni caso, sarebbe impossibile immaginare la vita senza la funicolare della Mendola, ed \u00e8 per questo che il 120\u00b0 anniversario \u00e8 un motivo speciale per festeggiare&#8221;, ha dichiarato la sindaca\u00a0<strong>Gertrud Benin Bernard<\/strong>.<\/p>\n<p style=\"text-align: justify;\">Con 206.457 obliterazioni solo nel 2022 &#8211; e la tendenza \u00e8 in crescita &#8211; la funicolare della Mendola \u00e8 una calamita per il pubblico e, insieme ad altre attivit\u00e0 come la bicicletta, d\u00e0 un contributo significativo alla mobilit\u00e0 sostenibile nel Comune, ha sottolineato\u00a0<strong>Joachim Dejaco<\/strong>, direttore di Sta &#8211; Strutture Trasporti Alto Adige SpA. Negli ultimi anni sono stati apportati continui miglioramenti, ad esempio alle cabine o alle stazioni. Anche il bar della stazione a valle, costruito nel 2019, \u00e8 diventato un luogo di ritrovo popolare.<\/p>\n<p style=\"text-align: justify;\">Quando fu inaugurata nel 1903, la funicolare della Mendola era la pi\u00f9 lunga del mondo, la pi\u00f9 ripida d&#8217;Europa (con una pendenza del 64%) e il primo impianto a fune a funzionamento elettrico in Austria, ha spiegato lo storico\u00a0<strong>Alexander von Egen<\/strong>. \u00c8 ancora una delle funicolari pi\u00f9 lunghe e ripide d&#8217;Europa. In soli 12 minuti, la funicolare della Mendola percorre 2,3 chilometri e sale a 854 metri di altitudine. La Sta, societ\u00e0 in house della Provincia, gestisce la funicolare da Sant&#8217;Antonio di Caldaro al Passo della Mendola dal 2021.<\/p>\n<p style=\"text-align: justify;\">Durante la cerimonia \u00e8 stato presentato anche un libro sulla funicolare della Mendola e su Passo Mendola di\u00a0<strong>Martin S\u00f6lva<\/strong>\u00a0e\u00a0<strong>Gotthard Andergassen<\/strong>, presentazione accompagnata dalla Banda musicale di Caldaro. I festeggiamenti per il 120\u00b0 anniversario della funicolare della Mendola, aperti dal comandante del corpo dei vigili del fuoco volontari di Sant\u2019Antonio Pozzo\u00a0<strong>Alexander Sparer<\/strong>\u00a0dopo la cerimonia con il presidente Kompatscher e l&#8217;assessore Alfreider, proseguiranno nella giornata di domani, domenica 28 maggio.<\/p>\n","protected":false},"excerpt":{"rendered":"<p>Oggi, 27 maggio, si \u00e8 svolta una cerimonia dedicata alla funicolare della Mendola, in funzione da 120 anni e premiata nel solo 2022 da oltre 206.000 passaggi. \u201cLa funicolare della Mendola \u00e8 opera di visionari ed \u00e8 un esempio di mobilit\u00e0 rispettosa dell&#8217;utente e dell&#8217;ambiente\u201d, ha detto il presidente della Provincia autonoma di Bolzano,\u00a0Arno Kompatscher. \u201cOggi ci troviamo di fronte all&#8217;esigenza di conciliare il crescente bisogno di mobilit\u00e0 delle persone\u2026<\/p>\n<p class=\"continue-reading-button\"> <a class=\"continue-reading-link\" href=\"https:\/\/www.ilmondodeitreni.it\/blog\/?p=14268\">Continua la lettura<i class=\"crycon-right-dir\"><\/i><\/a><\/p>\n","protected":false},"author":1,"featured_media":0,"comment_status":"open","ping_status":"open","sticky":false,"template":"","format":"standard","meta":{"footnotes":""},"categories":[2],"tags":[9903,4358,6574,5335,4819,9117,2735,69,29],"class_list":["post-14268","post","type-post","status-publish","format-standard","hentry","category-news","tag-alexander-von-egen","tag-alto-adige","tag-caldaro","tag-daniel-alfreider","tag-funicolare-della-mendola","tag-gertrud-benin-bernard","tag-joachim-dejaco","tag-mobilita","tag-trasporti"],"_links":{"self":[{"href":"https:\/\/www.ilmondodeitreni.it\/blog\/index.php?rest_route=\/wp\/v2\/posts\/14268","targetHints":{"allow":["GET"]}}],"collection":[{"href":"https:\/\/www.ilmondodeitreni.it\/blog\/index.php?rest_route=\/wp\/v2\/posts"}],"about":[{"href":"https:\/\/www.ilmondodeitreni.it\/blog\/index.php?rest_route=\/wp\/v2\/types\/post"}],"author":[{"embeddable":true,"href":"https:\/\/www.ilmondodeitreni.it\/blog\/index.php?rest_route=\/wp\/v2\/users\/1"}],"replies":[{"embeddable":true,"href":"https:\/\/www.ilmondodeitreni.it\/blog\/index.php?rest_route=%2Fwp%2Fv2%2Fcomments&post=14268"}],"version-history":[{"count":1,"href":"https:\/\/www.ilmondodeitreni.it\/blog\/index.php?rest_route=\/wp\/v2\/posts\/14268\/revisions"}],"predecessor-version":[{"id":14270,"href":"https:\/\/www.ilmondodeitreni.it\/blog\/index.php?rest_route=\/wp\/v2\/posts\/14268\/revisions\/14270"}],"wp:attachment":[{"href":"https:\/\/www.ilmondodeitreni.it\/blog\/index.php?rest_route=%2Fwp%2Fv2%2Fmedia&parent=14268"}],"wp:term":[{"taxonomy":"category","embeddable":true,"href":"https:\/\/www.ilmondodeitreni.it\/blog\/index.php?rest_route=%2Fwp%2Fv2%2Fcategories&post=14268"},{"taxonomy":"post_tag","embeddable":true,"href":"https:\/\/www.ilmondodeitreni.it\/blog\/index.php?rest_route=%2Fwp%2Fv2%2Ftags&post=14268"}],"curies":[{"name":"wp","href":"https:\/\/api.w.org\/{rel}","templated":true}]}}