{"id":14226,"date":"2023-04-19T18:45:31","date_gmt":"2023-04-19T16:45:31","guid":{"rendered":"http:\/\/www.ilmondodeitreni.it\/blog\/?p=14226"},"modified":"2023-05-01T22:50:03","modified_gmt":"2023-05-01T20:50:03","slug":"cresce-il-network-gts-sulla-linea-adriatica-al-via-la-tratta-bari-jesi","status":"publish","type":"post","link":"https:\/\/www.ilmondodeitreni.it\/blog\/?p=14226","title":{"rendered":"Cresce il network GTS sulla linea Adriatica, al via la tratta Bari &#8211; Jesi"},"content":{"rendered":"<p style=\"text-align: justify;\"><a href=\"http:\/\/www.ilmondodeitreni.it\/blog\/wp-content\/uploads\/2017\/12\/loco-GTS.jpg\"><img loading=\"lazy\" decoding=\"async\" class=\"alignleft size-thumbnail wp-image-6848\" src=\"http:\/\/www.ilmondodeitreni.it\/blog\/wp-content\/uploads\/2017\/12\/loco-GTS-160x107.jpg\" alt=\"\" width=\"160\" height=\"107\" srcset=\"https:\/\/www.ilmondodeitreni.it\/blog\/wp-content\/uploads\/2017\/12\/loco-GTS-160x107.jpg 160w, https:\/\/www.ilmondodeitreni.it\/blog\/wp-content\/uploads\/2017\/12\/loco-GTS-640x427.jpg 640w, https:\/\/www.ilmondodeitreni.it\/blog\/wp-content\/uploads\/2017\/12\/loco-GTS-1024x683.jpg 1024w, https:\/\/www.ilmondodeitreni.it\/blog\/wp-content\/uploads\/2017\/12\/loco-GTS-225x150.jpg 225w, https:\/\/www.ilmondodeitreni.it\/blog\/wp-content\/uploads\/2017\/12\/loco-GTS-300x200.jpg 300w, https:\/\/www.ilmondodeitreni.it\/blog\/wp-content\/uploads\/2017\/12\/loco-GTS-150x100.jpg 150w\" sizes=\"auto, (max-width: 160px) 100vw, 160px\" \/><\/a>Il Gruppo GTS SpA, l&#8217;operatore intermodale pugliese che opera in Italia e all&#8217;estero, amplia il suo network aggiungendo la nuova tratta Bari &#8211; Jesi a partire dal 28 aprile. Il nuovo servizio ferroviario andr\u00e0 ad affiancare il collegamento gi\u00e0 esistente Jesi &#8211; Brindisi, di due giri a settimana, completando con una frequenza trisettimanale la linea che collega le Marche con tutta la Puglia. Obiettivo: togliere altri 3.000 camion all&#8217;anno dalla direttrice Adriatica, dove GTS ha gi\u00e0 permesso di eliminare 150.000 camion all&#8217;anno contribuendo a risparmiare ogni 12 mesi oltre 35.000 tonnellate di CO\u2082. Fabio Piliego, Direttore Commerciale Italia di GTS, dichiara: &#8220;Bisogna tenere presente che un singolo camion che percorre la linea Bari &#8211; Milano produce quasi 1,8 tonnellate di CO\u2082, se lo stesso tragitto lo si percorre con il servizio di trasporto combinato ferro-gomma GTS, l&#8217;abbattimento delle emissioni nocive \u00e8 quasi dell&#8217;85% perch\u00e9 si producono solo 0,3 tonnellate di CO\u2082. Abbiamo fatto nostre le sfide della transizione ecologica, stiamo lavorando a 360 gradi per allinearci con gli obiettivi del Green New Deal, senza trascurare nulla. Da qui l&#8217;iniziativa di abbattere lo spreco del cartaceo legato alle procedure delle spedizioni digitalizzando l&#8217;intero processo: le prenotazioni si eseguono online tramite la piattaforma di nostra propriet\u00e0, accessibile da ogni dispositivo compreso lo smartphone. Non sar\u00e0 quindi pi\u00f9 necessario stampare alcun documento e il cliente sar\u00e0 autonomo durante tutta la fase dell&#8217;acquisto dei servizi. Una messaggistica automatica informa il cliente sullo stato della spedizione cos\u00ec da tenerlo aggiornato in tempo reale su tutti gli eventi che possono interferire con la corretta esecuzione del servizio. Tutto questo &#8211; conclude Piliego &#8211; a conferma dell&#8217;impronta del nostro gruppo che mira, sempre con maggiore chiarezza, ai punti chiave della sostenibilit\u00e0 ambientale&#8221;.<\/p>\n<p style=\"text-align: justify;\">Inizialmente la frequenza del Bari &#8211; Jesi sar\u00e0 di una circolazione a settimana, destinata ad aumentare, da gennaio 2024, a tre coppie di treni a settimana.<\/p>\n<p style=\"text-align: justify;\">Sar\u00e0 possibile acquistare il servizio door to door, fiore all&#8217;occhiello della GTS. Chi possiede proprie unit\u00e0 di carico invece, potr\u00e0 prenotare direttamente online dal sito GTS servizi terminal to terminal (T2T). A breve verr\u00e0 anche affiancato il servizio distribuzione e parziali, che permetter\u00e0 la spedizione di singole pedane in Italia ed Europa.<\/p>\n<p style=\"text-align: justify;\">\n","protected":false},"excerpt":{"rendered":"<p>Il Gruppo GTS SpA, l&#8217;operatore intermodale pugliese che opera in Italia e all&#8217;estero, amplia il suo network aggiungendo la nuova tratta Bari &#8211; Jesi a partire dal 28 aprile. Il nuovo servizio ferroviario andr\u00e0 ad affiancare il collegamento gi\u00e0 esistente Jesi &#8211; Brindisi, di due giri a settimana, completando con una frequenza trisettimanale la linea che collega le Marche con tutta la Puglia. Obiettivo: togliere altri 3.000 camion all&#8217;anno dalla\u2026<\/p>\n<p class=\"continue-reading-button\"> <a class=\"continue-reading-link\" href=\"https:\/\/www.ilmondodeitreni.it\/blog\/?p=14226\">Continua la lettura<i class=\"crycon-right-dir\"><\/i><\/a><\/p>\n","protected":false},"author":1,"featured_media":0,"comment_status":"open","ping_status":"open","sticky":false,"template":"","format":"standard","meta":{"footnotes":""},"categories":[2],"tags":[12,9809,5,7633,4406,9872,391,173],"class_list":["post-14226","post","type-post","status-publish","format-standard","hentry","category-news","tag-bari","tag-fabio-piliego","tag-ferrovie","tag-green-new-deal","tag-gts","tag-jesi","tag-marche","tag-puglia"],"_links":{"self":[{"href":"https:\/\/www.ilmondodeitreni.it\/blog\/index.php?rest_route=\/wp\/v2\/posts\/14226","targetHints":{"allow":["GET"]}}],"collection":[{"href":"https:\/\/www.ilmondodeitreni.it\/blog\/index.php?rest_route=\/wp\/v2\/posts"}],"about":[{"href":"https:\/\/www.ilmondodeitreni.it\/blog\/index.php?rest_route=\/wp\/v2\/types\/post"}],"author":[{"embeddable":true,"href":"https:\/\/www.ilmondodeitreni.it\/blog\/index.php?rest_route=\/wp\/v2\/users\/1"}],"replies":[{"embeddable":true,"href":"https:\/\/www.ilmondodeitreni.it\/blog\/index.php?rest_route=%2Fwp%2Fv2%2Fcomments&post=14226"}],"version-history":[{"count":1,"href":"https:\/\/www.ilmondodeitreni.it\/blog\/index.php?rest_route=\/wp\/v2\/posts\/14226\/revisions"}],"predecessor-version":[{"id":14227,"href":"https:\/\/www.ilmondodeitreni.it\/blog\/index.php?rest_route=\/wp\/v2\/posts\/14226\/revisions\/14227"}],"wp:attachment":[{"href":"https:\/\/www.ilmondodeitreni.it\/blog\/index.php?rest_route=%2Fwp%2Fv2%2Fmedia&parent=14226"}],"wp:term":[{"taxonomy":"category","embeddable":true,"href":"https:\/\/www.ilmondodeitreni.it\/blog\/index.php?rest_route=%2Fwp%2Fv2%2Fcategories&post=14226"},{"taxonomy":"post_tag","embeddable":true,"href":"https:\/\/www.ilmondodeitreni.it\/blog\/index.php?rest_route=%2Fwp%2Fv2%2Ftags&post=14226"}],"curies":[{"name":"wp","href":"https:\/\/api.w.org\/{rel}","templated":true}]}}