{"id":14193,"date":"2023-04-07T21:00:52","date_gmt":"2023-04-07T19:00:52","guid":{"rendered":"http:\/\/www.ilmondodeitreni.it\/blog\/?p=14193"},"modified":"2023-04-07T23:02:45","modified_gmt":"2023-04-07T21:02:45","slug":"aggiudicati-da-rfi-i-lavori-di-elettrificazione-della-ivrea-aosta","status":"publish","type":"post","link":"https:\/\/www.ilmondodeitreni.it\/blog\/?p=14193","title":{"rendered":"Aggiudicati da RFI i lavori di elettrificazione della Ivrea &#8211; Aosta"},"content":{"rendered":"<p style=\"text-align: justify;\"><a href=\"http:\/\/www.ilmondodeitreni.it\/blog\/wp-content\/uploads\/2019\/10\/Stadler_FLIRT_valledaosta05MaurizioTolini_20170616.jpg\"><img loading=\"lazy\" decoding=\"async\" class=\"alignleft size-thumbnail wp-image-9813\" src=\"http:\/\/www.ilmondodeitreni.it\/blog\/wp-content\/uploads\/2019\/10\/Stadler_FLIRT_valledaosta05MaurizioTolini_20170616-160x107.jpg\" alt=\"\" width=\"160\" height=\"107\" srcset=\"https:\/\/www.ilmondodeitreni.it\/blog\/wp-content\/uploads\/2019\/10\/Stadler_FLIRT_valledaosta05MaurizioTolini_20170616-160x107.jpg 160w, https:\/\/www.ilmondodeitreni.it\/blog\/wp-content\/uploads\/2019\/10\/Stadler_FLIRT_valledaosta05MaurizioTolini_20170616-640x427.jpg 640w, https:\/\/www.ilmondodeitreni.it\/blog\/wp-content\/uploads\/2019\/10\/Stadler_FLIRT_valledaosta05MaurizioTolini_20170616-768x513.jpg 768w, https:\/\/www.ilmondodeitreni.it\/blog\/wp-content\/uploads\/2019\/10\/Stadler_FLIRT_valledaosta05MaurizioTolini_20170616-225x150.jpg 225w, https:\/\/www.ilmondodeitreni.it\/blog\/wp-content\/uploads\/2019\/10\/Stadler_FLIRT_valledaosta05MaurizioTolini_20170616-150x100.jpg 150w, https:\/\/www.ilmondodeitreni.it\/blog\/wp-content\/uploads\/2019\/10\/Stadler_FLIRT_valledaosta05MaurizioTolini_20170616.jpg 800w\" sizes=\"auto, (max-width: 160px) 100vw, 160px\" \/><\/a>Rete Ferroviaria Italiana, societ\u00e0 capofila del Polo Infrastrutture del Gruppo FS Italiane, ha aggiudicato la gara per la progettazione e la realizzazione dei lavori di elettrificazione della tratta Ivrea &#8211; Aosta al consorzio di imprese composto da Impresa Luigi Notari (capofila del raggruppamento), S.I.F.E.L., CLF &#8211; Costruzioni Linee Ferroviarie e Rete Costruzioni Ferroviarie. La gara ha un valore di circa 79 milioni di euro, finanziati anche con i fondi del PNRR. Gli interventi rientrano nel pi\u00f9 ampio progetto di adeguamento e miglioramento della linea ferroviaria Chivasso &#8211; Aosta, in base a quanto previsto dall&#8217;Accordo di Programma Quadro tra Regione Valle d&#8217;Aosta e RFI ed \u00e8 finalizzato a incrementare e migliorare le prestazioni dei servizi sulla linea Aosta &#8211; Ivrea &#8211; Torino.<\/p>\n<p style=\"text-align: justify;\">Il progetto consiste nell&#8217;elettrificazione del tratto di linea tra Ivrea e Aosta, lungo 66 km, e prevede la realizzazione di tre nuove sottostazioni elettriche a Donnas, Chatillon e Aosta, con l&#8217;adeguamento delle opere d&#8217;arte e delle gallerie lungo la tratta.<br \/>\n\u00c8 inoltre previsto l&#8217;adeguamento delle stazioni di Nus e Hone Bard agli standard internazionali in termini di accessibilit\u00e0 per persone a mobilit\u00e0 ridotta, con la realizzazione rispettivamente di un sottopasso e un sovrappasso, ascensori, percorsi per ipovedenti e marciapiedi rialzati.<\/p>\n<p style=\"text-align: justify;\">A conclusione dei lavori, prevista entro il 2026, l&#8217;elettrificazione della tratta Ivrea &#8211; Aosta consentir\u00e0 la circolazione di treni completamente elettrici, in alternativa o in sostituzione agli attuali treni Diesel e bimodali, permettendo maggiori disponibilit\u00e0 in termini di capienza e di incremento degli standard di regolarit\u00e0 e puntualit\u00e0, oltre che contribuire al perseguimento delle strategie globali di sviluppo\u00a0sostenibile.<\/p>\n","protected":false},"excerpt":{"rendered":"<p>Rete Ferroviaria Italiana, societ\u00e0 capofila del Polo Infrastrutture del Gruppo FS Italiane, ha aggiudicato la gara per la progettazione e la realizzazione dei lavori di elettrificazione della tratta Ivrea &#8211; Aosta al consorzio di imprese composto da Impresa Luigi Notari (capofila del raggruppamento), S.I.F.E.L., CLF &#8211; Costruzioni Linee Ferroviarie e Rete Costruzioni Ferroviarie. La gara ha un valore di circa 79 milioni di euro, finanziati anche con i fondi del\u2026<\/p>\n<p class=\"continue-reading-button\"> <a class=\"continue-reading-link\" href=\"https:\/\/www.ilmondodeitreni.it\/blog\/?p=14193\">Continua la lettura<i class=\"crycon-right-dir\"><\/i><\/a><\/p>\n","protected":false},"author":1,"featured_media":0,"comment_status":"open","ping_status":"open","sticky":false,"template":"","format":"standard","meta":{"footnotes":""},"categories":[2],"tags":[1669,9856,5,1222,9241,9857,34,9855],"class_list":["post-14193","post","type-post","status-publish","format-standard","hentry","category-news","tag-aosta","tag-clf-costruzioni-linee-ferroviarie","tag-ferrovie","tag-lavori","tag-pnrr","tag-rete-costruzioni-ferroviarie","tag-rfi","tag-s-i-f-e-l"],"_links":{"self":[{"href":"https:\/\/www.ilmondodeitreni.it\/blog\/index.php?rest_route=\/wp\/v2\/posts\/14193","targetHints":{"allow":["GET"]}}],"collection":[{"href":"https:\/\/www.ilmondodeitreni.it\/blog\/index.php?rest_route=\/wp\/v2\/posts"}],"about":[{"href":"https:\/\/www.ilmondodeitreni.it\/blog\/index.php?rest_route=\/wp\/v2\/types\/post"}],"author":[{"embeddable":true,"href":"https:\/\/www.ilmondodeitreni.it\/blog\/index.php?rest_route=\/wp\/v2\/users\/1"}],"replies":[{"embeddable":true,"href":"https:\/\/www.ilmondodeitreni.it\/blog\/index.php?rest_route=%2Fwp%2Fv2%2Fcomments&post=14193"}],"version-history":[{"count":1,"href":"https:\/\/www.ilmondodeitreni.it\/blog\/index.php?rest_route=\/wp\/v2\/posts\/14193\/revisions"}],"predecessor-version":[{"id":14194,"href":"https:\/\/www.ilmondodeitreni.it\/blog\/index.php?rest_route=\/wp\/v2\/posts\/14193\/revisions\/14194"}],"wp:attachment":[{"href":"https:\/\/www.ilmondodeitreni.it\/blog\/index.php?rest_route=%2Fwp%2Fv2%2Fmedia&parent=14193"}],"wp:term":[{"taxonomy":"category","embeddable":true,"href":"https:\/\/www.ilmondodeitreni.it\/blog\/index.php?rest_route=%2Fwp%2Fv2%2Fcategories&post=14193"},{"taxonomy":"post_tag","embeddable":true,"href":"https:\/\/www.ilmondodeitreni.it\/blog\/index.php?rest_route=%2Fwp%2Fv2%2Ftags&post=14193"}],"curies":[{"name":"wp","href":"https:\/\/api.w.org\/{rel}","templated":true}]}}