{"id":1411,"date":"2015-02-18T22:00:27","date_gmt":"2015-02-18T21:00:27","guid":{"rendered":"http:\/\/www.ilmondodeitreni.it\/blog\/?p=1411"},"modified":"2020-06-01T20:07:22","modified_gmt":"2020-06-01T18:07:22","slug":"treno-verde-2015-speciale-agricoltura-di-qualita","status":"publish","type":"post","link":"https:\/\/www.ilmondodeitreni.it\/blog\/?p=1411","title":{"rendered":"Treno Verde 2015: Speciale Agricoltura di qualit\u00e0"},"content":{"rendered":"<p style=\"text-align: justify;\"><a href=\"http:\/\/www.ilmondodeitreni.it\/blog\/wp-content\/uploads\/2015\/02\/tv2015_01.jpg\"><img loading=\"lazy\" decoding=\"async\" class=\"alignleft size-thumbnail wp-image-1412\" src=\"http:\/\/www.ilmondodeitreni.it\/blog\/wp-content\/uploads\/2015\/02\/tv2015_01-160x106.jpg\" alt=\"tv2015_01\" width=\"160\" height=\"106\" srcset=\"https:\/\/www.ilmondodeitreni.it\/blog\/wp-content\/uploads\/2015\/02\/tv2015_01-160x106.jpg 160w, https:\/\/www.ilmondodeitreni.it\/blog\/wp-content\/uploads\/2015\/02\/tv2015_01-226x150.jpg 226w, https:\/\/www.ilmondodeitreni.it\/blog\/wp-content\/uploads\/2015\/02\/tv2015_01-150x99.jpg 150w, https:\/\/www.ilmondodeitreni.it\/blog\/wp-content\/uploads\/2015\/02\/tv2015_01.jpg 638w\" sizes=\"auto, (max-width: 160px) 100vw, 160px\" \/><\/a> <a href=\"http:\/\/www.ilmondodeitreni.it\/blog\/wp-content\/uploads\/2015\/02\/tv2015_02.jpg\"><img loading=\"lazy\" decoding=\"async\" class=\"alignleft size-thumbnail wp-image-1413\" src=\"http:\/\/www.ilmondodeitreni.it\/blog\/wp-content\/uploads\/2015\/02\/tv2015_02-160x106.jpg\" alt=\"tv2015_02\" width=\"160\" height=\"106\" srcset=\"https:\/\/www.ilmondodeitreni.it\/blog\/wp-content\/uploads\/2015\/02\/tv2015_02-160x106.jpg 160w, https:\/\/www.ilmondodeitreni.it\/blog\/wp-content\/uploads\/2015\/02\/tv2015_02.jpg 640w, https:\/\/www.ilmondodeitreni.it\/blog\/wp-content\/uploads\/2015\/02\/tv2015_02-227x150.jpg 227w, https:\/\/www.ilmondodeitreni.it\/blog\/wp-content\/uploads\/2015\/02\/tv2015_02-150x99.jpg 150w\" sizes=\"auto, (max-width: 160px) 100vw, 160px\" \/><\/a> <a href=\"http:\/\/www.ilmondodeitreni.it\/blog\/wp-content\/uploads\/2015\/02\/tv2015_03.jpg\"><img loading=\"lazy\" decoding=\"async\" class=\"alignleft size-thumbnail wp-image-1414\" src=\"http:\/\/www.ilmondodeitreni.it\/blog\/wp-content\/uploads\/2015\/02\/tv2015_03-160x106.jpg\" alt=\"tv2015_03\" width=\"160\" height=\"106\" srcset=\"https:\/\/www.ilmondodeitreni.it\/blog\/wp-content\/uploads\/2015\/02\/tv2015_03-160x106.jpg 160w, https:\/\/www.ilmondodeitreni.it\/blog\/wp-content\/uploads\/2015\/02\/tv2015_03.jpg 640w, https:\/\/www.ilmondodeitreni.it\/blog\/wp-content\/uploads\/2015\/02\/tv2015_03-227x150.jpg 227w, https:\/\/www.ilmondodeitreni.it\/blog\/wp-content\/uploads\/2015\/02\/tv2015_03-150x99.jpg 150w\" sizes=\"auto, (max-width: 160px) 100vw, 160px\" \/><\/a>Edizione tutta speciale quest\u2019anno per il Treno Verde 2015. La storica campagna nazionale di Legambiente e Gruppo Ferrovie dello Stato quest\u2019anno cambier\u00e0 \u201cnatura\u201d e \u201cdeclinazione\u201d per dar vita ad un viaggio speciale dedicato all\u2019agricoltura e all\u2019alimentazione in vista di Expo Milano 2015. Dal 18 febbraio all\u201911 aprile il convoglio ambientalista far\u00e0 tappa in 15 citt\u00e0 italiane per far conoscere e far riscoprire la bellezza e l\u2019eccellenza dei territori, ma soprattutto per raccontare le migliori esperienze dell\u2019agricoltura italiana di qualit\u00e0 in viaggio verso Expo Milano 2015, l\u2019esposizione universale su alimentazione e nutrizione in programma dal primo maggio nel capoluogo lombardo. Motto di questa edizione sar\u00e0 \u201c<em>Tornare alla terra per seminare futuro<\/em>\u201d per sottolineare l\u2019importante ruolo che l\u2019agricoltura di qualit\u00e0 e delle buone pratiche ambientali e sociali ha e potr\u00e0 avere anche di fronte alle sfide future. Per questo il Treno Verde durante il suo viaggio presenter\u00e0 il Manifesto della Nuova Agricoltura: una Nuova Agricoltura sostenibile che \u00e8 gi\u00e0 all\u2019opera, anche se la strada \u00e8 ancora lunga e in salita. A praticarla sono molti coraggiosi agricoltori italiani e di tutto il mondo attenti ai processi naturali, alla complessit\u00e0 e specificit\u00e0 locale degli ecosistemi e che hanno detto no agli Ogm. Secondo Legambiente questa agricoltura potr\u00e0 dare un contributo importante nella mitigazione dei cambiamenti climatici, che potr\u00e0 garantire cibo sano e di qualit\u00e0 (libero da Ogm e da sostanze pericolose per la salute umana), un lavoro dignitoso; che potr\u00e0 aiutare a valorizzare il territorio ed offrire fonti di energia rinnovabile, materiali e prodotti alternativi alla petrolchimica. Oltre al Manifesto in questione, il convoglio ambientalista di tappa in tappa promuover\u00e0 e far\u00e0 conoscere, insieme agli Ambasciatori del Territorio, le esperienze di chi vive il territorio, e lancer\u00e0 il \u201cProgetto Conversione\u201d. Una sfida che coinvolger\u00e0 agricoltori, mondo scientifico, ministeri di agricoltura e ambiente e tutte le regioni e che si pone come obiettivo quello di aumentare le produzioni biologiche in Italia nei prossimi 6 anni, estendendole dal 9% al 20% della superficie agricola entro il 2020. La campagna, con il patrocinio del Ministero delle Politiche Agricole, Ambientali e Forestali e il Ministero dell\u2019Ambiente e della Tutela del Territorio e del Mare, \u00e8 stata presentata questa mattina a Roma nella sala conferenza della Stazione Termini dalla direttrice generale di Legambiente <strong>Rossella Muroni<\/strong>, da <strong>Michele Mario Elia, <\/strong>amministratore delegato di Ferrovie dello Stato Italiane, <strong>Maurizio<\/strong> <strong>Martina<\/strong>, Ministro delle Politiche Agricole, Alimentari e Forestali, <strong>Barbara Degani, <\/strong>Sottosegretario al Ministero dell\u2019Ambiente e della Tutela del Territorio e del Mare,<strong> Chiara Pennasi, <\/strong>Direttore Padiglione della Societ\u00e0 Civile &#8211; Cascina Triulza,<strong> Lucio Cavazzoni, <\/strong>Presidente Alce Nero, <strong>Vittorio Cogliati Dezza<\/strong>, Presidente nazionale Legambiente. Tra i presenti anche <strong>Enrico Costa<\/strong>, membro del consiglio di amministrazione dell&#8217;ASI, Agenzia Spaziale Italiana. Inoltre durante la conferenza \u00e8 stato presentato il messaggio di \u201cBuon Viaggio Treno Verde\u201d, di <strong>Tessa Gelisio<\/strong>. Il Treno Verde 2015 inizier\u00e0 il suo viaggio da <strong>Caltanissetta<\/strong> per poi proseguire verso <strong>Palermo<\/strong>, <strong>Bari<\/strong>, <strong>Pescara<\/strong>, <strong>Battipaglia<\/strong>, <strong>Napoli Centrale<\/strong>. Ed ancora a <strong>Termoli<\/strong>, <strong>Latina, Perugia, Arezzo, Chiusi, Parma, Vicenza, Cuneo, <\/strong>per poi concludere il suo viaggio a <strong>Milano <\/strong>(Centrale e Piazza Garibaldi) il 10 e l\u201911 aprile.<\/p>\n<p style=\"text-align: justify;\">\u201cIl treno \u00e8 sviluppo responsabile e sostenibile, il treno \u00e8 qualit\u00e0 del cibo e dell\u2019aria, il treno \u00e8 rispetto dell\u2019ecosistema. Perch\u00e9, rispetto alle altre modalit\u00e0 di trasporto, assicura un minor impatto ambientale e minori emissioni inquinanti, minori consumi energetici e minori costi esterni. Sono questi alcuni plus del sistema ferroviario che <strong>Michele Mario Elia, amministratore delegato di FS Italiane<\/strong> ha voluto ricordare nel suo intervento alla presentazione del Treno Verde 2015. \u201cEcco quindi \u2013 ha proseguito <strong>Elia<\/strong> \u2013 che anche in occasione di Expo 2015, quando al centro dell\u2019attenzione si pone l\u2019alimentazione, la nutrizione e un futuro sostenibile, il treno mostra di avere tutti i requisiti per essere protagonista. Laddove il commercio di prodotti alimentari a chilometro zero non \u00e8 possibile, la modalit\u00e0 ferroviaria riduce al minimo gli effetti negativi del trasporto. Lo fa senza inquinare le campagne e le citt\u00e0 che attraversa.\u201d Elia ha poi concluso ricordando che \u201cil Gruppo FS Italiane sar\u00e0 protagonista di Expo 2015 anche assicurando un potenziamento dei servizi su Milano, e in particolare su Rho-Fiera, offerte commerciali ad hoc per incentivare l\u2019uso del treno, stazioni ammodernate e sempre pi\u00f9 accessibili, servizi innovativi per i passeggeri e una rete commerciale, quella di Trenitalia, che diventa, fino a ottobre, rete di vendita anche dei biglietti di ingresso a Expo.\u201d<\/p>\n<p style=\"text-align: justify;\">\u201cQuest\u2019anno il Treno Verde &#8211; dichiarano <strong>Rossella Muroni e Vittorio Cogliati Dezza<\/strong>, rispettivamente <strong>direttrice generale e presidente nazionale di Legambiente<\/strong> &#8211; sar\u00e0 un viaggio tra i territori, le loro eccellenze e il ruolo che sono chiamati a svolgere in ambito internazionale anche in vista di Expo Milano 2015. Un evento sul quale si stanno accendendo i riflettori di tutto il mondo e dove purtroppo in questi mesi non sono mancati fatti di corruzione e malaffare. Ci auguriamo, invece, che l\u2019Expo rappresenti, nel segno della legalit\u00e0, un momento per far chiarezza su come combattere la fame nel mondo, favorire un\u2019alimentazione sicura senza cibi ogm e un &#8216;agricoltura sostenibile e di qualit\u00e0. Quella stessa agricoltura che racconteremo a bordo del treno verde e che pu\u00f2 e deve giocare un ruolo chiave nella lotta al consumo di suolo, nella mitigazione degli effetti ai cambiamenti climatici, nel rilancio dell\u2019economia del Paese, nello sviluppo di un\u2019economia verde creando nuova occupazione. Un\u2019agricoltura che merita di essere favorita attraverso una politica ad hoc che riesca a cogliere la domanda di cambiamento che i cittadini e le aziende agricole pi\u00f9 innovative chiedono e per cui vale la pena che si spenda met\u00e0 del bilancio Unione Europea\u201d.<\/p>\n","protected":false},"excerpt":{"rendered":"<p>Edizione tutta speciale quest\u2019anno per il Treno Verde 2015. La storica campagna nazionale di Legambiente e Gruppo Ferrovie dello Stato quest\u2019anno cambier\u00e0 \u201cnatura\u201d e \u201cdeclinazione\u201d per dar vita ad un viaggio speciale dedicato all\u2019agricoltura e all\u2019alimentazione in vista di Expo Milano 2015. Dal 18 febbraio all\u201911 aprile il convoglio ambientalista far\u00e0 tappa in 15 citt\u00e0 italiane per far conoscere e far riscoprire la bellezza e l\u2019eccellenza dei territori, ma soprattutto\u2026<\/p>\n<p class=\"continue-reading-button\"> <a class=\"continue-reading-link\" href=\"https:\/\/www.ilmondodeitreni.it\/blog\/?p=1411\">Continua la lettura<i class=\"crycon-right-dir\"><\/i><\/a><\/p>\n","protected":false},"author":1,"featured_media":0,"comment_status":"open","ping_status":"open","sticky":false,"template":"","format":"standard","meta":{"footnotes":""},"categories":[2],"tags":[1045,1043,12,757,1044,253,5,99,1046,1039,1040,1041,33,1042,134,216,146,1038,1047,340],"class_list":["post-1411","post","type-post","status-publish","format-standard","hentry","category-news","tag-agenzia-spaziale-italiana","tag-alimentari-e-forestali","tag-bari","tag-battipaglia","tag-chiara-pennasi","tag-expo2015","tag-ferrovie","tag-fs","tag-latina","tag-legambiente","tag-lucio-cavazzoni","tag-maurizio-martina","tag-michele-mario-elia","tag-ministero-delle-politiche-agricole","tag-napoli","tag-palermo","tag-pescara","tag-rossella-muroni","tag-treno-verde","tag-vittorio-cogliati-dezza"],"_links":{"self":[{"href":"https:\/\/www.ilmondodeitreni.it\/blog\/index.php?rest_route=\/wp\/v2\/posts\/1411","targetHints":{"allow":["GET"]}}],"collection":[{"href":"https:\/\/www.ilmondodeitreni.it\/blog\/index.php?rest_route=\/wp\/v2\/posts"}],"about":[{"href":"https:\/\/www.ilmondodeitreni.it\/blog\/index.php?rest_route=\/wp\/v2\/types\/post"}],"author":[{"embeddable":true,"href":"https:\/\/www.ilmondodeitreni.it\/blog\/index.php?rest_route=\/wp\/v2\/users\/1"}],"replies":[{"embeddable":true,"href":"https:\/\/www.ilmondodeitreni.it\/blog\/index.php?rest_route=%2Fwp%2Fv2%2Fcomments&post=1411"}],"version-history":[{"count":1,"href":"https:\/\/www.ilmondodeitreni.it\/blog\/index.php?rest_route=\/wp\/v2\/posts\/1411\/revisions"}],"predecessor-version":[{"id":1415,"href":"https:\/\/www.ilmondodeitreni.it\/blog\/index.php?rest_route=\/wp\/v2\/posts\/1411\/revisions\/1415"}],"wp:attachment":[{"href":"https:\/\/www.ilmondodeitreni.it\/blog\/index.php?rest_route=%2Fwp%2Fv2%2Fmedia&parent=1411"}],"wp:term":[{"taxonomy":"category","embeddable":true,"href":"https:\/\/www.ilmondodeitreni.it\/blog\/index.php?rest_route=%2Fwp%2Fv2%2Fcategories&post=1411"},{"taxonomy":"post_tag","embeddable":true,"href":"https:\/\/www.ilmondodeitreni.it\/blog\/index.php?rest_route=%2Fwp%2Fv2%2Ftags&post=1411"}],"curies":[{"name":"wp","href":"https:\/\/api.w.org\/{rel}","templated":true}]}}