{"id":14079,"date":"2023-01-20T22:45:45","date_gmt":"2023-01-20T21:45:45","guid":{"rendered":"http:\/\/www.ilmondodeitreni.it\/blog\/?p=14079"},"modified":"2023-01-28T22:45:31","modified_gmt":"2023-01-28T21:45:31","slug":"gts-approda-nel-terminal-di-nola-e-attiva-6-corse-con-segrate","status":"publish","type":"post","link":"https:\/\/www.ilmondodeitreni.it\/blog\/?p=14079","title":{"rendered":"Gts approda nel Terminal di Nola e attiva 6 corse con Segrate"},"content":{"rendered":"<p style=\"text-align: justify;\"><a href=\"http:\/\/www.ilmondodeitreni.it\/blog\/wp-content\/uploads\/2017\/12\/loco-GTS.jpg\"><img loading=\"lazy\" decoding=\"async\" class=\"alignleft size-thumbnail wp-image-6848\" src=\"http:\/\/www.ilmondodeitreni.it\/blog\/wp-content\/uploads\/2017\/12\/loco-GTS-160x107.jpg\" alt=\"\" width=\"160\" height=\"107\" srcset=\"https:\/\/www.ilmondodeitreni.it\/blog\/wp-content\/uploads\/2017\/12\/loco-GTS-160x107.jpg 160w, https:\/\/www.ilmondodeitreni.it\/blog\/wp-content\/uploads\/2017\/12\/loco-GTS-640x427.jpg 640w, https:\/\/www.ilmondodeitreni.it\/blog\/wp-content\/uploads\/2017\/12\/loco-GTS-1024x683.jpg 1024w, https:\/\/www.ilmondodeitreni.it\/blog\/wp-content\/uploads\/2017\/12\/loco-GTS-225x150.jpg 225w, https:\/\/www.ilmondodeitreni.it\/blog\/wp-content\/uploads\/2017\/12\/loco-GTS-300x200.jpg 300w, https:\/\/www.ilmondodeitreni.it\/blog\/wp-content\/uploads\/2017\/12\/loco-GTS-150x100.jpg 150w\" sizes=\"auto, (max-width: 160px) 100vw, 160px\" \/><\/a>Gts, l\u2019operatore intermodale pugliese che trasporta merci in tutta Italia e in Europa, approda nel Terminal Intermodale di Nola SpA (TIN) e attiva 6 corse con Segrate, una grande occasione per i clienti che avranno la possibilit\u00e0 di avere pi\u00f9 efficienza ad una maggiore velocit\u00e0 e la certezza di contribuire alla sostenibilit\u00e0 che offre il trasporto ferroviario. Il servizio sar\u00e0 attivo dal 26 gennaio. TIN, il terminal situato all\u2019interno dell\u2019Interporto Campano, conta su una vasta superficie di 225.000 mq, una strategica piattaforma intermodale e di logistica retro-portuale.<\/p>\n<p style=\"text-align: justify;\">Fabio Piliego, responsabile area commerciale Gts \u201cCon la nuova tratta Nola \u2013 Segrate a\/r riusciremo a movimentare 180 unit\u00e0 in pi\u00f9 a settimana, per un totale di 17.000 unit\u00e0\/anno abbattendo mediamente del 65% le emissioni di Co2 prodotte rispetto ai trasporti via strada. Da Segrate le merci raggiungeranno Rotterdam e il Regno Unito. Nola ci permetter\u00e0 di offrire dei servizi in pi\u00f9 ai nostri clienti: attivit\u00e0 doganali di cui necessitano gli operatori logistici, stoccaggio merci pericolose, lavaggio, riparazione e pesatura container, magazzini e logistica. Saremo in grado di movimentare ogni tipologia di prodotto, compresi rifiuti e merci pericolose\u201d.<\/p>\n<p style=\"text-align: justify;\">Lucio Punzo, responsabile del terminal TIN, dichiara: \u201cNell\u2019ambito del processo di sviluppo delle attivit\u00e0 nel distretto di Nola, l\u2019accordo con Gts \u00e8 motivo di vanto e soddisfazione per noi. Siamo certi di poter costruire un rapporto duraturo e proficuo per la crescita di una struttura terminalistica strategica per il territorio\u201d.<\/p>\n","protected":false},"excerpt":{"rendered":"<p>Gts, l\u2019operatore intermodale pugliese che trasporta merci in tutta Italia e in Europa, approda nel Terminal Intermodale di Nola SpA (TIN) e attiva 6 corse con Segrate, una grande occasione per i clienti che avranno la possibilit\u00e0 di avere pi\u00f9 efficienza ad una maggiore velocit\u00e0 e la certezza di contribuire alla sostenibilit\u00e0 che offre il trasporto ferroviario. Il servizio sar\u00e0 attivo dal 26 gennaio. TIN, il terminal situato all\u2019interno dell\u2019Interporto\u2026<\/p>\n<p class=\"continue-reading-button\"> <a class=\"continue-reading-link\" href=\"https:\/\/www.ilmondodeitreni.it\/blog\/?p=14079\">Continua la lettura<i class=\"crycon-right-dir\"><\/i><\/a><\/p>\n","protected":false},"author":7,"featured_media":0,"comment_status":"open","ping_status":"open","sticky":false,"template":"","format":"standard","meta":{"footnotes":""},"categories":[2],"tags":[9809,5,4406,1095,9810,9808],"class_list":["post-14079","post","type-post","status-publish","format-standard","hentry","category-news","tag-fabio-piliego","tag-ferrovie","tag-gts","tag-logistica","tag-lucio-punzo","tag-terminal-intermodale-di-nola-spa"],"_links":{"self":[{"href":"https:\/\/www.ilmondodeitreni.it\/blog\/index.php?rest_route=\/wp\/v2\/posts\/14079","targetHints":{"allow":["GET"]}}],"collection":[{"href":"https:\/\/www.ilmondodeitreni.it\/blog\/index.php?rest_route=\/wp\/v2\/posts"}],"about":[{"href":"https:\/\/www.ilmondodeitreni.it\/blog\/index.php?rest_route=\/wp\/v2\/types\/post"}],"author":[{"embeddable":true,"href":"https:\/\/www.ilmondodeitreni.it\/blog\/index.php?rest_route=\/wp\/v2\/users\/7"}],"replies":[{"embeddable":true,"href":"https:\/\/www.ilmondodeitreni.it\/blog\/index.php?rest_route=%2Fwp%2Fv2%2Fcomments&post=14079"}],"version-history":[{"count":1,"href":"https:\/\/www.ilmondodeitreni.it\/blog\/index.php?rest_route=\/wp\/v2\/posts\/14079\/revisions"}],"predecessor-version":[{"id":14080,"href":"https:\/\/www.ilmondodeitreni.it\/blog\/index.php?rest_route=\/wp\/v2\/posts\/14079\/revisions\/14080"}],"wp:attachment":[{"href":"https:\/\/www.ilmondodeitreni.it\/blog\/index.php?rest_route=%2Fwp%2Fv2%2Fmedia&parent=14079"}],"wp:term":[{"taxonomy":"category","embeddable":true,"href":"https:\/\/www.ilmondodeitreni.it\/blog\/index.php?rest_route=%2Fwp%2Fv2%2Fcategories&post=14079"},{"taxonomy":"post_tag","embeddable":true,"href":"https:\/\/www.ilmondodeitreni.it\/blog\/index.php?rest_route=%2Fwp%2Fv2%2Ftags&post=14079"}],"curies":[{"name":"wp","href":"https:\/\/api.w.org\/{rel}","templated":true}]}}