{"id":14027,"date":"2022-12-08T09:06:48","date_gmt":"2022-12-08T08:06:48","guid":{"rendered":"http:\/\/www.ilmondodeitreni.it\/blog\/?p=14027"},"modified":"2022-12-18T22:09:16","modified_gmt":"2022-12-18T21:09:16","slug":"rfi-attiva-da-domenica-11-dicembre-la-nuova-fermata-di-martinsicuro-in-abruzzo","status":"publish","type":"post","link":"https:\/\/www.ilmondodeitreni.it\/blog\/?p=14027","title":{"rendered":"RFI: attiva da domenica 11 dicembre la nuova fermata di Martinsicuro in Abruzzo"},"content":{"rendered":"<p style=\"text-align: justify;\"><a href=\"http:\/\/www.ilmondodeitreni.it\/blog\/wp-content\/uploads\/2019\/03\/ALe801002_rmtuscolana.jpg\"><img loading=\"lazy\" decoding=\"async\" class=\"alignleft size-thumbnail wp-image-8670\" src=\"http:\/\/www.ilmondodeitreni.it\/blog\/wp-content\/uploads\/2019\/03\/ALe801002_rmtuscolana-160x107.jpg\" alt=\"\" width=\"160\" height=\"107\" srcset=\"https:\/\/www.ilmondodeitreni.it\/blog\/wp-content\/uploads\/2019\/03\/ALe801002_rmtuscolana-160x107.jpg 160w, https:\/\/www.ilmondodeitreni.it\/blog\/wp-content\/uploads\/2019\/03\/ALe801002_rmtuscolana.jpg 640w, https:\/\/www.ilmondodeitreni.it\/blog\/wp-content\/uploads\/2019\/03\/ALe801002_rmtuscolana-225x150.jpg 225w, https:\/\/www.ilmondodeitreni.it\/blog\/wp-content\/uploads\/2019\/03\/ALe801002_rmtuscolana-150x100.jpg 150w\" sizes=\"auto, (max-width: 160px) 100vw, 160px\" \/><\/a>Attiva da domenica 11 dicembre la nuova fermata di Martinsicuro, in provincia di Teramo, posta sulla Linea Adriatica tra le stazioni di Porto d\u2019Ascoli e Alba Adriatica. La nuova opera \u2013 prevista da un Protocollo d\u2019Intesa sottoscritto nel 2020 da Rete Ferroviaria Italiana (societ\u00e0 capofila del Polo Infrastrutture del Gruppo FS), Regione Abruzzo e Comune di Martinsicuro \u2013 \u00e8 stata presentata da Umberto D\u2019Annuntiis, sottosegretario alla Presidenza della Giunta Regionale, Massimo Vagnoni, Sindaco del Comune di Martinsicuro e Roberto Laghezza, Direttore commerciale Adriatica di RFI. La fermata di Martinsicuro \u2013 che prevede 8 treni nei giorni feriali e 6 nei festivi \u00a0\u2013 \u00e8 in linea con i vigenti standard europei previsti per i servizi ferroviari e garantisce un elevato comfort per i viaggiatori e l\u2019accessibilit\u00e0 alle persone con disabilit\u00e0 e a ridotta mobilit\u00e0: marciapiedi lunghi 250 metri ed alti 55 cm, per facilitare la salita e la discesa dai treni, due ascensori, pensiline e sottopasso con percorsi tattili per ipovedenti, segnaletica fissa e variabile per l\u2019orientamento e l\u2019informazione al pubblico, impianti d\u2019illuminazione realizzati secondo criteri di efficienza energetica. Investimento complessivo di 2,6 milioni di euro, equamente cofinanziato tra RFI e Regione Abruzzo.<\/p>\n<p style=\"text-align: justify;\">La fermata di Martinsicuro \u2013 che dista meno di 1 chilometro dal lungomare \u2013 facilita l\u2019utilizzo del treno per residenti e turisti, incrementando cos\u00ec l\u2019attrattivit\u00e0 della fascia costiera tra Alba Adriatica e la foce del Tronto.<\/p>\n","protected":false},"excerpt":{"rendered":"<p>Attiva da domenica 11 dicembre la nuova fermata di Martinsicuro, in provincia di Teramo, posta sulla Linea Adriatica tra le stazioni di Porto d\u2019Ascoli e Alba Adriatica. La nuova opera \u2013 prevista da un Protocollo d\u2019Intesa sottoscritto nel 2020 da Rete Ferroviaria Italiana (societ\u00e0 capofila del Polo Infrastrutture del Gruppo FS), Regione Abruzzo e Comune di Martinsicuro \u2013 \u00e8 stata presentata da Umberto D\u2019Annuntiis, sottosegretario alla Presidenza della Giunta Regionale,\u2026<\/p>\n<p class=\"continue-reading-button\"> <a class=\"continue-reading-link\" href=\"https:\/\/www.ilmondodeitreni.it\/blog\/?p=14027\">Continua la lettura<i class=\"crycon-right-dir\"><\/i><\/a><\/p>\n","protected":false},"author":9,"featured_media":0,"comment_status":"open","ping_status":"open","sticky":false,"template":"","format":"standard","meta":{"footnotes":""},"categories":[2],"tags":[5,8786,9793,2286,34],"class_list":["post-14027","post","type-post","status-publish","format-standard","hentry","category-news","tag-ferrovie","tag-martinsicuro","tag-massimo-vagnoni","tag-regione-abruzzo","tag-rfi"],"_links":{"self":[{"href":"https:\/\/www.ilmondodeitreni.it\/blog\/index.php?rest_route=\/wp\/v2\/posts\/14027","targetHints":{"allow":["GET"]}}],"collection":[{"href":"https:\/\/www.ilmondodeitreni.it\/blog\/index.php?rest_route=\/wp\/v2\/posts"}],"about":[{"href":"https:\/\/www.ilmondodeitreni.it\/blog\/index.php?rest_route=\/wp\/v2\/types\/post"}],"author":[{"embeddable":true,"href":"https:\/\/www.ilmondodeitreni.it\/blog\/index.php?rest_route=\/wp\/v2\/users\/9"}],"replies":[{"embeddable":true,"href":"https:\/\/www.ilmondodeitreni.it\/blog\/index.php?rest_route=%2Fwp%2Fv2%2Fcomments&post=14027"}],"version-history":[{"count":1,"href":"https:\/\/www.ilmondodeitreni.it\/blog\/index.php?rest_route=\/wp\/v2\/posts\/14027\/revisions"}],"predecessor-version":[{"id":14028,"href":"https:\/\/www.ilmondodeitreni.it\/blog\/index.php?rest_route=\/wp\/v2\/posts\/14027\/revisions\/14028"}],"wp:attachment":[{"href":"https:\/\/www.ilmondodeitreni.it\/blog\/index.php?rest_route=%2Fwp%2Fv2%2Fmedia&parent=14027"}],"wp:term":[{"taxonomy":"category","embeddable":true,"href":"https:\/\/www.ilmondodeitreni.it\/blog\/index.php?rest_route=%2Fwp%2Fv2%2Fcategories&post=14027"},{"taxonomy":"post_tag","embeddable":true,"href":"https:\/\/www.ilmondodeitreni.it\/blog\/index.php?rest_route=%2Fwp%2Fv2%2Ftags&post=14027"}],"curies":[{"name":"wp","href":"https:\/\/api.w.org\/{rel}","templated":true}]}}