{"id":14020,"date":"2022-12-13T20:19:53","date_gmt":"2022-12-13T19:19:53","guid":{"rendered":"http:\/\/www.ilmondodeitreni.it\/blog\/?p=14020"},"modified":"2022-12-15T20:21:54","modified_gmt":"2022-12-15T19:21:54","slug":"trasporto-pubblico-localeprovincia-bolzano-stabilisce-tariffe-invariate-per-gli-abbonati","status":"publish","type":"post","link":"https:\/\/www.ilmondodeitreni.it\/blog\/?p=14020","title":{"rendered":"Trasporto pubblico locale:provincia Bolzano stabilisce tariffe invariate per gli abbonati"},"content":{"rendered":"<p style=\"text-align: justify;\"><a href=\"http:\/\/www.ilmondodeitreni.it\/blog\/wp-content\/uploads\/2022\/12\/9999_447rebibbia.jpg\"><img loading=\"lazy\" decoding=\"async\" class=\"alignleft size-thumbnail wp-image-14002\" src=\"http:\/\/www.ilmondodeitreni.it\/blog\/wp-content\/uploads\/2022\/12\/9999_447rebibbia-160x120.jpg\" alt=\"\" width=\"160\" height=\"120\" srcset=\"https:\/\/www.ilmondodeitreni.it\/blog\/wp-content\/uploads\/2022\/12\/9999_447rebibbia-160x120.jpg 160w, https:\/\/www.ilmondodeitreni.it\/blog\/wp-content\/uploads\/2022\/12\/9999_447rebibbia-638x480.jpg 638w, https:\/\/www.ilmondodeitreni.it\/blog\/wp-content\/uploads\/2022\/12\/9999_447rebibbia-768x578.jpg 768w, https:\/\/www.ilmondodeitreni.it\/blog\/wp-content\/uploads\/2022\/12\/9999_447rebibbia-150x113.jpg 150w, https:\/\/www.ilmondodeitreni.it\/blog\/wp-content\/uploads\/2022\/12\/9999_447rebibbia.jpg 800w\" sizes=\"auto, (max-width: 160px) 100vw, 160px\" \/><\/a>Oggi (13 dicembre) la\u00a0<strong>Giunta provinciale<\/strong>\u00a0si \u00e8 occupata del\u00a0<strong>sistema tariffario\u00a0<\/strong>e delle\u00a0<strong>condizioni di utilizzo<\/strong>\u00a0dei\u00a0<strong>servizi<\/strong>\u00a0di trasporto pubblico in\u00a0<strong>Alto Adige<\/strong>. &#8220;Nonostante l&#8217;aumento dei costi, le\u00a0<strong>tariffe<\/strong>\u00a0per il 2023 rimarranno invariate rispetto a quest&#8217;anno per tutti gli altoatesini in possesso di un abbonamento ai\u00a0<strong>trasporti pubblici<\/strong>&#8220;, sottolinea\u00a0<strong>Daniel Alfreider<\/strong>, assessore provinciale alla Mobilit\u00e0. \u201cIl nostro\u00a0<strong>AltoAdige Pass<\/strong>, nelle sue varie forme, con cui quasi la met\u00e0 degli altoatesini utilizza\u00a0<strong>autobus<\/strong>\u00a0e\u00a0<strong>treni<\/strong>, continuer\u00e0 quindi a essere l&#8217;abbonamento ai trasporti pubblici economico e semplice, con un incentivo speciale per i viaggi frequenti&#8221;, afferma Alfreider. D&#8217;altra parte, i prezzi dei biglietti turistici come la &#8220;Mobilcard&#8221; saranno portati a un livello di prezzo simile a quello del vicino\u00a0<strong>Tirolo<\/strong>.<\/p>\n<p style=\"text-align: justify;\"><strong>Parcheggi per biciclette e offerte &#8220;Park&amp;Ride<\/strong><\/p>\n<p style=\"text-align: justify;\">&#8220;Affinch\u00e9 un numero ancora maggiore di persone si sposti in modo ecologico per andare e tornare da dove accede ai mezzi pubblici, ci stiamo concentrando su ulteriori offerte per i\u00a0<strong>ciclisti<\/strong>&#8220;, afferma Alfreider. Sar\u00e0 possibile creare\u00a0<strong>parcheggi coperti per biciclette<\/strong>\u00a0e\u00a0<strong>box per biciclette<\/strong>\u00a0presso le stazioni e i punti d&#8217;interscambio, servizi che potranno essere pagati con l&#8217;AltoAdige Pass.<\/p>\n<p style=\"text-align: justify;\">La cosiddetta\u00a0<strong>offerta &#8220;Park&amp;Ride&#8221;<\/strong>\u00a0\u00e8 gi\u00e0 in vigore da tempo nelle stazioni ferroviarie di Bressanone e Brunico. Il parcheggio costa 6 euro al giorno, ma se poi si prende un treno regionale, 3 euro vengono detratti dal credito dell&#8217;AltoAdige Pass. Se si utilizza il treno anche per il viaggio di ritorno, vengono detratti nuovamente 3 euro &#8211; il parcheggio \u00e8 quindi gratuito per i pendolari. &#8220;A partire dall&#8217;estate, lo stesso principio si applicher\u00e0 anche a chi prende l&#8217;autobus invece del treno&#8221;, annuncia Alfreider.<\/p>\n<p style=\"text-align: justify;\">Un&#8217;altra novit\u00e0 \u00e8 che non sono pi\u00f9 necessarie le\u00a0<strong>tessere scolastiche<\/strong>\u00a0per i\u00a0<strong>bambini<\/strong>\u00a0trasportati dai\u00a0<strong>servizi di trasporto scolastico<\/strong>. &#8220;Gli utenti dei servizi di trasporto scolastico possono utilizzarli con l&#8217;Abo+ se sono registrati nell&#8217;elenco corrispondente dell&#8217;autista&#8221;, spiega\u00a0<strong>Mirko Waldner<\/strong>, direttore dell&#8217;Ufficio Trasporto persone della Provincia.<\/p>\n","protected":false},"excerpt":{"rendered":"<p>Oggi (13 dicembre) la\u00a0Giunta provinciale\u00a0si \u00e8 occupata del\u00a0sistema tariffario\u00a0e delle\u00a0condizioni di utilizzo\u00a0dei\u00a0servizi\u00a0di trasporto pubblico in\u00a0Alto Adige. &#8220;Nonostante l&#8217;aumento dei costi, le\u00a0tariffe\u00a0per il 2023 rimarranno invariate rispetto a quest&#8217;anno per tutti gli altoatesini in possesso di un abbonamento ai\u00a0trasporti pubblici&#8220;, sottolinea\u00a0Daniel Alfreider, assessore provinciale alla Mobilit\u00e0. \u201cIl nostro\u00a0AltoAdige Pass, nelle sue varie forme, con cui quasi la met\u00e0 degli altoatesini utilizza\u00a0autobus\u00a0e\u00a0treni, continuer\u00e0 quindi a essere l&#8217;abbonamento ai trasporti pubblici economico e\u2026<\/p>\n<p class=\"continue-reading-button\"> <a class=\"continue-reading-link\" href=\"https:\/\/www.ilmondodeitreni.it\/blog\/?p=14020\">Continua la lettura<i class=\"crycon-right-dir\"><\/i><\/a><\/p>\n","protected":false},"author":5,"featured_media":0,"comment_status":"open","ping_status":"open","sticky":false,"template":"","format":"standard","meta":{"footnotes":""},"categories":[2],"tags":[4358,5071,5335,69,95],"class_list":["post-14020","post","type-post","status-publish","format-standard","hentry","category-news","tag-alto-adige","tag-altoadige-pass","tag-daniel-alfreider","tag-mobilita","tag-tpl"],"_links":{"self":[{"href":"https:\/\/www.ilmondodeitreni.it\/blog\/index.php?rest_route=\/wp\/v2\/posts\/14020","targetHints":{"allow":["GET"]}}],"collection":[{"href":"https:\/\/www.ilmondodeitreni.it\/blog\/index.php?rest_route=\/wp\/v2\/posts"}],"about":[{"href":"https:\/\/www.ilmondodeitreni.it\/blog\/index.php?rest_route=\/wp\/v2\/types\/post"}],"author":[{"embeddable":true,"href":"https:\/\/www.ilmondodeitreni.it\/blog\/index.php?rest_route=\/wp\/v2\/users\/5"}],"replies":[{"embeddable":true,"href":"https:\/\/www.ilmondodeitreni.it\/blog\/index.php?rest_route=%2Fwp%2Fv2%2Fcomments&post=14020"}],"version-history":[{"count":1,"href":"https:\/\/www.ilmondodeitreni.it\/blog\/index.php?rest_route=\/wp\/v2\/posts\/14020\/revisions"}],"predecessor-version":[{"id":14021,"href":"https:\/\/www.ilmondodeitreni.it\/blog\/index.php?rest_route=\/wp\/v2\/posts\/14020\/revisions\/14021"}],"wp:attachment":[{"href":"https:\/\/www.ilmondodeitreni.it\/blog\/index.php?rest_route=%2Fwp%2Fv2%2Fmedia&parent=14020"}],"wp:term":[{"taxonomy":"category","embeddable":true,"href":"https:\/\/www.ilmondodeitreni.it\/blog\/index.php?rest_route=%2Fwp%2Fv2%2Fcategories&post=14020"},{"taxonomy":"post_tag","embeddable":true,"href":"https:\/\/www.ilmondodeitreni.it\/blog\/index.php?rest_route=%2Fwp%2Fv2%2Ftags&post=14020"}],"curies":[{"name":"wp","href":"https:\/\/api.w.org\/{rel}","templated":true}]}}