{"id":14014,"date":"2022-12-05T18:45:01","date_gmt":"2022-12-05T17:45:01","guid":{"rendered":"http:\/\/www.ilmondodeitreni.it\/blog\/?p=14014"},"modified":"2022-12-11T21:40:43","modified_gmt":"2022-12-11T20:40:43","slug":"civitavecchia-presentati-i-nuovi-minibus-elettrici-di-tecnobus-a-costo-zero-per-csp","status":"publish","type":"post","link":"https:\/\/www.ilmondodeitreni.it\/blog\/?p=14014","title":{"rendered":"Civitavecchia: presentati i nuovi minibus elettrici di \u201cTecnobus\u201d a costo zero per CSP"},"content":{"rendered":"<p style=\"text-align: justify;\"><a href=\"http:\/\/www.ilmondodeitreni.it\/blog\/wp-content\/uploads\/2022\/01\/668_100viadiportapinciana.jpg\"><img loading=\"lazy\" decoding=\"async\" class=\"alignleft size-thumbnail wp-image-13511\" src=\"http:\/\/www.ilmondodeitreni.it\/blog\/wp-content\/uploads\/2022\/01\/668_100viadiportapinciana-160x120.jpg\" alt=\"\" width=\"160\" height=\"120\" srcset=\"https:\/\/www.ilmondodeitreni.it\/blog\/wp-content\/uploads\/2022\/01\/668_100viadiportapinciana-160x120.jpg 160w, https:\/\/www.ilmondodeitreni.it\/blog\/wp-content\/uploads\/2022\/01\/668_100viadiportapinciana-640x480.jpg 640w, https:\/\/www.ilmondodeitreni.it\/blog\/wp-content\/uploads\/2022\/01\/668_100viadiportapinciana-768x576.jpg 768w, https:\/\/www.ilmondodeitreni.it\/blog\/wp-content\/uploads\/2022\/01\/668_100viadiportapinciana-150x113.jpg 150w, https:\/\/www.ilmondodeitreni.it\/blog\/wp-content\/uploads\/2022\/01\/668_100viadiportapinciana.jpg 800w\" sizes=\"auto, (max-width: 160px) 100vw, 160px\" \/><\/a>Civitavecchia e mobilit\u00e0 sostenibile: un binomio sempre pi\u00f9 vincente. Questa mattina sono stati infatti presentati i nuovi minibus elettrici della Tecnobus Industries S.r.l., azienda produttrice di Frosinone, che percorreranno la Linea Civitavecchia\/Porto. E non solo. Con l\u2019occasione sar\u00e0 infatti ripristinata anche la Linea C barrata che, come si ricorder\u00e0, era stata soppressa in conseguenza dell\u2019aumento esponenziale del costo del metano da autotrazione, pi\u00f9 che quadruplicato negli ultimi 12 mesi. Un importante accordo quello stipulato tra Civitavecchia Servizi Pubblici e l\u2019azienda produttrice di autobus totalmente elettrici e made in Italy Tecnobus, reso possibile grazie all\u2019ausilio di Unindustria Civitavecchia. L\u2019iniziativa \u00e8 a costo zero per CSP ed il Comune che ne avranno l\u2019usufrutto gratuito per un anno. Questo accordo va infatti ad inserirsi all\u2019interno del protocollo d\u2019intesa siglato a giugno tra Csp srl e la Tecnobus, finalizzato all\u2019ottenimento di un contratto di sviluppo per i Bus Elettrici, finanziato da Invitalia per conto del Ministero dello Sviluppo Economico per 30 milioni di euro. Oltre alla alimentazione elettrica, la particolarit\u00e0 dei veicoli Tecnobus sta nelle dimensioni: sono lunghi\u00a0poco pi\u00f9 di 5 metri, con una portata di 30 passeggeri, perfetti proprio per spostarsi nei centri storici.\u00a0Inoltre, il minibus \u00e8 l\u2019unico ad essere dotato di batteria intercambiabile, rendendolo illimitato nella percorrenza, senza utilizzo del litio, completamente riciclabile, senza necessit\u00e0 di processi second life.<\/p>\n<p style=\"text-align: justify;\">Presenti al taglio del nastro, tra gli altri, il direttore generale di Tecnobus, Maurizio Pica, l\u2019amministratore delegato Tecnobus, Palo Marini, il Sindaco Avv. Fabrizio Lungarini ed il Vice Sindaco Manuel Magliani, ed il presidente di CSP Srl, Avv. Fabrizio Lungarini.<\/p>\n<p style=\"text-align: justify;\">&#8220;In questo segmento Tecnobus \u00e8 azienda leader a livello europeo \u2013 ha spiegato Paolo Marini, che ha rilevato l\u2019Azienda di Frosinone e Presidente della sezione Meccatronica di Unindustria \u2013 la forza del prodotto sta nel fatto che \u00e8 nato ed \u00e8 stato progettato come un mezzo elettrico, non \u00e8 una derivazione, \u00e8 \u201cNativo Elettrico\u201d. Un particolare che ancora oggi fa la differenza &#8220;.<\/p>\n<p style=\"text-align: justify;\">&#8220;Saremo i primi \u2013 ha detto Maurizio Pica, direttore generale Tecnobus \u2013 a offrire a Civitavecchia il servizio di trasporto pubblico, 100% elettrico, che porta i passeggeri dalle navi da crociera direttamente alla stazione ferroviaria &#8220;.<\/p>\n<p style=\"text-align: justify;\">&#8220;L\u2019inserimento di questi nuovi mezzi totalmente green \u00e8 un obiettivo che ci siamo posti fin dall\u2019inizio, \u2013 ha detto il Presidente di CSP Srl, Avv. Fabrizio Lungarini \u2013 la sostenibilit\u00e0 era infatti un altro dei nostri principali focus, insieme a efficienza e ottimizzazione del servizio &#8220;.<\/p>\n","protected":false},"excerpt":{"rendered":"<p>Civitavecchia e mobilit\u00e0 sostenibile: un binomio sempre pi\u00f9 vincente. Questa mattina sono stati infatti presentati i nuovi minibus elettrici della Tecnobus Industries S.r.l., azienda produttrice di Frosinone, che percorreranno la Linea Civitavecchia\/Porto. E non solo. Con l\u2019occasione sar\u00e0 infatti ripristinata anche la Linea C barrata che, come si ricorder\u00e0, era stata soppressa in conseguenza dell\u2019aumento esponenziale del costo del metano da autotrazione, pi\u00f9 che quadruplicato negli ultimi 12 mesi. Un\u2026<\/p>\n<p class=\"continue-reading-button\"> <a class=\"continue-reading-link\" href=\"https:\/\/www.ilmondodeitreni.it\/blog\/?p=14014\">Continua la lettura<i class=\"crycon-right-dir\"><\/i><\/a><\/p>\n","protected":false},"author":3,"featured_media":0,"comment_status":"open","ping_status":"open","sticky":false,"template":"","format":"standard","meta":{"footnotes":""},"categories":[2],"tags":[19,9784,9680,9783,69,3219,9785],"class_list":["post-14014","post","type-post","status-publish","format-standard","hentry","category-news","tag-civitavecchia","tag-csp","tag-fabrizio-lungarini","tag-maurizio-pica","tag-mobilita","tag-tecnobus","tag-unindustria-civitavecchia"],"_links":{"self":[{"href":"https:\/\/www.ilmondodeitreni.it\/blog\/index.php?rest_route=\/wp\/v2\/posts\/14014","targetHints":{"allow":["GET"]}}],"collection":[{"href":"https:\/\/www.ilmondodeitreni.it\/blog\/index.php?rest_route=\/wp\/v2\/posts"}],"about":[{"href":"https:\/\/www.ilmondodeitreni.it\/blog\/index.php?rest_route=\/wp\/v2\/types\/post"}],"author":[{"embeddable":true,"href":"https:\/\/www.ilmondodeitreni.it\/blog\/index.php?rest_route=\/wp\/v2\/users\/3"}],"replies":[{"embeddable":true,"href":"https:\/\/www.ilmondodeitreni.it\/blog\/index.php?rest_route=%2Fwp%2Fv2%2Fcomments&post=14014"}],"version-history":[{"count":1,"href":"https:\/\/www.ilmondodeitreni.it\/blog\/index.php?rest_route=\/wp\/v2\/posts\/14014\/revisions"}],"predecessor-version":[{"id":14015,"href":"https:\/\/www.ilmondodeitreni.it\/blog\/index.php?rest_route=\/wp\/v2\/posts\/14014\/revisions\/14015"}],"wp:attachment":[{"href":"https:\/\/www.ilmondodeitreni.it\/blog\/index.php?rest_route=%2Fwp%2Fv2%2Fmedia&parent=14014"}],"wp:term":[{"taxonomy":"category","embeddable":true,"href":"https:\/\/www.ilmondodeitreni.it\/blog\/index.php?rest_route=%2Fwp%2Fv2%2Fcategories&post=14014"},{"taxonomy":"post_tag","embeddable":true,"href":"https:\/\/www.ilmondodeitreni.it\/blog\/index.php?rest_route=%2Fwp%2Fv2%2Ftags&post=14014"}],"curies":[{"name":"wp","href":"https:\/\/api.w.org\/{rel}","templated":true}]}}