{"id":1397,"date":"2015-02-17T21:14:28","date_gmt":"2015-02-17T20:14:28","guid":{"rendered":"http:\/\/www.ilmondodeitreni.it\/blog\/?p=1397"},"modified":"2015-02-17T21:14:28","modified_gmt":"2015-02-17T20:14:28","slug":"svizzerainterruzioni-del-traffico-ferroviario-sulla-tratta-cadenazzo-luino-trasporti-sostitutivi-con-bus-dalle-ore-9-40-alle-13-40","status":"publish","type":"post","link":"https:\/\/www.ilmondodeitreni.it\/blog\/?p=1397","title":{"rendered":"Svizzera,interruzioni del traffico ferroviario sulla tratta Cadenazzo &#8211; Luino: Trasporti sostitutivi con bus dalle ore 9.40 alle 13.40"},"content":{"rendered":"<p style=\"text-align: justify;\"><a href=\"http:\/\/www.ilmondodeitreni.it\/blog\/wp-content\/uploads\/2015\/02\/11224_luzernverkehrshaus.jpg\"><img loading=\"lazy\" decoding=\"async\" class=\"alignleft size-thumbnail wp-image-1291\" src=\"http:\/\/www.ilmondodeitreni.it\/blog\/wp-content\/uploads\/2015\/02\/11224_luzernverkehrshaus-160x120.jpg\" alt=\"11224_luzernverkehrshaus\" width=\"160\" height=\"120\" srcset=\"https:\/\/www.ilmondodeitreni.it\/blog\/wp-content\/uploads\/2015\/02\/11224_luzernverkehrshaus-160x120.jpg 160w, https:\/\/www.ilmondodeitreni.it\/blog\/wp-content\/uploads\/2015\/02\/11224_luzernverkehrshaus.jpg 640w, https:\/\/www.ilmondodeitreni.it\/blog\/wp-content\/uploads\/2015\/02\/11224_luzernverkehrshaus-200x150.jpg 200w, https:\/\/www.ilmondodeitreni.it\/blog\/wp-content\/uploads\/2015\/02\/11224_luzernverkehrshaus-150x113.jpg 150w\" sizes=\"auto, (max-width: 160px) 100vw, 160px\" \/><\/a>I lavori di consolidamento della zona franosa programmati lungo la tratta ferroviaria tra Cadenazzo e Luino comportano la soppressione dei collegamenti Tilo S30 tra le due stazioni nella fascia oraria dalle 9.40 alle 13.40, dal luned\u00ec al sabato (escluso il mercoled\u00ec), a partire dal 23 febbraio 2015 al 4 aprile 2015. I collegamenti sono sostituiti con servizio bus tra Cadenazzo e Luino. I tempi di percorrenza dei bus sono di circa 15 minuti superiori rispetto al collegamento ferroviario S30. In arrivo a Bellinzona il ritardo previsto \u00e8 di circa 30 minuti, mentre per le destinazioni nazionali il ritardo varia tra i 30 e i 60 minuti circa. Le FFS consigliano ai viaggiatori diversamente abili che necessitano di assistenza per la salita e discesa dai mezzi di trasporto pubblico, di viaggiare possibilmente dopo le ore 13.40 (o di contattare il numero gratuito 0800 007 102 ) soprattutto perch\u00e9 sui bus sostitutivi non \u00e8 possibile caricare le carrozzine a motore. Il trasporto di biciclette sui bus non \u00e8 possibile. I viaggiatori sono informati sulle modifiche d\u2019orario per mezzo degli altoparlanti nelle stazioni e sui treni. Maggiori informazioni sono ottenibili presso gli sportelli ferroviari, alla pagina Internet <a href=\"http:\/\/www.ffs.ch\/166\">www.ffs.ch\/166<\/a> e, 24\/24 ore, tramite il RailService 0900 300 300 (CHF 1.19\/Min. dalla rete svizzera) e nell\u2019orario online su <a href=\"http:\/\/www.ffs.ch\/\">www.ffs.ch<\/a>. Le FFS si scusano in anticipo per gli eventuali disagi causati.<\/p>\n","protected":false},"excerpt":{"rendered":"<p>I lavori di consolidamento della zona franosa programmati lungo la tratta ferroviaria tra Cadenazzo e Luino comportano la soppressione dei collegamenti Tilo S30 tra le due stazioni nella fascia oraria dalle 9.40 alle 13.40, dal luned\u00ec al sabato (escluso il mercoled\u00ec), a partire dal 23 febbraio 2015 al 4 aprile 2015. I collegamenti sono sostituiti con servizio bus tra Cadenazzo e Luino. I tempi di percorrenza dei bus sono di\u2026<\/p>\n<p class=\"continue-reading-button\"> <a class=\"continue-reading-link\" href=\"https:\/\/www.ilmondodeitreni.it\/blog\/?p=1397\">Continua la lettura<i class=\"crycon-right-dir\"><\/i><\/a><\/p>\n","protected":false},"author":6,"featured_media":0,"comment_status":"open","ping_status":"open","sticky":false,"template":"","format":"standard","meta":{"footnotes":""},"categories":[11],"tags":[523,1028,35,1029,1027,37,86],"class_list":["post-1397","post","type-post","status-publish","format-standard","hentry","category-news-estero","tag-bellinzona","tag-cadenazzo","tag-ffs","tag-luino","tag-railservice","tag-svizzera","tag-tilo"],"_links":{"self":[{"href":"https:\/\/www.ilmondodeitreni.it\/blog\/index.php?rest_route=\/wp\/v2\/posts\/1397","targetHints":{"allow":["GET"]}}],"collection":[{"href":"https:\/\/www.ilmondodeitreni.it\/blog\/index.php?rest_route=\/wp\/v2\/posts"}],"about":[{"href":"https:\/\/www.ilmondodeitreni.it\/blog\/index.php?rest_route=\/wp\/v2\/types\/post"}],"author":[{"embeddable":true,"href":"https:\/\/www.ilmondodeitreni.it\/blog\/index.php?rest_route=\/wp\/v2\/users\/6"}],"replies":[{"embeddable":true,"href":"https:\/\/www.ilmondodeitreni.it\/blog\/index.php?rest_route=%2Fwp%2Fv2%2Fcomments&post=1397"}],"version-history":[{"count":1,"href":"https:\/\/www.ilmondodeitreni.it\/blog\/index.php?rest_route=\/wp\/v2\/posts\/1397\/revisions"}],"predecessor-version":[{"id":1398,"href":"https:\/\/www.ilmondodeitreni.it\/blog\/index.php?rest_route=\/wp\/v2\/posts\/1397\/revisions\/1398"}],"wp:attachment":[{"href":"https:\/\/www.ilmondodeitreni.it\/blog\/index.php?rest_route=%2Fwp%2Fv2%2Fmedia&parent=1397"}],"wp:term":[{"taxonomy":"category","embeddable":true,"href":"https:\/\/www.ilmondodeitreni.it\/blog\/index.php?rest_route=%2Fwp%2Fv2%2Fcategories&post=1397"},{"taxonomy":"post_tag","embeddable":true,"href":"https:\/\/www.ilmondodeitreni.it\/blog\/index.php?rest_route=%2Fwp%2Fv2%2Ftags&post=1397"}],"curies":[{"name":"wp","href":"https:\/\/api.w.org\/{rel}","templated":true}]}}