{"id":13926,"date":"2022-10-18T20:00:59","date_gmt":"2022-10-18T18:00:59","guid":{"rendered":"http:\/\/www.ilmondodeitreni.it\/blog\/?p=13926"},"modified":"2022-10-20T22:53:38","modified_gmt":"2022-10-20T20:53:38","slug":"mims-rfi-regione-toscana-regione-umbria-il-ministro-giovannini-firma-il-protocollo-per-migliorare-il-collegamento-dei-territori-dellumbria-e-della-toscana-alla-linea-ferroviaria-av-ac","status":"publish","type":"post","link":"https:\/\/www.ilmondodeitreni.it\/blog\/?p=13926","title":{"rendered":"MIMS, RFI, Regione Toscana, Regione Umbria &#8211; Il Ministro Giovannini firma il Protocollo per migliorare il collegamento dei territori dell\u2019Umbria e della Toscana alla linea ferroviaria AV\/AC"},"content":{"rendered":"<div class=\"section-container section-container--fixed\">\n<div class=\"article\">\n<div class=\"text parbase section\">\n<div class=\"article--text\">\n<p style=\"text-align: justify;\"><a href=\"http:\/\/www.ilmondodeitreni.it\/blog\/wp-content\/uploads\/2018\/12\/etr600termini.jpg\"><img loading=\"lazy\" decoding=\"async\" class=\"alignleft size-thumbnail wp-image-8344\" src=\"http:\/\/www.ilmondodeitreni.it\/blog\/wp-content\/uploads\/2018\/12\/etr600termini-160x120.jpg\" alt=\"\" width=\"160\" height=\"120\" srcset=\"https:\/\/www.ilmondodeitreni.it\/blog\/wp-content\/uploads\/2018\/12\/etr600termini-160x120.jpg 160w, https:\/\/www.ilmondodeitreni.it\/blog\/wp-content\/uploads\/2018\/12\/etr600termini-200x150.jpg 200w, https:\/\/www.ilmondodeitreni.it\/blog\/wp-content\/uploads\/2018\/12\/etr600termini.jpg 640w, https:\/\/www.ilmondodeitreni.it\/blog\/wp-content\/uploads\/2018\/12\/etr600termini-150x113.jpg 150w\" sizes=\"auto, (max-width: 160px) 100vw, 160px\" \/><\/a>Per migliorare il collegamento dei territori dell\u2019<b>Umbria<\/b>\u00a0e del\u00a0<b>Centro-Sud della Toscana<\/b>\u00a0con la linea ad\u00a0<b>Alta Velocit\u00e0\/Alta Capacit\u00e0<\/b>\u00a0(AV\/AC) ferroviaria, il Ministro delle Infrastrutture e della Mobilit\u00e0 Sostenibili,\u00a0<b>Enrico Giovannini<\/b>, i Presidenti della Regione Toscana,\u00a0<b>Eugenio Giani<\/b>, e della Regione Umbria,\u00a0<b>Donatella Tesei<\/b>, e l\u2019Amministratrice Delegata di Rete Ferrovia Italiana (Gruppo Fs),\u00a0<b>Vera Fiorani<\/b>, hanno firmato un\u00a0<b>Protocollo d\u2019Intesa<\/b>\u00a0che ha l\u2019obiettivo di individuare la migliore soluzione per\u00a0<b>collegare<\/b>\u00a0le aree delle due Regioni ai\u00a0<b>servizi AV\/AC\u00a0<\/b>realizzando la\u00a0<b>nuova stazione \u2018Medio Etruria\u2019<\/b>. Il Protocollo prevede l\u2019istituzione di un Tavolo Tecnico, che dovr\u00e0 valutare le diverse ipotesi per la realizzazione della nuova stazione sulla linea direttissima Firenze-Roma. In particolare, dovranno essere prodotte analisi tecniche approfondite per mettere a confronto le varie soluzioni per la localizzazione della stazione, anche alla luce della domanda di mobilit\u00e0 delle diverse aree territoriali e le ricadute sociali ed economiche delle diverse ipotesi. Il\u00a0<b>Tavolo tecnico<\/b>\u00a0terminer\u00e0 i lavori entro sei mesi dalla firma del Protocollo, a meno di un\u2019intesa tra le parti per prorogare la sua attivit\u00e0.<\/p>\n<p style=\"text-align: justify;\">Per il\u00a0<b>Ministro Giovannini<\/b>\u00a0\u201cl\u2019iniziativa punta ad aumentare l\u2019accessibilit\u00e0 al servizio ferroviario AV\/AC di chi vive e lavora in aree importanti del Centro Italia, territori ricchi di cultura e di potenzialit\u00e0 di sviluppo economico, non solo nel settore turistico. Grazie all\u2019istituzione del Tavolo, frutto della forte collaborazione costruita con ambedue le Regioni, vogliamo individuare, con un metodo rigoroso e condiviso, la soluzione pi\u00f9 adatta sul piano dell\u2019interesse generale\u201d.<\/p>\n<p style=\"text-align: justify;\">La\u00a0<b>Presidente della Regione Umbria Tesei\u00a0<\/b>ha sottolineato come il Protocollo rappresenti &#8220;un nuovo importante tassello nel quadro dei trasporti regionali, che permetter\u00e0 l\u2019individuazione di un sito funzionale e adeguato per la nuova stazione \u2018Medio Etruria\u2019 intercettando la linea ad alta velocit\u00e0 sulla direttrice Roma-Firenze, al fine di poter collegare rapidamente l\u2019Umbria sia verso Sud che verso Nord. Un ulteriore passo in avanti verso l\u2019inversione di tendenza che sta portato al superamento dell\u2019isolamento infrastrutturale vissuto dalla nostra regione\u201d.<\/p>\n<p style=\"text-align: justify;\">Il\u00a0<b>Presidente della Regione Toscana Giani\u00a0<\/b>ha precisato che \u201cl&#8217;ampliamento delle connessioni della Toscana al sistema dell\u2019Alta Velocit\u00e0 \u00e8 di importanza strategica. Attendiamo con fiducia la ripartenza dei lavori del nodo AV di Firenze e, nel contempo, siamo convinti della necessit\u00e0 di dare un rinnovato impulso attraverso il protocollo firmato oggi alle verifiche di fattibilit\u00e0 della nuova Stazione Medio Etruria da effettuare in raccordo con il Ministero delle Infrastrutture, con RFI e con la Regione Umbria. La nuova stazione migliorer\u00e0 l&#8217;accessibilit\u00e0 del territorio regionale e i collegamenti con il sistema nazionale dell&#8217;Alta Velocit\u00e0. Il lavoro che si prospetta \u00e8 di natura tecnica per valutare pro e contro delle possibili soluzioni ove si pu\u00f2 prevedere la stazione fra l\u2019Alta valle dell\u2019Arno e la Valdichiana, gli approfondimenti tecnici metteranno in condizione la politica di individuare la collocazione della stazione e le interconnessioni con la viabilit\u00e0 stradale e ferroviaria\u201d.<\/p>\n<p style=\"text-align: justify;\">L\u2019<b>Amministratrice Delegata di RFI Fiorani<\/b>, da parte sua, ha dichiarato che \u201cla firma del Protocollo contribuisce in modo significativo allo sviluppo delle infrastrutture e della mobilit\u00e0 dei territori interessati. Una nuova stazione, come la Medio Etruria, consentir\u00e0 una migliore accessibilit\u00e0 e intermodalit\u00e0 nei collegamenti dell&#8217;Italia centrale\u201d.<\/p>\n<\/div>\n<\/div>\n<\/div>\n<\/div>\n<div class=\"section-container section-container--fixed\">\n<div class=\"section-hr-container\"><\/div>\n<\/div>\n","protected":false},"excerpt":{"rendered":"<p>Per migliorare il collegamento dei territori dell\u2019Umbria\u00a0e del\u00a0Centro-Sud della Toscana\u00a0con la linea ad\u00a0Alta Velocit\u00e0\/Alta Capacit\u00e0\u00a0(AV\/AC) ferroviaria, il Ministro delle Infrastrutture e della Mobilit\u00e0 Sostenibili,\u00a0Enrico Giovannini, i Presidenti della Regione Toscana,\u00a0Eugenio Giani, e della Regione Umbria,\u00a0Donatella Tesei, e l\u2019Amministratrice Delegata di Rete Ferrovia Italiana (Gruppo Fs),\u00a0Vera Fiorani, hanno firmato un\u00a0Protocollo d\u2019Intesa\u00a0che ha l\u2019obiettivo di individuare la migliore soluzione per\u00a0collegare\u00a0le aree delle due Regioni ai\u00a0servizi AV\/AC\u00a0realizzando la\u00a0nuova stazione \u2018Medio Etruria\u2019. Il Protocollo\u2026<\/p>\n<p class=\"continue-reading-button\"> <a class=\"continue-reading-link\" href=\"https:\/\/www.ilmondodeitreni.it\/blog\/?p=13926\">Continua la lettura<i class=\"crycon-right-dir\"><\/i><\/a><\/p>\n","protected":false},"author":1,"featured_media":0,"comment_status":"open","ping_status":"open","sticky":false,"template":"","format":"standard","meta":{"footnotes":""},"categories":[2],"tags":[179,7764,9137,8476,5,9136,34,39,438,9096],"class_list":["post-13926","post","type-post","status-publish","format-standard","hentry","category-news","tag-alta-velocita","tag-donatella-tesei","tag-enrico-giovannini","tag-eugenio-giani","tag-ferrovie","tag-ministro-delle-infrastrutture-e-della-mobilita-sostenibili","tag-rfi","tag-toscana","tag-umbria","tag-vera-fiorani"],"_links":{"self":[{"href":"https:\/\/www.ilmondodeitreni.it\/blog\/index.php?rest_route=\/wp\/v2\/posts\/13926","targetHints":{"allow":["GET"]}}],"collection":[{"href":"https:\/\/www.ilmondodeitreni.it\/blog\/index.php?rest_route=\/wp\/v2\/posts"}],"about":[{"href":"https:\/\/www.ilmondodeitreni.it\/blog\/index.php?rest_route=\/wp\/v2\/types\/post"}],"author":[{"embeddable":true,"href":"https:\/\/www.ilmondodeitreni.it\/blog\/index.php?rest_route=\/wp\/v2\/users\/1"}],"replies":[{"embeddable":true,"href":"https:\/\/www.ilmondodeitreni.it\/blog\/index.php?rest_route=%2Fwp%2Fv2%2Fcomments&post=13926"}],"version-history":[{"count":1,"href":"https:\/\/www.ilmondodeitreni.it\/blog\/index.php?rest_route=\/wp\/v2\/posts\/13926\/revisions"}],"predecessor-version":[{"id":13927,"href":"https:\/\/www.ilmondodeitreni.it\/blog\/index.php?rest_route=\/wp\/v2\/posts\/13926\/revisions\/13927"}],"wp:attachment":[{"href":"https:\/\/www.ilmondodeitreni.it\/blog\/index.php?rest_route=%2Fwp%2Fv2%2Fmedia&parent=13926"}],"wp:term":[{"taxonomy":"category","embeddable":true,"href":"https:\/\/www.ilmondodeitreni.it\/blog\/index.php?rest_route=%2Fwp%2Fv2%2Fcategories&post=13926"},{"taxonomy":"post_tag","embeddable":true,"href":"https:\/\/www.ilmondodeitreni.it\/blog\/index.php?rest_route=%2Fwp%2Fv2%2Ftags&post=13926"}],"curies":[{"name":"wp","href":"https:\/\/api.w.org\/{rel}","templated":true}]}}