{"id":13887,"date":"2022-09-19T16:24:20","date_gmt":"2022-09-19T14:24:20","guid":{"rendered":"http:\/\/www.ilmondodeitreni.it\/blog\/?p=13887"},"modified":"2022-09-24T22:27:28","modified_gmt":"2022-09-24T20:27:28","slug":"gts-rafforza-traffici-centro-italia-spinta-per-il-sud-nuova-tratta-jesi-bologna","status":"publish","type":"post","link":"https:\/\/www.ilmondodeitreni.it\/blog\/?p=13887","title":{"rendered":"Gts rafforza traffici centro Italia. Spinta per il Sud. Nuova tratta Jesi-Bologna"},"content":{"rendered":"<p style=\"text-align: justify;\"><a href=\"http:\/\/www.ilmondodeitreni.it\/blog\/wp-content\/uploads\/2017\/12\/loco-GTS.jpg\"><img loading=\"lazy\" decoding=\"async\" class=\"alignleft size-thumbnail wp-image-6848\" src=\"http:\/\/www.ilmondodeitreni.it\/blog\/wp-content\/uploads\/2017\/12\/loco-GTS-160x107.jpg\" alt=\"\" width=\"160\" height=\"107\" srcset=\"https:\/\/www.ilmondodeitreni.it\/blog\/wp-content\/uploads\/2017\/12\/loco-GTS-160x107.jpg 160w, https:\/\/www.ilmondodeitreni.it\/blog\/wp-content\/uploads\/2017\/12\/loco-GTS-640x427.jpg 640w, https:\/\/www.ilmondodeitreni.it\/blog\/wp-content\/uploads\/2017\/12\/loco-GTS-1024x683.jpg 1024w, https:\/\/www.ilmondodeitreni.it\/blog\/wp-content\/uploads\/2017\/12\/loco-GTS-225x150.jpg 225w, https:\/\/www.ilmondodeitreni.it\/blog\/wp-content\/uploads\/2017\/12\/loco-GTS-300x200.jpg 300w, https:\/\/www.ilmondodeitreni.it\/blog\/wp-content\/uploads\/2017\/12\/loco-GTS-150x100.jpg 150w\" sizes=\"auto, (max-width: 160px) 100vw, 160px\" \/><\/a>Gts, l\u2019operatore privato barese del trasporto intermodale merci ferroviario nazionale e internazionale rafforza ulteriormente il proprio impegno tra il Sud e il centro Italia guardando ai traffici nord-europei e, soprattutto, alla sostenibilit\u00e0 ambientale. Parte la nuova tratta Brindisi-Jesi-Bologna che consentir\u00e0 di togliere dalla strada oltre 8mila tir l\u2019anno con notevoli risparmi in termini di emissioni di Co2 e carburante.<\/p>\n<p style=\"text-align: justify;\">\u201cA partire dal prossimo 26 settembre \u2013 spiega il Gruppo \u2013 verr\u00e0 rinforzata la gi\u00e0 consolidata tratta Brindisi \u2013 Jesi e, grazie al nuovo collegamento Jesi \u2013 Bologna, daremo la possibilit\u00e0 a tutte le aziende salentine, umbre, marchigiane e abruzzesi di spedire da e verso il Nord Europa e di raggiungere velocemente il Sud Italia.<\/p>\n<p style=\"text-align: justify;\">Questa nuova tratta sar\u00e0 dunque una valida alternativa al trasporto tutto-gomma, modalit\u00e0 dominante nelle zone centrali, per collegare la Puglia con le Marche, Umbria, Abruzzo ed Emilia-Romagna. Lo stesso treno proseguir\u00e0 per Bologna e consentir\u00e0 alle merci di procedere per l\u2019 Olanda, Belgio o Uk-Irlanda. Da Bari, invece, si potranno sfruttare i collegamenti via traghetto per la Grecia, Turchia e Albania.<\/p>\n<p style=\"text-align: justify;\">La frequenza del Brindisi-Jesi sar\u00e0 quindi di 2 circolazioni a settimana, il marted\u00ec e il gioved\u00ec e quella dello Jesi \u2013 Bologna sar\u00e0 di 1 circolazione con partenza il venerd\u00ec da Jesi e sabato da Bologna.<\/p>\n<p style=\"text-align: justify;\">Ogni treno movimenter\u00e0 1000 tonnellate di merci, le industrie interessate legno, plastica, carta e alimentari.<\/p>\n<p style=\"text-align: justify;\">Sar\u00e0 possibile acquistare il servizio door2door, utilizzando la flotta di 3.000 container 45\u2032 di propriet\u00e0 di Gts. Chi possiede proprie unit\u00e0 di carico, invece, potr\u00e0 usufruire dei servizi terminal to terminal e i clienti potranno prenotare i propri servizi online.<\/p>\n","protected":false},"excerpt":{"rendered":"<p>Gts, l\u2019operatore privato barese del trasporto intermodale merci ferroviario nazionale e internazionale rafforza ulteriormente il proprio impegno tra il Sud e il centro Italia guardando ai traffici nord-europei e, soprattutto, alla sostenibilit\u00e0 ambientale. Parte la nuova tratta Brindisi-Jesi-Bologna che consentir\u00e0 di togliere dalla strada oltre 8mila tir l\u2019anno con notevoli risparmi in termini di emissioni di Co2 e carburante. \u201cA partire dal prossimo 26 settembre \u2013 spiega il Gruppo \u2013\u2026<\/p>\n<p class=\"continue-reading-button\"> <a class=\"continue-reading-link\" href=\"https:\/\/www.ilmondodeitreni.it\/blog\/?p=13887\">Continua la lettura<i class=\"crycon-right-dir\"><\/i><\/a><\/p>\n","protected":false},"author":2,"featured_media":0,"comment_status":"open","ping_status":"open","sticky":false,"template":"","format":"standard","meta":{"footnotes":""},"categories":[2],"tags":[5,4406,1095,29],"class_list":["post-13887","post","type-post","status-publish","format-standard","hentry","category-news","tag-ferrovie","tag-gts","tag-logistica","tag-trasporti"],"_links":{"self":[{"href":"https:\/\/www.ilmondodeitreni.it\/blog\/index.php?rest_route=\/wp\/v2\/posts\/13887","targetHints":{"allow":["GET"]}}],"collection":[{"href":"https:\/\/www.ilmondodeitreni.it\/blog\/index.php?rest_route=\/wp\/v2\/posts"}],"about":[{"href":"https:\/\/www.ilmondodeitreni.it\/blog\/index.php?rest_route=\/wp\/v2\/types\/post"}],"author":[{"embeddable":true,"href":"https:\/\/www.ilmondodeitreni.it\/blog\/index.php?rest_route=\/wp\/v2\/users\/2"}],"replies":[{"embeddable":true,"href":"https:\/\/www.ilmondodeitreni.it\/blog\/index.php?rest_route=%2Fwp%2Fv2%2Fcomments&post=13887"}],"version-history":[{"count":1,"href":"https:\/\/www.ilmondodeitreni.it\/blog\/index.php?rest_route=\/wp\/v2\/posts\/13887\/revisions"}],"predecessor-version":[{"id":13888,"href":"https:\/\/www.ilmondodeitreni.it\/blog\/index.php?rest_route=\/wp\/v2\/posts\/13887\/revisions\/13888"}],"wp:attachment":[{"href":"https:\/\/www.ilmondodeitreni.it\/blog\/index.php?rest_route=%2Fwp%2Fv2%2Fmedia&parent=13887"}],"wp:term":[{"taxonomy":"category","embeddable":true,"href":"https:\/\/www.ilmondodeitreni.it\/blog\/index.php?rest_route=%2Fwp%2Fv2%2Fcategories&post=13887"},{"taxonomy":"post_tag","embeddable":true,"href":"https:\/\/www.ilmondodeitreni.it\/blog\/index.php?rest_route=%2Fwp%2Fv2%2Ftags&post=13887"}],"curies":[{"name":"wp","href":"https:\/\/api.w.org\/{rel}","templated":true}]}}